{"id":79189,"date":"2026-01-27T15:10:40","date_gmt":"2026-01-27T14:10:40","guid":{"rendered":"https:\/\/www.eliterent.com\/rent-a-luxury-car-for-the-olympic-winter-games\/"},"modified":"2026-01-28T16:02:23","modified_gmt":"2026-01-28T15:02:23","slug":"louez-voiture-de-luxe-jeux-olympiques-dhiver","status":"publish","type":"post","link":"https:\/\/www.eliterent.com\/fr\/louez-voiture-de-luxe-jeux-olympiques-dhiver\/","title":{"rendered":"Louez une voiture de luxe pour les Jeux olympiques d&rsquo;hiver"},"content":{"rendered":"<h5>Louez une voiture de luxe pour les Jeux olympiques d&rsquo;hiver<\/h5>\n<p>Louez une voiture de luxe pour les Jeux olympiques d&rsquo;hiver Milano Cortina 2026 avec Elite Rent. Choisissez parmi une s\u00e9lection de marques telles que Range Rover, BMW, Mercedes-Benz, Porsche et bien d&rsquo;autres. Que vous atterrissiez \u00e0 Milan, Munich, Prague, Zurich ou Gen\u00e8ve, nous pouvons vous livrer votre voiture \u00e0 l&rsquo;a\u00e9roport. Si vous \u00eates d\u00e9j\u00e0 sur place, nous pouvons livrer votre voiture de location \u00e0 votre h\u00f4tel gr\u00e2ce \u00e0 notre option de livraison et de collecte personnalis\u00e9e.<\/p>\n<h5>Une exp\u00e9rience sans faille<\/h5>\n<p>Louer une voiture de luxe pour les Jeux olympiques d&rsquo;hiver Milano Cortina 2026 est le moyen id\u00e9al pour vivre cet \u00e9v\u00e9nement sportif historique dans le confort, le style et l&rsquo;exclusivit\u00e9. Les comp\u00e9titions se d\u00e9roulant \u00e0 Milan, Cortina d&rsquo;Ampezzo et dans les Alpes italiennes \u00e0 couper le souffle, disposer d&rsquo;un moyen de transport haut de gamme vous permet de vous d\u00e9placer sans effort entre les diff\u00e9rents sites tout en profitant de la beaut\u00e9 du nord de l&rsquo;Italie.<\/p>\n<p>La location de voitures de luxe offre aux visiteurs une exp\u00e9rience de voyage de premi\u00e8re classe, alliant performance, \u00e9l\u00e9gance et commodit\u00e9. Que vous choisissiez une berline haut de gamme, un coup\u00e9 sportif ou un SUV ex\u00e9cutif, conduire un v\u00e9hicule de luxe vous permet d&rsquo;arriver aux \u00e9preuves olympiques avec sophistication et aisance. Ces v\u00e9hicules sont \u00e9quip\u00e9s de technologies de pointe, d&rsquo;int\u00e9rieurs chauffants, de si\u00e8ges en cuir haut de gamme et de syst\u00e8mes de navigation de pointe, id\u00e9aux pour les voyages hivernaux dans les conditions alpines.<\/p>\n<p>Pendant Milano Cortina 2026, la demande en mati\u00e8re de transport sera extr\u00eamement \u00e9lev\u00e9e. Louer une voiture de luxe offre une flexibilit\u00e9 bien sup\u00e9rieure \u00e0 celle des transports publics bond\u00e9s, vous donnant la libert\u00e9 d&rsquo;explorer les stations de ski, les villages de montagne, les restaurants gastronomiques et les sites embl\u00e9matiques de toute la r\u00e9gion. C&rsquo;est \u00e9galement le choix id\u00e9al pour les invit\u00e9s VIP, les voyageurs d&rsquo;affaires et les familles en qu\u00eate de confort et d&rsquo;espace.<\/p>\n<p>La location d&rsquo;une voiture de luxe garantit la s\u00e9curit\u00e9 sur les routes enneig\u00e9es gr\u00e2ce \u00e0 des \u00e9quipements tels que la transmission int\u00e9grale, le r\u00e9gulateur de vitesse adaptatif et une maniabilit\u00e9 sup\u00e9rieure. De l&rsquo;atmosph\u00e8re anim\u00e9e de Milan aux pistes de ski mondialement connues de Cortina, chaque trajet devient une partie int\u00e9grante de l&rsquo;aventure olympique.<\/p>\n<p>R\u00e9servez t\u00f4t votre voiture de luxe pour les Jeux olympiques d&rsquo;hiver Milano Cortina 2026 et profitez d&rsquo;un voyage haut de gamme, de paysages inoubliables et d&rsquo;une exp\u00e9rience de conduite ultime lors de l&rsquo;un des \u00e9v\u00e9nements les plus passionnants au monde.<\/p>\n","protected":false},"excerpt":{"rendered":"<p>Louez une voiture de luxe pour les Jeux olympiques d&rsquo;hiver Louez une voiture de luxe pour les Jeux olympiques d&rsquo;hiver Milano Cortina 2026 avec Elite Rent. Choisissez parmi une s\u00e9lection de marques telles que Range Rover, BMW, Mercedes-Benz, Porsche et bien d&rsquo;autres. Que vous atterrissiez \u00e0 Milan, Munich, Prague, Zurich ou Gen\u00e8ve, nous pouvons vous [&hellip;]<\/p>\n","protected":false},"author":6,"featured_media":79179,"comment_status":"open","ping_status":"open","sticky":false,"template":"","format":"standard","meta":{"_acf_changed":false,"site-sidebar-layout":"default","site-content-layout":"","ast-site-content-layout":"default","site-content-style":"default","site-sidebar-style":"default","ast-global-header-display":"","ast-banner-title-visibility":"","ast-main-header-display":"","ast-hfb-above-header-display":"","ast-hfb-below-header-display":"","ast-hfb-mobile-header-display":"","site-post-title":"","ast-breadcrumbs-content":"","ast-featured-img":"","footer-sml-layout":"","theme-transparent-header-meta":"default","adv-header-id-meta":"","stick-header-meta":"","header-above-stick-meta":"","header-main-stick-meta":"","header-below-stick-meta":"","astra-migrate-meta-layouts":"set","ast-page-background-enabled":"default","ast-page-background-meta":{"desktop":{"background-color":"","background-image":"","background-repeat":"repeat","background-position":"center center","background-size":"auto","background-attachment":"scroll","background-type":"","background-media":"","overlay-type":"","overlay-color":"","overlay-opacity":"","overlay-gradient":""},"tablet":{"background-color":"","background-image":"","background-repeat":"repeat","background-position":"center center","background-size":"auto","background-attachment":"scroll","background-type":"","background-media":"","overlay-type":"","overlay-color":"","overlay-opacity":"","overlay-gradient":""},"mobile":{"background-color":"","background-image":"","background-repeat":"repeat","background-position":"center center","background-size":"auto","background-attachment":"scroll","background-type":"","background-media":"","overlay-type":"","overlay-color":"","overlay-opacity":"","overlay-gradient":""}},"ast-content-background-meta":{"desktop":{"background-color":"var(--ast-global-color-5)","background-image":"","background-repeat":"repeat","background-position":"center center","background-size":"auto","background-attachment":"scroll","background-type":"","background-media":"","overlay-type":"","overlay-color":"","overlay-opacity":"","overlay-gradient":""},"tablet":{"background-color":"var(--ast-global-color-5)","background-image":"","background-repeat":"repeat","background-position":"center center","background-size":"auto","background-attachment":"scroll","background-type":"","background-media":"","overlay-type":"","overlay-color":"","overlay-opacity":"","overlay-gradient":""},"mobile":{"background-color":"var(--ast-global-color-5)","background-image":"","background-repeat":"repeat","background-position":"center center","background-size":"auto","background-attachment":"scroll","background-type":"","background-media":"","overlay-type":"","overlay-color":"","overlay-opacity":"","overlay-gradient":""}},"footnotes":""},"categories":[820],"tags":[],"class_list":["post-79189","post","type-post","status-publish","format-standard","has-post-thumbnail","hentry","category-non-classifiee"],"acf":[],"yoast_head":"<!-- This site is optimized with the Yoast SEO plugin v27.4 - https:\/\/yoast.com\/product\/yoast-seo-wordpress\/ -->\n<title>Louez une voiture de luxe pour les Jeux olympiques d&#039;hiver avec Elite Rent<\/title>\n<meta name=\"description\" content=\"Louez une voiture de luxe pour les Jeux olympiques d&#039;hiver avec Elite Rent - Voitures disponible \u00e0 Milan, Cortina, Munich, Prague, Zurich ou Gen\u00e8ve\" \/>\n<meta name=\"robots\" content=\"index, follow, max-snippet:-1, max-image-preview:large, max-video-preview:-1\" \/>\n<link rel=\"canonical\" href=\"https:\/\/www.eliterent.com\/rent-a-luxury-car-for-the-olympic-winter-games\/\" \/>\n<meta property=\"og:locale\" content=\"fr_FR\" \/>\n<meta property=\"og:type\" content=\"article\" \/>\n<meta property=\"og:title\" content=\"Louez une voiture de luxe pour les Jeux olympiques d&#039;hiver avec Elite Rent\" \/>\n<meta property=\"og:description\" content=\"Louez une voiture de luxe pour les Jeux olympiques d&#039;hiver avec Elite Rent - Voitures disponible \u00e0 Milan, Cortina, Munich, Prague, Zurich ou Gen\u00e8ve\" \/>\n<meta property=\"og:url\" content=\"https:\/\/www.eliterent.com\/rent-a-luxury-car-for-the-olympic-winter-games\/\" \/>\n<meta property=\"og:site_name\" content=\"Elite Rent\" \/>\n<meta property=\"article:published_time\" content=\"2026-01-27T14:10:40+00:00\" \/>\n<meta property=\"article:modified_time\" content=\"2026-01-28T15:02:23+00:00\" \/>\n<meta property=\"og:image\" content=\"https:\/\/www.eliterent.com\/wp-content\/uploads\/2026\/01\/Olympics_Banner_Cayenne_Bob.jpg\" \/>\n\t<meta property=\"og:image:width\" content=\"2000\" \/>\n\t<meta property=\"og:image:height\" content=\"1200\" \/>\n\t<meta property=\"og:image:type\" content=\"image\/jpeg\" \/>\n<meta name=\"author\" content=\"Anthony Eschler\" \/>\n<meta name=\"twitter:card\" content=\"summary_large_image\" \/>\n<script type=\"application\/ld+json\" class=\"yoast-schema-graph\">{\"@context\":\"https:\\\/\\\/schema.org\",\"@graph\":[{\"@type\":\"Article\",\"@id\":\"https:\\\/\\\/www.eliterent.com\\\/rent-a-luxury-car-for-the-olympic-winter-games\\\/#article\",\"isPartOf\":{\"@id\":\"https:\\\/\\\/www.eliterent.com\\\/rent-a-luxury-car-for-the-olympic-winter-games\\\/\"},\"author\":{\"name\":\"Anthony Eschler\",\"@id\":\"https:\\\/\\\/www.eliterent.com\\\/#\\\/schema\\\/person\\\/7afdc7b8834b55a1ed893961ab071a65\"},\"headline\":\"Louez une voiture de luxe pour les Jeux olympiques d&rsquo;hiver\",\"datePublished\":\"2026-01-27T14:10:40+00:00\",\"dateModified\":\"2026-01-28T15:02:23+00:00\",\"mainEntityOfPage\":{\"@id\":\"https:\\\/\\\/www.eliterent.com\\\/rent-a-luxury-car-for-the-olympic-winter-games\\\/\"},\"wordCount\":486,\"commentCount\":0,\"publisher\":{\"@id\":\"https:\\\/\\\/www.eliterent.com\\\/#organization\"},\"image\":{\"@id\":\"https:\\\/\\\/www.eliterent.com\\\/rent-a-luxury-car-for-the-olympic-winter-games\\\/#primaryimage\"},\"thumbnailUrl\":\"https:\\\/\\\/www.eliterent.com\\\/wp-content\\\/uploads\\\/2026\\\/01\\\/Olympics_Banner_Cayenne_Bob.jpg\",\"articleSection\":[\"Non classifi\u00e9(e)\"],\"inLanguage\":\"fr-FR\",\"potentialAction\":[{\"@type\":\"CommentAction\",\"name\":\"Comment\",\"target\":[\"https:\\\/\\\/www.eliterent.com\\\/rent-a-luxury-car-for-the-olympic-winter-games\\\/#respond\"]}]},{\"@type\":\"WebPage\",\"@id\":\"https:\\\/\\\/www.eliterent.com\\\/rent-a-luxury-car-for-the-olympic-winter-games\\\/\",\"url\":\"https:\\\/\\\/www.eliterent.com\\\/rent-a-luxury-car-for-the-olympic-winter-games\\\/\",\"name\":\"Louez une voiture de luxe pour les Jeux olympiques d'hiver avec Elite Rent\",\"isPartOf\":{\"@id\":\"https:\\\/\\\/www.eliterent.com\\\/#website\"},\"primaryImageOfPage\":{\"@id\":\"https:\\\/\\\/www.eliterent.com\\\/rent-a-luxury-car-for-the-olympic-winter-games\\\/#primaryimage\"},\"image\":{\"@id\":\"https:\\\/\\\/www.eliterent.com\\\/rent-a-luxury-car-for-the-olympic-winter-games\\\/#primaryimage\"},\"thumbnailUrl\":\"https:\\\/\\\/www.eliterent.com\\\/wp-content\\\/uploads\\\/2026\\\/01\\\/Olympics_Banner_Cayenne_Bob.jpg\",\"datePublished\":\"2026-01-27T14:10:40+00:00\",\"dateModified\":\"2026-01-28T15:02:23+00:00\",\"description\":\"Louez une voiture de luxe pour les Jeux olympiques d'hiver avec Elite Rent - Voitures disponible \u00e0 Milan, Cortina, Munich, Prague, Zurich ou Gen\u00e8ve\",\"breadcrumb\":{\"@id\":\"https:\\\/\\\/www.eliterent.com\\\/rent-a-luxury-car-for-the-olympic-winter-games\\\/#breadcrumb\"},\"inLanguage\":\"fr-FR\",\"potentialAction\":[{\"@type\":\"ReadAction\",\"target\":[\"https:\\\/\\\/www.eliterent.com\\\/rent-a-luxury-car-for-the-olympic-winter-games\\\/\"]}]},{\"@type\":\"ImageObject\",\"inLanguage\":\"fr-FR\",\"@id\":\"https:\\\/\\\/www.eliterent.com\\\/rent-a-luxury-car-for-the-olympic-winter-games\\\/#primaryimage\",\"url\":\"https:\\\/\\\/www.eliterent.com\\\/wp-content\\\/uploads\\\/2026\\\/01\\\/Olympics_Banner_Cayenne_Bob.jpg\",\"contentUrl\":\"https:\\\/\\\/www.eliterent.com\\\/wp-content\\\/uploads\\\/2026\\\/01\\\/Olympics_Banner_Cayenne_Bob.jpg\",\"width\":2000,\"height\":1200},{\"@type\":\"BreadcrumbList\",\"@id\":\"https:\\\/\\\/www.eliterent.com\\\/rent-a-luxury-car-for-the-olympic-winter-games\\\/#breadcrumb\",\"itemListElement\":[{\"@type\":\"ListItem\",\"position\":1,\"name\":\"Home\",\"item\":\"https:\\\/\\\/www.eliterent.com\\\/fr\\\/\"},{\"@type\":\"ListItem\",\"position\":2,\"name\":\"Louez un voiture de luxe pour les Jeux olympiques d&#8217;hiver\"}]},{\"@type\":\"WebSite\",\"@id\":\"https:\\\/\\\/www.eliterent.com\\\/#website\",\"url\":\"https:\\\/\\\/www.eliterent.com\\\/\",\"name\":\"Elite Rent\",\"description\":\"Rent a Car\",\"publisher\":{\"@id\":\"https:\\\/\\\/www.eliterent.com\\\/#organization\"},\"potentialAction\":[{\"@type\":\"SearchAction\",\"target\":{\"@type\":\"EntryPoint\",\"urlTemplate\":\"https:\\\/\\\/www.eliterent.com\\\/?s={search_term_string}\"},\"query-input\":{\"@type\":\"PropertyValueSpecification\",\"valueRequired\":true,\"valueName\":\"search_term_string\"}}],\"inLanguage\":\"fr-FR\"},{\"@type\":\"Organization\",\"@id\":\"https:\\\/\\\/www.eliterent.com\\\/#organization\",\"name\":\"Elite Rent\",\"url\":\"https:\\\/\\\/www.eliterent.com\\\/\",\"logo\":{\"@type\":\"ImageObject\",\"inLanguage\":\"fr-FR\",\"@id\":\"https:\\\/\\\/www.eliterent.com\\\/#\\\/schema\\\/logo\\\/image\\\/\",\"url\":\"https:\\\/\\\/www.eliterent.com\\\/wp-content\\\/uploads\\\/2020\\\/03\\\/Elite_Logo_NEW_2023_Final-1.png\",\"contentUrl\":\"https:\\\/\\\/www.eliterent.com\\\/wp-content\\\/uploads\\\/2020\\\/03\\\/Elite_Logo_NEW_2023_Final-1.png\",\"width\":828,\"height\":313,\"caption\":\"Elite Rent\"},\"image\":{\"@id\":\"https:\\\/\\\/www.eliterent.com\\\/#\\\/schema\\\/logo\\\/image\\\/\"}},{\"@type\":\"Person\",\"@id\":\"https:\\\/\\\/www.eliterent.com\\\/#\\\/schema\\\/person\\\/7afdc7b8834b55a1ed893961ab071a65\",\"name\":\"Anthony Eschler\",\"image\":{\"@type\":\"ImageObject\",\"inLanguage\":\"fr-FR\",\"@id\":\"https:\\\/\\\/secure.gravatar.com\\\/avatar\\\/2a38fa365cdc8cfec3d87e394c80abeab0df6f7e4b52eda611492b6df9196c7f?s=96&d=mm&r=g\",\"url\":\"https:\\\/\\\/secure.gravatar.com\\\/avatar\\\/2a38fa365cdc8cfec3d87e394c80abeab0df6f7e4b52eda611492b6df9196c7f?s=96&d=mm&r=g\",\"contentUrl\":\"https:\\\/\\\/secure.gravatar.com\\\/avatar\\\/2a38fa365cdc8cfec3d87e394c80abeab0df6f7e4b52eda611492b6df9196c7f?s=96&d=mm&r=g\",\"caption\":\"Anthony Eschler\"}}]}<\/script>\n<!-- \/ Yoast SEO plugin. -->","yoast_head_json":{"title":"Louez une voiture de luxe pour les Jeux olympiques d'hiver avec Elite Rent","description":"Louez une voiture de luxe pour les Jeux olympiques d'hiver avec Elite Rent - Voitures disponible \u00e0 Milan, Cortina, Munich, Prague, Zurich ou Gen\u00e8ve","robots":{"index":"index","follow":"follow","max-snippet":"max-snippet:-1","max-image-preview":"max-image-preview:large","max-video-preview":"max-video-preview:-1"},"canonical":"https:\/\/www.eliterent.com\/rent-a-luxury-car-for-the-olympic-winter-games\/","og_locale":"fr_FR","og_type":"article","og_title":"Louez une voiture de luxe pour les Jeux olympiques d'hiver avec Elite Rent","og_description":"Louez une voiture de luxe pour les Jeux olympiques d'hiver avec Elite Rent - Voitures disponible \u00e0 Milan, Cortina, Munich, Prague, Zurich ou Gen\u00e8ve","og_url":"https:\/\/www.eliterent.com\/rent-a-luxury-car-for-the-olympic-winter-games\/","og_site_name":"Elite Rent","article_published_time":"2026-01-27T14:10:40+00:00","article_modified_time":"2026-01-28T15:02:23+00:00","og_image":[{"width":2000,"height":1200,"url":"https:\/\/www.eliterent.com\/wp-content\/uploads\/2026\/01\/Olympics_Banner_Cayenne_Bob.jpg","type":"image\/jpeg"}],"author":"Anthony Eschler","twitter_card":"summary_large_image","schema":{"@context":"https:\/\/schema.org","@graph":[{"@type":"Article","@id":"https:\/\/www.eliterent.com\/rent-a-luxury-car-for-the-olympic-winter-games\/#article","isPartOf":{"@id":"https:\/\/www.eliterent.com\/rent-a-luxury-car-for-the-olympic-winter-games\/"},"author":{"name":"Anthony Eschler","@id":"https:\/\/www.eliterent.com\/#\/schema\/person\/7afdc7b8834b55a1ed893961ab071a65"},"headline":"Louez une voiture de luxe pour les Jeux olympiques d&rsquo;hiver","datePublished":"2026-01-27T14:10:40+00:00","dateModified":"2026-01-28T15:02:23+00:00","mainEntityOfPage":{"@id":"https:\/\/www.eliterent.com\/rent-a-luxury-car-for-the-olympic-winter-games\/"},"wordCount":486,"commentCount":0,"publisher":{"@id":"https:\/\/www.eliterent.com\/#organization"},"image":{"@id":"https:\/\/www.eliterent.com\/rent-a-luxury-car-for-the-olympic-winter-games\/#primaryimage"},"thumbnailUrl":"https:\/\/www.eliterent.com\/wp-content\/uploads\/2026\/01\/Olympics_Banner_Cayenne_Bob.jpg","articleSection":["Non classifi\u00e9(e)"],"inLanguage":"fr-FR","potentialAction":[{"@type":"CommentAction","name":"Comment","target":["https:\/\/www.eliterent.com\/rent-a-luxury-car-for-the-olympic-winter-games\/#respond"]}]},{"@type":"WebPage","@id":"https:\/\/www.eliterent.com\/rent-a-luxury-car-for-the-olympic-winter-games\/","url":"https:\/\/www.eliterent.com\/rent-a-luxury-car-for-the-olympic-winter-games\/","name":"Louez une voiture de luxe pour les Jeux olympiques d'hiver avec Elite Rent","isPartOf":{"@id":"https:\/\/www.eliterent.com\/#website"},"primaryImageOfPage":{"@id":"https:\/\/www.eliterent.com\/rent-a-luxury-car-for-the-olympic-winter-games\/#primaryimage"},"image":{"@id":"https:\/\/www.eliterent.com\/rent-a-luxury-car-for-the-olympic-winter-games\/#primaryimage"},"thumbnailUrl":"https:\/\/www.eliterent.com\/wp-content\/uploads\/2026\/01\/Olympics_Banner_Cayenne_Bob.jpg","datePublished":"2026-01-27T14:10:40+00:00","dateModified":"2026-01-28T15:02:23+00:00","description":"Louez une voiture de luxe pour les Jeux olympiques d'hiver avec Elite Rent - Voitures disponible \u00e0 Milan, Cortina, Munich, Prague, Zurich ou Gen\u00e8ve","breadcrumb":{"@id":"https:\/\/www.eliterent.com\/rent-a-luxury-car-for-the-olympic-winter-games\/#breadcrumb"},"inLanguage":"fr-FR","potentialAction":[{"@type":"ReadAction","target":["https:\/\/www.eliterent.com\/rent-a-luxury-car-for-the-olympic-winter-games\/"]}]},{"@type":"ImageObject","inLanguage":"fr-FR","@id":"https:\/\/www.eliterent.com\/rent-a-luxury-car-for-the-olympic-winter-games\/#primaryimage","url":"https:\/\/www.eliterent.com\/wp-content\/uploads\/2026\/01\/Olympics_Banner_Cayenne_Bob.jpg","contentUrl":"https:\/\/www.eliterent.com\/wp-content\/uploads\/2026\/01\/Olympics_Banner_Cayenne_Bob.jpg","width":2000,"height":1200},{"@type":"BreadcrumbList","@id":"https:\/\/www.eliterent.com\/rent-a-luxury-car-for-the-olympic-winter-games\/#breadcrumb","itemListElement":[{"@type":"ListItem","position":1,"name":"Home","item":"https:\/\/www.eliterent.com\/fr\/"},{"@type":"ListItem","position":2,"name":"Louez un voiture de luxe pour les Jeux olympiques d&#8217;hiver"}]},{"@type":"WebSite","@id":"https:\/\/www.eliterent.com\/#website","url":"https:\/\/www.eliterent.com\/","name":"Elite Rent","description":"Rent a Car","publisher":{"@id":"https:\/\/www.eliterent.com\/#organization"},"potentialAction":[{"@type":"SearchAction","target":{"@type":"EntryPoint","urlTemplate":"https:\/\/www.eliterent.com\/?s={search_term_string}"},"query-input":{"@type":"PropertyValueSpecification","valueRequired":true,"valueName":"search_term_string"}}],"inLanguage":"fr-FR"},{"@type":"Organization","@id":"https:\/\/www.eliterent.com\/#organization","name":"Elite Rent","url":"https:\/\/www.eliterent.com\/","logo":{"@type":"ImageObject","inLanguage":"fr-FR","@id":"https:\/\/www.eliterent.com\/#\/schema\/logo\/image\/","url":"https:\/\/www.eliterent.com\/wp-content\/uploads\/2020\/03\/Elite_Logo_NEW_2023_Final-1.png","contentUrl":"https:\/\/www.eliterent.com\/wp-content\/uploads\/2020\/03\/Elite_Logo_NEW_2023_Final-1.png","width":828,"height":313,"caption":"Elite Rent"},"image":{"@id":"https:\/\/www.eliterent.com\/#\/schema\/logo\/image\/"}},{"@type":"Person","@id":"https:\/\/www.eliterent.com\/#\/schema\/person\/7afdc7b8834b55a1ed893961ab071a65","name":"Anthony Eschler","image":{"@type":"ImageObject","inLanguage":"fr-FR","@id":"https:\/\/secure.gravatar.com\/avatar\/2a38fa365cdc8cfec3d87e394c80abeab0df6f7e4b52eda611492b6df9196c7f?s=96&d=mm&r=g","url":"https:\/\/secure.gravatar.com\/avatar\/2a38fa365cdc8cfec3d87e394c80abeab0df6f7e4b52eda611492b6df9196c7f?s=96&d=mm&r=g","contentUrl":"https:\/\/secure.gravatar.com\/avatar\/2a38fa365cdc8cfec3d87e394c80abeab0df6f7e4b52eda611492b6df9196c7f?s=96&d=mm&r=g","caption":"Anthony Eschler"}}]}},"_links":{"self":[{"href":"https:\/\/www.eliterent.com\/fr\/wp-json\/wp\/v2\/posts\/79189","targetHints":{"allow":["GET"]}}],"collection":[{"href":"https:\/\/www.eliterent.com\/fr\/wp-json\/wp\/v2\/posts"}],"about":[{"href":"https:\/\/www.eliterent.com\/fr\/wp-json\/wp\/v2\/types\/post"}],"author":[{"embeddable":true,"href":"https:\/\/www.eliterent.com\/fr\/wp-json\/wp\/v2\/users\/6"}],"replies":[{"embeddable":true,"href":"https:\/\/www.eliterent.com\/fr\/wp-json\/wp\/v2\/comments?post=79189"}],"version-history":[{"count":0,"href":"https:\/\/www.eliterent.com\/fr\/wp-json\/wp\/v2\/posts\/79189\/revisions"}],"wp:featuredmedia":[{"embeddable":true,"href":"https:\/\/www.eliterent.com\/fr\/wp-json\/wp\/v2\/media\/79179"}],"wp:attachment":[{"href":"https:\/\/www.eliterent.com\/fr\/wp-json\/wp\/v2\/media?parent=79189"}],"wp:term":[{"taxonomy":"category","embeddable":true,"href":"https:\/\/www.eliterent.com\/fr\/wp-json\/wp\/v2\/categories?post=79189"},{"taxonomy":"post_tag","embeddable":true,"href":"https:\/\/www.eliterent.com\/fr\/wp-json\/wp\/v2\/tags?post=79189"}],"curies":[{"name":"wp","href":"https:\/\/api.w.org\/{rel}","templated":true}]}}