{"id":79181,"date":"2026-01-27T11:51:24","date_gmt":"2026-01-27T10:51:24","guid":{"rendered":"https:\/\/www.eliterent.com\/rent-a-luxury-suv-for-the-olympic-winter-games\/"},"modified":"2026-01-27T14:39:23","modified_gmt":"2026-01-27T13:39:23","slug":"louez-suv-de-luxe-jeux-olympiques-dhiver","status":"publish","type":"post","link":"https:\/\/www.eliterent.com\/fr\/louez-suv-de-luxe-jeux-olympiques-dhiver\/","title":{"rendered":"Louez un SUV de luxe pour les Jeux olympiques d&rsquo;hiver"},"content":{"rendered":"<h5>Louez un SUV de luxe pour les Jeux olympiques d&rsquo;hiver<\/h5>\n<p>Louez un SUV de luxe pour les Jeux olympiques d&rsquo;hiver Milano Cortina 2026 avec Elite Rent. Choisissez parmi une s\u00e9lection de marques telles que Range Rover, BMW, Mercedes-Benz, Porsche et bien d&rsquo;autres. Que vous atterrissiez \u00e0 Milan, Munich, Prague, Zurich ou Gen\u00e8ve, nous pouvons vous livrer votre voiture \u00e0 l&rsquo;a\u00e9roport. Si vous \u00eates d\u00e9j\u00e0 \u00e0 Cortina, nous pouvons livrer votre voiture \u00e0 votre h\u00f4tel gr\u00e2ce \u00e0 notre option de livraison et de collecte personnalis\u00e9e.<\/p>\n<h5>Une exp\u00e9rience sans faille<\/h5>\n<p>Planifier un voyage pour les Jeux olympiques d&rsquo;hiver Milano Cortina 2026 est une exp\u00e9rience inoubliable. Choisissez le bon moyen de transport peut rendre votre voyage encore plus sp\u00e9cial. Louer un SUV de luxe est l&rsquo;un des meilleurs moyens de voyager dans le confort et en toute s\u00e9curit\u00e9. Explorez les magnifiques Alpes italiennes pendant cet \u00e9v\u00e9nement sportif de classe mondiale.<\/p>\n<p>Les SUV de luxe sont parfaits pour les conditions hivernales, offrant une transmission int\u00e9grale avanc\u00e9e. Ils offrent aussi une maniabilit\u00e9 sup\u00e9rieure sur les routes enneig\u00e9es et des caract\u00e9ristiques con\u00e7ues pour les voyages par temps froid. Que vous assistiez \u00e0 des comp\u00e9titions \u00e0 Milan, \u00e0 Cortina d&rsquo;Ampezzo ou dans les stations voisines, un SUV de luxe vous garantit d&rsquo;arriver d\u00e9tendu et pr\u00eat.<\/p>\n<p>Les visiteurs de Milano Cortina 2026 recherchent souvent une flexibilit\u00e9 qui va au-del\u00e0 des transports publics. Avec la location d&rsquo;un SUV de luxe, vous pouvez profiter de la libert\u00e9 de vous d\u00e9placer \u00e0 votre rythme entre les sites olympiques et les stations de ski. L&rsquo;int\u00e9rieur spacieux offre beaucoup de place pour les passagers, les bagages et les \u00e9quipements de sports d&rsquo;hiver&#8230; Ce qui en fait le v\u00e9hicule id\u00e9al pour les familles, les groupes ou les invit\u00e9s VIP.<\/p>\n<p>De plus, les SUV de luxe sont \u00e9quip\u00e9s de si\u00e8ges chauffants et des toits ouvrants panoramiques. Ils offent aussi des syst\u00e8mes de navigation de pointe et un syst\u00e8me audio haut de gamme, transformant chaque trajet en une partie int\u00e9grante de l&rsquo;aventure olympique.<\/p>\n<p>R\u00e9servez t\u00f4t pour vous assurer les meilleurs mod\u00e8les et profiter d&rsquo;un transport s\u00fbr et \u00e9l\u00e9gant tout au long des Jeux olympiques d&rsquo;hiver de Milan-Cortina 2026. Vivez les Jeux olympiques avec le confort, le prestige et les performances que vous m\u00e9ritez.<\/p>\n","protected":false},"excerpt":{"rendered":"<p>Louez un SUV de luxe pour les Jeux olympiques d&rsquo;hiver Louez un SUV de luxe pour les Jeux olympiques d&rsquo;hiver Milano Cortina 2026 avec Elite Rent. Choisissez parmi une s\u00e9lection de marques telles que Range Rover, BMW, Mercedes-Benz, Porsche et bien d&rsquo;autres. Que vous atterrissiez \u00e0 Milan, Munich, Prague, Zurich ou Gen\u00e8ve, nous pouvons vous [&hellip;]<\/p>\n","protected":false},"author":6,"featured_media":79179,"comment_status":"open","ping_status":"open","sticky":false,"template":"","format":"standard","meta":{"_acf_changed":false,"site-sidebar-layout":"default","site-content-layout":"","ast-site-content-layout":"default","site-content-style":"default","site-sidebar-style":"default","ast-global-header-display":"","ast-banner-title-visibility":"","ast-main-header-display":"","ast-hfb-above-header-display":"","ast-hfb-below-header-display":"","ast-hfb-mobile-header-display":"","site-post-title":"","ast-breadcrumbs-content":"","ast-featured-img":"","footer-sml-layout":"","theme-transparent-header-meta":"default","adv-header-id-meta":"","stick-header-meta":"","header-above-stick-meta":"","header-main-stick-meta":"","header-below-stick-meta":"","astra-migrate-meta-layouts":"set","ast-page-background-enabled":"default","ast-page-background-meta":{"desktop":{"background-color":"","background-image":"","background-repeat":"repeat","background-position":"center center","background-size":"auto","background-attachment":"scroll","background-type":"","background-media":"","overlay-type":"","overlay-color":"","overlay-opacity":"","overlay-gradient":""},"tablet":{"background-color":"","background-image":"","background-repeat":"repeat","background-position":"center center","background-size":"auto","background-attachment":"scroll","background-type":"","background-media":"","overlay-type":"","overlay-color":"","overlay-opacity":"","overlay-gradient":""},"mobile":{"background-color":"","background-image":"","background-repeat":"repeat","background-position":"center center","background-size":"auto","background-attachment":"scroll","background-type":"","background-media":"","overlay-type":"","overlay-color":"","overlay-opacity":"","overlay-gradient":""}},"ast-content-background-meta":{"desktop":{"background-color":"var(--ast-global-color-5)","background-image":"","background-repeat":"repeat","background-position":"center center","background-size":"auto","background-attachment":"scroll","background-type":"","background-media":"","overlay-type":"","overlay-color":"","overlay-opacity":"","overlay-gradient":""},"tablet":{"background-color":"var(--ast-global-color-5)","background-image":"","background-repeat":"repeat","background-position":"center center","background-size":"auto","background-attachment":"scroll","background-type":"","background-media":"","overlay-type":"","overlay-color":"","overlay-opacity":"","overlay-gradient":""},"mobile":{"background-color":"var(--ast-global-color-5)","background-image":"","background-repeat":"repeat","background-position":"center center","background-size":"auto","background-attachment":"scroll","background-type":"","background-media":"","overlay-type":"","overlay-color":"","overlay-opacity":"","overlay-gradient":""}},"footnotes":""},"categories":[820],"tags":[],"class_list":["post-79181","post","type-post","status-publish","format-standard","has-post-thumbnail","hentry","category-non-classifiee"],"acf":[],"yoast_head":"<!-- This site is optimized with the Yoast SEO plugin v27.4 - https:\/\/yoast.com\/product\/yoast-seo-wordpress\/ -->\n<title>Louez un SUV de luxe pour les Jeux olympiques d&#039;hiver avec Elite Rent<\/title>\n<meta name=\"description\" content=\"Louez un SUV de luxe pour les Jeux olympiques d&#039;hiver avec Elite Rent - SUVs disponibles \u00e0 Milan, Cortina, Munich, Prague, Zurich et Gen\u00e8ve\" \/>\n<meta name=\"robots\" content=\"index, follow, max-snippet:-1, max-image-preview:large, max-video-preview:-1\" \/>\n<link rel=\"canonical\" href=\"https:\/\/www.eliterent.com\/fr\/louez-suv-de-luxe-jeux-olympiques-dhiver\/\" \/>\n<meta property=\"og:locale\" content=\"fr_FR\" \/>\n<meta property=\"og:type\" content=\"article\" \/>\n<meta property=\"og:title\" content=\"Louez un SUV de luxe pour les Jeux olympiques d&#039;hiver avec Elite Rent\" \/>\n<meta property=\"og:description\" content=\"Louez un SUV de luxe pour les Jeux olympiques d&#039;hiver avec Elite Rent - SUVs disponibles \u00e0 Milan, Cortina, Munich, Prague, Zurich et Gen\u00e8ve\" \/>\n<meta property=\"og:url\" content=\"https:\/\/www.eliterent.com\/fr\/louez-suv-de-luxe-jeux-olympiques-dhiver\/\" \/>\n<meta property=\"og:site_name\" content=\"Elite Rent\" \/>\n<meta property=\"article:published_time\" content=\"2026-01-27T10:51:24+00:00\" \/>\n<meta property=\"article:modified_time\" content=\"2026-01-27T13:39:23+00:00\" \/>\n<meta property=\"og:image\" content=\"https:\/\/www.eliterent.com\/wp-content\/uploads\/2026\/01\/Olympics_Banner_Cayenne_Bob.jpg\" \/>\n\t<meta property=\"og:image:width\" content=\"2000\" \/>\n\t<meta property=\"og:image:height\" content=\"1200\" \/>\n\t<meta property=\"og:image:type\" content=\"image\/jpeg\" \/>\n<meta name=\"author\" content=\"Anthony Eschler\" \/>\n<meta name=\"twitter:card\" content=\"summary_large_image\" \/>\n<script type=\"application\/ld+json\" class=\"yoast-schema-graph\">{\"@context\":\"https:\\\/\\\/schema.org\",\"@graph\":[{\"@type\":\"Article\",\"@id\":\"https:\\\/\\\/www.eliterent.com\\\/fr\\\/louez-suv-de-luxe-jeux-olympiques-dhiver\\\/#article\",\"isPartOf\":{\"@id\":\"https:\\\/\\\/www.eliterent.com\\\/fr\\\/louez-suv-de-luxe-jeux-olympiques-dhiver\\\/\"},\"author\":{\"name\":\"Anthony Eschler\",\"@id\":\"https:\\\/\\\/www.eliterent.com\\\/#\\\/schema\\\/person\\\/7afdc7b8834b55a1ed893961ab071a65\"},\"headline\":\"Louez un SUV de luxe pour les Jeux olympiques d&rsquo;hiver\",\"datePublished\":\"2026-01-27T10:51:24+00:00\",\"dateModified\":\"2026-01-27T13:39:23+00:00\",\"mainEntityOfPage\":{\"@id\":\"https:\\\/\\\/www.eliterent.com\\\/fr\\\/louez-suv-de-luxe-jeux-olympiques-dhiver\\\/\"},\"wordCount\":416,\"commentCount\":0,\"publisher\":{\"@id\":\"https:\\\/\\\/www.eliterent.com\\\/#organization\"},\"image\":{\"@id\":\"https:\\\/\\\/www.eliterent.com\\\/fr\\\/louez-suv-de-luxe-jeux-olympiques-dhiver\\\/#primaryimage\"},\"thumbnailUrl\":\"https:\\\/\\\/www.eliterent.com\\\/wp-content\\\/uploads\\\/2026\\\/01\\\/Olympics_Banner_Cayenne_Bob.jpg\",\"articleSection\":[\"Non classifi\u00e9(e)\"],\"inLanguage\":\"fr-FR\",\"potentialAction\":[{\"@type\":\"CommentAction\",\"name\":\"Comment\",\"target\":[\"https:\\\/\\\/www.eliterent.com\\\/fr\\\/louez-suv-de-luxe-jeux-olympiques-dhiver\\\/#respond\"]}]},{\"@type\":\"WebPage\",\"@id\":\"https:\\\/\\\/www.eliterent.com\\\/fr\\\/louez-suv-de-luxe-jeux-olympiques-dhiver\\\/\",\"url\":\"https:\\\/\\\/www.eliterent.com\\\/fr\\\/louez-suv-de-luxe-jeux-olympiques-dhiver\\\/\",\"name\":\"Louez un SUV de luxe pour les Jeux olympiques d'hiver avec Elite Rent\",\"isPartOf\":{\"@id\":\"https:\\\/\\\/www.eliterent.com\\\/#website\"},\"primaryImageOfPage\":{\"@id\":\"https:\\\/\\\/www.eliterent.com\\\/fr\\\/louez-suv-de-luxe-jeux-olympiques-dhiver\\\/#primaryimage\"},\"image\":{\"@id\":\"https:\\\/\\\/www.eliterent.com\\\/fr\\\/louez-suv-de-luxe-jeux-olympiques-dhiver\\\/#primaryimage\"},\"thumbnailUrl\":\"https:\\\/\\\/www.eliterent.com\\\/wp-content\\\/uploads\\\/2026\\\/01\\\/Olympics_Banner_Cayenne_Bob.jpg\",\"datePublished\":\"2026-01-27T10:51:24+00:00\",\"dateModified\":\"2026-01-27T13:39:23+00:00\",\"description\":\"Louez un SUV de luxe pour les Jeux olympiques d'hiver avec Elite Rent - SUVs disponibles \u00e0 Milan, Cortina, Munich, Prague, Zurich et Gen\u00e8ve\",\"breadcrumb\":{\"@id\":\"https:\\\/\\\/www.eliterent.com\\\/fr\\\/louez-suv-de-luxe-jeux-olympiques-dhiver\\\/#breadcrumb\"},\"inLanguage\":\"fr-FR\",\"potentialAction\":[{\"@type\":\"ReadAction\",\"target\":[\"https:\\\/\\\/www.eliterent.com\\\/fr\\\/louez-suv-de-luxe-jeux-olympiques-dhiver\\\/\"]}]},{\"@type\":\"ImageObject\",\"inLanguage\":\"fr-FR\",\"@id\":\"https:\\\/\\\/www.eliterent.com\\\/fr\\\/louez-suv-de-luxe-jeux-olympiques-dhiver\\\/#primaryimage\",\"url\":\"https:\\\/\\\/www.eliterent.com\\\/wp-content\\\/uploads\\\/2026\\\/01\\\/Olympics_Banner_Cayenne_Bob.jpg\",\"contentUrl\":\"https:\\\/\\\/www.eliterent.com\\\/wp-content\\\/uploads\\\/2026\\\/01\\\/Olympics_Banner_Cayenne_Bob.jpg\",\"width\":2000,\"height\":1200},{\"@type\":\"BreadcrumbList\",\"@id\":\"https:\\\/\\\/www.eliterent.com\\\/fr\\\/louez-suv-de-luxe-jeux-olympiques-dhiver\\\/#breadcrumb\",\"itemListElement\":[{\"@type\":\"ListItem\",\"position\":1,\"name\":\"Home\",\"item\":\"https:\\\/\\\/www.eliterent.com\\\/fr\\\/\"},{\"@type\":\"ListItem\",\"position\":2,\"name\":\"Louez un SUV de luxe pour les Jeux olympiques d&#8217;hiver\"}]},{\"@type\":\"WebSite\",\"@id\":\"https:\\\/\\\/www.eliterent.com\\\/#website\",\"url\":\"https:\\\/\\\/www.eliterent.com\\\/\",\"name\":\"Elite Rent\",\"description\":\"Rent a Car\",\"publisher\":{\"@id\":\"https:\\\/\\\/www.eliterent.com\\\/#organization\"},\"potentialAction\":[{\"@type\":\"SearchAction\",\"target\":{\"@type\":\"EntryPoint\",\"urlTemplate\":\"https:\\\/\\\/www.eliterent.com\\\/?s={search_term_string}\"},\"query-input\":{\"@type\":\"PropertyValueSpecification\",\"valueRequired\":true,\"valueName\":\"search_term_string\"}}],\"inLanguage\":\"fr-FR\"},{\"@type\":\"Organization\",\"@id\":\"https:\\\/\\\/www.eliterent.com\\\/#organization\",\"name\":\"Elite Rent\",\"url\":\"https:\\\/\\\/www.eliterent.com\\\/\",\"logo\":{\"@type\":\"ImageObject\",\"inLanguage\":\"fr-FR\",\"@id\":\"https:\\\/\\\/www.eliterent.com\\\/#\\\/schema\\\/logo\\\/image\\\/\",\"url\":\"https:\\\/\\\/www.eliterent.com\\\/wp-content\\\/uploads\\\/2020\\\/03\\\/Elite_Logo_NEW_2023_Final-1.png\",\"contentUrl\":\"https:\\\/\\\/www.eliterent.com\\\/wp-content\\\/uploads\\\/2020\\\/03\\\/Elite_Logo_NEW_2023_Final-1.png\",\"width\":828,\"height\":313,\"caption\":\"Elite Rent\"},\"image\":{\"@id\":\"https:\\\/\\\/www.eliterent.com\\\/#\\\/schema\\\/logo\\\/image\\\/\"}},{\"@type\":\"Person\",\"@id\":\"https:\\\/\\\/www.eliterent.com\\\/#\\\/schema\\\/person\\\/7afdc7b8834b55a1ed893961ab071a65\",\"name\":\"Anthony Eschler\",\"image\":{\"@type\":\"ImageObject\",\"inLanguage\":\"fr-FR\",\"@id\":\"https:\\\/\\\/secure.gravatar.com\\\/avatar\\\/2a38fa365cdc8cfec3d87e394c80abeab0df6f7e4b52eda611492b6df9196c7f?s=96&d=mm&r=g\",\"url\":\"https:\\\/\\\/secure.gravatar.com\\\/avatar\\\/2a38fa365cdc8cfec3d87e394c80abeab0df6f7e4b52eda611492b6df9196c7f?s=96&d=mm&r=g\",\"contentUrl\":\"https:\\\/\\\/secure.gravatar.com\\\/avatar\\\/2a38fa365cdc8cfec3d87e394c80abeab0df6f7e4b52eda611492b6df9196c7f?s=96&d=mm&r=g\",\"caption\":\"Anthony Eschler\"}}]}<\/script>\n<!-- \/ Yoast SEO plugin. -->","yoast_head_json":{"title":"Louez un SUV de luxe pour les Jeux olympiques d'hiver avec Elite Rent","description":"Louez un SUV de luxe pour les Jeux olympiques d'hiver avec Elite Rent - SUVs disponibles \u00e0 Milan, Cortina, Munich, Prague, Zurich et Gen\u00e8ve","robots":{"index":"index","follow":"follow","max-snippet":"max-snippet:-1","max-image-preview":"max-image-preview:large","max-video-preview":"max-video-preview:-1"},"canonical":"https:\/\/www.eliterent.com\/fr\/louez-suv-de-luxe-jeux-olympiques-dhiver\/","og_locale":"fr_FR","og_type":"article","og_title":"Louez un SUV de luxe pour les Jeux olympiques d'hiver avec Elite Rent","og_description":"Louez un SUV de luxe pour les Jeux olympiques d'hiver avec Elite Rent - SUVs disponibles \u00e0 Milan, Cortina, Munich, Prague, Zurich et Gen\u00e8ve","og_url":"https:\/\/www.eliterent.com\/fr\/louez-suv-de-luxe-jeux-olympiques-dhiver\/","og_site_name":"Elite Rent","article_published_time":"2026-01-27T10:51:24+00:00","article_modified_time":"2026-01-27T13:39:23+00:00","og_image":[{"width":2000,"height":1200,"url":"https:\/\/www.eliterent.com\/wp-content\/uploads\/2026\/01\/Olympics_Banner_Cayenne_Bob.jpg","type":"image\/jpeg"}],"author":"Anthony Eschler","twitter_card":"summary_large_image","schema":{"@context":"https:\/\/schema.org","@graph":[{"@type":"Article","@id":"https:\/\/www.eliterent.com\/fr\/louez-suv-de-luxe-jeux-olympiques-dhiver\/#article","isPartOf":{"@id":"https:\/\/www.eliterent.com\/fr\/louez-suv-de-luxe-jeux-olympiques-dhiver\/"},"author":{"name":"Anthony Eschler","@id":"https:\/\/www.eliterent.com\/#\/schema\/person\/7afdc7b8834b55a1ed893961ab071a65"},"headline":"Louez un SUV de luxe pour les Jeux olympiques d&rsquo;hiver","datePublished":"2026-01-27T10:51:24+00:00","dateModified":"2026-01-27T13:39:23+00:00","mainEntityOfPage":{"@id":"https:\/\/www.eliterent.com\/fr\/louez-suv-de-luxe-jeux-olympiques-dhiver\/"},"wordCount":416,"commentCount":0,"publisher":{"@id":"https:\/\/www.eliterent.com\/#organization"},"image":{"@id":"https:\/\/www.eliterent.com\/fr\/louez-suv-de-luxe-jeux-olympiques-dhiver\/#primaryimage"},"thumbnailUrl":"https:\/\/www.eliterent.com\/wp-content\/uploads\/2026\/01\/Olympics_Banner_Cayenne_Bob.jpg","articleSection":["Non classifi\u00e9(e)"],"inLanguage":"fr-FR","potentialAction":[{"@type":"CommentAction","name":"Comment","target":["https:\/\/www.eliterent.com\/fr\/louez-suv-de-luxe-jeux-olympiques-dhiver\/#respond"]}]},{"@type":"WebPage","@id":"https:\/\/www.eliterent.com\/fr\/louez-suv-de-luxe-jeux-olympiques-dhiver\/","url":"https:\/\/www.eliterent.com\/fr\/louez-suv-de-luxe-jeux-olympiques-dhiver\/","name":"Louez un SUV de luxe pour les Jeux olympiques d'hiver avec Elite Rent","isPartOf":{"@id":"https:\/\/www.eliterent.com\/#website"},"primaryImageOfPage":{"@id":"https:\/\/www.eliterent.com\/fr\/louez-suv-de-luxe-jeux-olympiques-dhiver\/#primaryimage"},"image":{"@id":"https:\/\/www.eliterent.com\/fr\/louez-suv-de-luxe-jeux-olympiques-dhiver\/#primaryimage"},"thumbnailUrl":"https:\/\/www.eliterent.com\/wp-content\/uploads\/2026\/01\/Olympics_Banner_Cayenne_Bob.jpg","datePublished":"2026-01-27T10:51:24+00:00","dateModified":"2026-01-27T13:39:23+00:00","description":"Louez un SUV de luxe pour les Jeux olympiques d'hiver avec Elite Rent - SUVs disponibles \u00e0 Milan, Cortina, Munich, Prague, Zurich et Gen\u00e8ve","breadcrumb":{"@id":"https:\/\/www.eliterent.com\/fr\/louez-suv-de-luxe-jeux-olympiques-dhiver\/#breadcrumb"},"inLanguage":"fr-FR","potentialAction":[{"@type":"ReadAction","target":["https:\/\/www.eliterent.com\/fr\/louez-suv-de-luxe-jeux-olympiques-dhiver\/"]}]},{"@type":"ImageObject","inLanguage":"fr-FR","@id":"https:\/\/www.eliterent.com\/fr\/louez-suv-de-luxe-jeux-olympiques-dhiver\/#primaryimage","url":"https:\/\/www.eliterent.com\/wp-content\/uploads\/2026\/01\/Olympics_Banner_Cayenne_Bob.jpg","contentUrl":"https:\/\/www.eliterent.com\/wp-content\/uploads\/2026\/01\/Olympics_Banner_Cayenne_Bob.jpg","width":2000,"height":1200},{"@type":"BreadcrumbList","@id":"https:\/\/www.eliterent.com\/fr\/louez-suv-de-luxe-jeux-olympiques-dhiver\/#breadcrumb","itemListElement":[{"@type":"ListItem","position":1,"name":"Home","item":"https:\/\/www.eliterent.com\/fr\/"},{"@type":"ListItem","position":2,"name":"Louez un SUV de luxe pour les Jeux olympiques d&#8217;hiver"}]},{"@type":"WebSite","@id":"https:\/\/www.eliterent.com\/#website","url":"https:\/\/www.eliterent.com\/","name":"Elite Rent","description":"Rent a Car","publisher":{"@id":"https:\/\/www.eliterent.com\/#organization"},"potentialAction":[{"@type":"SearchAction","target":{"@type":"EntryPoint","urlTemplate":"https:\/\/www.eliterent.com\/?s={search_term_string}"},"query-input":{"@type":"PropertyValueSpecification","valueRequired":true,"valueName":"search_term_string"}}],"inLanguage":"fr-FR"},{"@type":"Organization","@id":"https:\/\/www.eliterent.com\/#organization","name":"Elite Rent","url":"https:\/\/www.eliterent.com\/","logo":{"@type":"ImageObject","inLanguage":"fr-FR","@id":"https:\/\/www.eliterent.com\/#\/schema\/logo\/image\/","url":"https:\/\/www.eliterent.com\/wp-content\/uploads\/2020\/03\/Elite_Logo_NEW_2023_Final-1.png","contentUrl":"https:\/\/www.eliterent.com\/wp-content\/uploads\/2020\/03\/Elite_Logo_NEW_2023_Final-1.png","width":828,"height":313,"caption":"Elite Rent"},"image":{"@id":"https:\/\/www.eliterent.com\/#\/schema\/logo\/image\/"}},{"@type":"Person","@id":"https:\/\/www.eliterent.com\/#\/schema\/person\/7afdc7b8834b55a1ed893961ab071a65","name":"Anthony Eschler","image":{"@type":"ImageObject","inLanguage":"fr-FR","@id":"https:\/\/secure.gravatar.com\/avatar\/2a38fa365cdc8cfec3d87e394c80abeab0df6f7e4b52eda611492b6df9196c7f?s=96&d=mm&r=g","url":"https:\/\/secure.gravatar.com\/avatar\/2a38fa365cdc8cfec3d87e394c80abeab0df6f7e4b52eda611492b6df9196c7f?s=96&d=mm&r=g","contentUrl":"https:\/\/secure.gravatar.com\/avatar\/2a38fa365cdc8cfec3d87e394c80abeab0df6f7e4b52eda611492b6df9196c7f?s=96&d=mm&r=g","caption":"Anthony Eschler"}}]}},"_links":{"self":[{"href":"https:\/\/www.eliterent.com\/fr\/wp-json\/wp\/v2\/posts\/79181","targetHints":{"allow":["GET"]}}],"collection":[{"href":"https:\/\/www.eliterent.com\/fr\/wp-json\/wp\/v2\/posts"}],"about":[{"href":"https:\/\/www.eliterent.com\/fr\/wp-json\/wp\/v2\/types\/post"}],"author":[{"embeddable":true,"href":"https:\/\/www.eliterent.com\/fr\/wp-json\/wp\/v2\/users\/6"}],"replies":[{"embeddable":true,"href":"https:\/\/www.eliterent.com\/fr\/wp-json\/wp\/v2\/comments?post=79181"}],"version-history":[{"count":0,"href":"https:\/\/www.eliterent.com\/fr\/wp-json\/wp\/v2\/posts\/79181\/revisions"}],"wp:featuredmedia":[{"embeddable":true,"href":"https:\/\/www.eliterent.com\/fr\/wp-json\/wp\/v2\/media\/79179"}],"wp:attachment":[{"href":"https:\/\/www.eliterent.com\/fr\/wp-json\/wp\/v2\/media?parent=79181"}],"wp:term":[{"taxonomy":"category","embeddable":true,"href":"https:\/\/www.eliterent.com\/fr\/wp-json\/wp\/v2\/categories?post=79181"},{"taxonomy":"post_tag","embeddable":true,"href":"https:\/\/www.eliterent.com\/fr\/wp-json\/wp\/v2\/tags?post=79181"}],"curies":[{"name":"wp","href":"https:\/\/api.w.org\/{rel}","templated":true}]}}