{"id":74148,"date":"2024-06-25T16:33:11","date_gmt":"2024-06-25T14:33:11","guid":{"rendered":"https:\/\/www.eliterent.com\/rent-a-porsche-in-paris\/"},"modified":"2024-06-25T16:46:42","modified_gmt":"2024-06-25T14:46:42","slug":"louer-une-porsche-a-paris","status":"publish","type":"post","link":"https:\/\/www.eliterent.com\/fr\/louer-une-porsche-a-paris\/","title":{"rendered":"Louer une Porsche \u00e0 Paris"},"content":{"rendered":"<h5>Louer une Porsche \u00e0 Paris avec Elite Rent-a-Car<\/h5>\n<p>Avec Elite Rent, vous pouvez louer une Porsche \u00e0 Paris. Louez des mod\u00e8les tels que le Cayenne, le Macan, la 911 (992) Carrera, et le 718 Boxster. Louez un SUV, une berline, une voiture de sport ou un cabriolet Porsche. Service de livraison et de reprise sur mesure disponible \u00e0 Reims, Deauville, Disneyland et \u00e0 l&rsquo;a\u00e9roport Charles-de-Gaulle.<\/p>\n<h5>Une conduite exaltante et luxueuse \u00e0 Paris<\/h5>\n<p>Louer une Porsche \u00e0 Paris, c&rsquo;est s&rsquo;offrir une exp\u00e9rience de conduite exaltante et luxueuse, id\u00e9ale pour explorer la capitale fran\u00e7aise, vibrante et historique. Paris, r\u00e9put\u00e9e pour ses monuments embl\u00e9matiques, son riche patrimoine culturel et son atmosph\u00e8re sophistiqu\u00e9e, constitue la toile de fond id\u00e9ale pour d\u00e9couvrir la puissance et l&rsquo;\u00e9l\u00e9gance d&rsquo;une Porsche.<\/p>\n<p>Les locations de Porsche \u00e0 Paris proposent une s\u00e9lection impressionnante de mod\u00e8les, dont la l\u00e9gendaire Porsche 911, la polyvalente Porsche Cayenne et l&rsquo;\u00e9l\u00e9gante Porsche Panamera. Chaque v\u00e9hicule est m\u00e9ticuleusement entretenu pour garantir des performances, une s\u00e9curit\u00e9 et un confort de premier ordre. Conduire une Porsche vous permet de profiter de la puissance excitante de son moteur, de sa technologie avanc\u00e9e et de son int\u00e9rieur luxueux, faisant de chaque voyage \u00e0 Paris une aventure inoubliable.<\/p>\n<p>Naviguer dans Paris \u00e0 bord d&rsquo;une Porsche vous permet de vous fondre dans l&rsquo;environnement chic et raffin\u00e9 de la ville. Imaginez que vous passez devant des monuments tels que la Tour Eiffel, l&rsquo;Arc de Triomphe et le Mus\u00e9e du Louvre dans le luxe distingu\u00e9 d&rsquo;une Porsche. Que vous exploriez les quartiers historiques de Paris, que vous profitiez de sa gastronomie de renomm\u00e9e mondiale ou que vous d\u00e9couvriez sa vie nocturne anim\u00e9e, Porsche vous permet de vous int\u00e9grer parfaitement dans l&rsquo;environnement chic et raffin\u00e9 de la ville.<\/p>\n<p>Les locations de Porsche \u00e0 Paris s&rsquo;adressent aussi bien aux touristes qu&rsquo;aux hommes d&rsquo;affaires \u00e0 la recherche d&rsquo;une exp\u00e9rience de conduite extraordinaire. De nombreux services de location proposent des formules personnalis\u00e9es comprenant des options de livraison et de prise en charge pratiques, garantissant un processus de location fluide et sans stress.<\/p>\n<p>En r\u00e9sum\u00e9, la location d&rsquo;une Porsche \u00e0 Paris \u00e9l\u00e8ve votre exp\u00e9rience de voyage gr\u00e2ce \u00e0 sa combinaison de luxe, de performance et de sophistication. D\u00e9couvrez la magie de Paris et de ses environs \u00e0 bord d&rsquo;une Porsche, et rendez votre visite vraiment exceptionnelle et m\u00e9morable. Vivez l&rsquo;\u00e9motion de la conduite d&rsquo;une Porsche et explorez Paris dans le style et le confort les plus raffin\u00e9s. Louez une Porsche \u00e0 Paris et appr\u00e9ciez le m\u00e9lange parfait de puissance et d&rsquo;\u00e9l\u00e9gance lors de votre aventure urbaine.<\/p>\n","protected":false},"excerpt":{"rendered":"<p>Louer une Porsche \u00e0 Paris avec Elite Rent-a-Car Avec Elite Rent, vous pouvez louer une Porsche \u00e0 Paris. Louez des mod\u00e8les tels que le Cayenne, le Macan, la 911 (992) Carrera, et le 718 Boxster. Louez un SUV, une berline, une voiture de sport ou un cabriolet Porsche. Service de livraison et de reprise sur [&hellip;]<\/p>\n","protected":false},"author":6,"featured_media":27841,"comment_status":"open","ping_status":"open","sticky":false,"template":"","format":"standard","meta":{"_acf_changed":false,"site-sidebar-layout":"default","site-content-layout":"default","ast-site-content-layout":"","site-content-style":"default","site-sidebar-style":"default","ast-global-header-display":"","ast-banner-title-visibility":"","ast-main-header-display":"","ast-hfb-above-header-display":"","ast-hfb-below-header-display":"","ast-hfb-mobile-header-display":"","site-post-title":"","ast-breadcrumbs-content":"","ast-featured-img":"","footer-sml-layout":"","theme-transparent-header-meta":"default","adv-header-id-meta":"","stick-header-meta":"","header-above-stick-meta":"","header-main-stick-meta":"","header-below-stick-meta":"","astra-migrate-meta-layouts":"default","ast-page-background-enabled":"default","ast-page-background-meta":{"desktop":{"background-color":"","background-image":"","background-repeat":"repeat","background-position":"center center","background-size":"auto","background-attachment":"scroll","background-type":"","background-media":"","overlay-type":"","overlay-color":"","overlay-opacity":"","overlay-gradient":""},"tablet":{"background-color":"","background-image":"","background-repeat":"repeat","background-position":"center center","background-size":"auto","background-attachment":"scroll","background-type":"","background-media":"","overlay-type":"","overlay-color":"","overlay-opacity":"","overlay-gradient":""},"mobile":{"background-color":"","background-image":"","background-repeat":"repeat","background-position":"center center","background-size":"auto","background-attachment":"scroll","background-type":"","background-media":"","overlay-type":"","overlay-color":"","overlay-opacity":"","overlay-gradient":""}},"ast-content-background-meta":{"desktop":{"background-color":"var(--ast-global-color-5)","background-image":"","background-repeat":"repeat","background-position":"center center","background-size":"auto","background-attachment":"scroll","background-type":"","background-media":"","overlay-type":"","overlay-color":"","overlay-opacity":"","overlay-gradient":""},"tablet":{"background-color":"var(--ast-global-color-5)","background-image":"","background-repeat":"repeat","background-position":"center center","background-size":"auto","background-attachment":"scroll","background-type":"","background-media":"","overlay-type":"","overlay-color":"","overlay-opacity":"","overlay-gradient":""},"mobile":{"background-color":"var(--ast-global-color-5)","background-image":"","background-repeat":"repeat","background-position":"center center","background-size":"auto","background-attachment":"scroll","background-type":"","background-media":"","overlay-type":"","overlay-color":"","overlay-opacity":"","overlay-gradient":""}},"footnotes":""},"categories":[820],"tags":[],"class_list":["post-74148","post","type-post","status-publish","format-standard","has-post-thumbnail","hentry","category-non-classifiee"],"acf":[],"yoast_head":"<!-- This site is optimized with the Yoast SEO plugin v27.4 - https:\/\/yoast.com\/product\/yoast-seo-wordpress\/ -->\n<title>Louer une Porsche \u00e0 Paris avec Elite Rent<\/title>\n<meta name=\"description\" content=\"Louer une Porsche \u00e0 Paris avec Elite Rent - Custom delivery &amp; collection in Reims, Deauville, Disneyland, and Charles-de-Gaulle Airport.\" \/>\n<meta name=\"robots\" content=\"index, follow, max-snippet:-1, max-image-preview:large, max-video-preview:-1\" \/>\n<link rel=\"canonical\" href=\"https:\/\/www.eliterent.com\/fr\/louer-une-porsche-a-paris\/\" \/>\n<meta property=\"og:locale\" content=\"fr_FR\" \/>\n<meta property=\"og:type\" content=\"article\" \/>\n<meta property=\"og:title\" content=\"Louer une Porsche \u00e0 Paris avec Elite Rent\" \/>\n<meta property=\"og:description\" content=\"Louer une Porsche \u00e0 Paris avec Elite Rent - Custom delivery &amp; collection in Reims, Deauville, Disneyland, and Charles-de-Gaulle Airport.\" \/>\n<meta property=\"og:url\" content=\"https:\/\/www.eliterent.com\/fr\/louer-une-porsche-a-paris\/\" \/>\n<meta property=\"og:site_name\" content=\"Elite Rent\" \/>\n<meta property=\"article:published_time\" content=\"2024-06-25T14:33:11+00:00\" \/>\n<meta property=\"article:modified_time\" content=\"2024-06-25T14:46:42+00:00\" \/>\n<meta property=\"og:image\" content=\"https:\/\/www.eliterent.com\/wp-content\/uploads\/2021\/06\/CB-porsche.png\" \/>\n\t<meta property=\"og:image:width\" content=\"512\" \/>\n\t<meta property=\"og:image:height\" content=\"512\" \/>\n\t<meta property=\"og:image:type\" content=\"image\/png\" \/>\n<meta name=\"author\" content=\"Anthony Eschler\" \/>\n<meta name=\"twitter:card\" content=\"summary_large_image\" \/>\n<script type=\"application\/ld+json\" class=\"yoast-schema-graph\">{\"@context\":\"https:\\\/\\\/schema.org\",\"@graph\":[{\"@type\":\"Article\",\"@id\":\"https:\\\/\\\/www.eliterent.com\\\/fr\\\/louer-une-porsche-a-paris\\\/#article\",\"isPartOf\":{\"@id\":\"https:\\\/\\\/www.eliterent.com\\\/fr\\\/louer-une-porsche-a-paris\\\/\"},\"author\":{\"name\":\"Anthony Eschler\",\"@id\":\"https:\\\/\\\/www.eliterent.com\\\/#\\\/schema\\\/person\\\/7afdc7b8834b55a1ed893961ab071a65\"},\"headline\":\"Louer une Porsche \u00e0 Paris\",\"datePublished\":\"2024-06-25T14:33:11+00:00\",\"dateModified\":\"2024-06-25T14:46:42+00:00\",\"mainEntityOfPage\":{\"@id\":\"https:\\\/\\\/www.eliterent.com\\\/fr\\\/louer-une-porsche-a-paris\\\/\"},\"wordCount\":461,\"commentCount\":0,\"publisher\":{\"@id\":\"https:\\\/\\\/www.eliterent.com\\\/#organization\"},\"image\":{\"@id\":\"https:\\\/\\\/www.eliterent.com\\\/fr\\\/louer-une-porsche-a-paris\\\/#primaryimage\"},\"thumbnailUrl\":\"https:\\\/\\\/www.eliterent.com\\\/wp-content\\\/uploads\\\/2021\\\/06\\\/CB-porsche.png\",\"articleSection\":[\"Non classifi\u00e9(e)\"],\"inLanguage\":\"fr-FR\",\"potentialAction\":[{\"@type\":\"CommentAction\",\"name\":\"Comment\",\"target\":[\"https:\\\/\\\/www.eliterent.com\\\/fr\\\/louer-une-porsche-a-paris\\\/#respond\"]}]},{\"@type\":\"WebPage\",\"@id\":\"https:\\\/\\\/www.eliterent.com\\\/fr\\\/louer-une-porsche-a-paris\\\/\",\"url\":\"https:\\\/\\\/www.eliterent.com\\\/fr\\\/louer-une-porsche-a-paris\\\/\",\"name\":\"Louer une Porsche \u00e0 Paris avec Elite Rent\",\"isPartOf\":{\"@id\":\"https:\\\/\\\/www.eliterent.com\\\/#website\"},\"primaryImageOfPage\":{\"@id\":\"https:\\\/\\\/www.eliterent.com\\\/fr\\\/louer-une-porsche-a-paris\\\/#primaryimage\"},\"image\":{\"@id\":\"https:\\\/\\\/www.eliterent.com\\\/fr\\\/louer-une-porsche-a-paris\\\/#primaryimage\"},\"thumbnailUrl\":\"https:\\\/\\\/www.eliterent.com\\\/wp-content\\\/uploads\\\/2021\\\/06\\\/CB-porsche.png\",\"datePublished\":\"2024-06-25T14:33:11+00:00\",\"dateModified\":\"2024-06-25T14:46:42+00:00\",\"description\":\"Louer une Porsche \u00e0 Paris avec Elite Rent - Custom delivery & collection in Reims, Deauville, Disneyland, and Charles-de-Gaulle Airport.\",\"breadcrumb\":{\"@id\":\"https:\\\/\\\/www.eliterent.com\\\/fr\\\/louer-une-porsche-a-paris\\\/#breadcrumb\"},\"inLanguage\":\"fr-FR\",\"potentialAction\":[{\"@type\":\"ReadAction\",\"target\":[\"https:\\\/\\\/www.eliterent.com\\\/fr\\\/louer-une-porsche-a-paris\\\/\"]}]},{\"@type\":\"ImageObject\",\"inLanguage\":\"fr-FR\",\"@id\":\"https:\\\/\\\/www.eliterent.com\\\/fr\\\/louer-une-porsche-a-paris\\\/#primaryimage\",\"url\":\"https:\\\/\\\/www.eliterent.com\\\/wp-content\\\/uploads\\\/2021\\\/06\\\/CB-porsche.png\",\"contentUrl\":\"https:\\\/\\\/www.eliterent.com\\\/wp-content\\\/uploads\\\/2021\\\/06\\\/CB-porsche.png\",\"width\":512,\"height\":512},{\"@type\":\"BreadcrumbList\",\"@id\":\"https:\\\/\\\/www.eliterent.com\\\/fr\\\/louer-une-porsche-a-paris\\\/#breadcrumb\",\"itemListElement\":[{\"@type\":\"ListItem\",\"position\":1,\"name\":\"Home\",\"item\":\"https:\\\/\\\/www.eliterent.com\\\/fr\\\/\"},{\"@type\":\"ListItem\",\"position\":2,\"name\":\"Louer une Porsche \u00e0 Paris\"}]},{\"@type\":\"WebSite\",\"@id\":\"https:\\\/\\\/www.eliterent.com\\\/#website\",\"url\":\"https:\\\/\\\/www.eliterent.com\\\/\",\"name\":\"Elite Rent\",\"description\":\"Rent a Car\",\"publisher\":{\"@id\":\"https:\\\/\\\/www.eliterent.com\\\/#organization\"},\"potentialAction\":[{\"@type\":\"SearchAction\",\"target\":{\"@type\":\"EntryPoint\",\"urlTemplate\":\"https:\\\/\\\/www.eliterent.com\\\/?s={search_term_string}\"},\"query-input\":{\"@type\":\"PropertyValueSpecification\",\"valueRequired\":true,\"valueName\":\"search_term_string\"}}],\"inLanguage\":\"fr-FR\"},{\"@type\":\"Organization\",\"@id\":\"https:\\\/\\\/www.eliterent.com\\\/#organization\",\"name\":\"Elite Rent\",\"url\":\"https:\\\/\\\/www.eliterent.com\\\/\",\"logo\":{\"@type\":\"ImageObject\",\"inLanguage\":\"fr-FR\",\"@id\":\"https:\\\/\\\/www.eliterent.com\\\/#\\\/schema\\\/logo\\\/image\\\/\",\"url\":\"https:\\\/\\\/www.eliterent.com\\\/wp-content\\\/uploads\\\/2020\\\/03\\\/Elite_Logo_NEW_2023_Final-1.png\",\"contentUrl\":\"https:\\\/\\\/www.eliterent.com\\\/wp-content\\\/uploads\\\/2020\\\/03\\\/Elite_Logo_NEW_2023_Final-1.png\",\"width\":828,\"height\":313,\"caption\":\"Elite Rent\"},\"image\":{\"@id\":\"https:\\\/\\\/www.eliterent.com\\\/#\\\/schema\\\/logo\\\/image\\\/\"}},{\"@type\":\"Person\",\"@id\":\"https:\\\/\\\/www.eliterent.com\\\/#\\\/schema\\\/person\\\/7afdc7b8834b55a1ed893961ab071a65\",\"name\":\"Anthony Eschler\",\"image\":{\"@type\":\"ImageObject\",\"inLanguage\":\"fr-FR\",\"@id\":\"https:\\\/\\\/secure.gravatar.com\\\/avatar\\\/2a38fa365cdc8cfec3d87e394c80abeab0df6f7e4b52eda611492b6df9196c7f?s=96&d=mm&r=g\",\"url\":\"https:\\\/\\\/secure.gravatar.com\\\/avatar\\\/2a38fa365cdc8cfec3d87e394c80abeab0df6f7e4b52eda611492b6df9196c7f?s=96&d=mm&r=g\",\"contentUrl\":\"https:\\\/\\\/secure.gravatar.com\\\/avatar\\\/2a38fa365cdc8cfec3d87e394c80abeab0df6f7e4b52eda611492b6df9196c7f?s=96&d=mm&r=g\",\"caption\":\"Anthony Eschler\"}}]}<\/script>\n<!-- \/ Yoast SEO plugin. -->","yoast_head_json":{"title":"Louer une Porsche \u00e0 Paris avec Elite Rent","description":"Louer une Porsche \u00e0 Paris avec Elite Rent - Custom delivery & collection in Reims, Deauville, Disneyland, and Charles-de-Gaulle Airport.","robots":{"index":"index","follow":"follow","max-snippet":"max-snippet:-1","max-image-preview":"max-image-preview:large","max-video-preview":"max-video-preview:-1"},"canonical":"https:\/\/www.eliterent.com\/fr\/louer-une-porsche-a-paris\/","og_locale":"fr_FR","og_type":"article","og_title":"Louer une Porsche \u00e0 Paris avec Elite Rent","og_description":"Louer une Porsche \u00e0 Paris avec Elite Rent - Custom delivery & collection in Reims, Deauville, Disneyland, and Charles-de-Gaulle Airport.","og_url":"https:\/\/www.eliterent.com\/fr\/louer-une-porsche-a-paris\/","og_site_name":"Elite Rent","article_published_time":"2024-06-25T14:33:11+00:00","article_modified_time":"2024-06-25T14:46:42+00:00","og_image":[{"width":512,"height":512,"url":"https:\/\/www.eliterent.com\/wp-content\/uploads\/2021\/06\/CB-porsche.png","type":"image\/png"}],"author":"Anthony Eschler","twitter_card":"summary_large_image","schema":{"@context":"https:\/\/schema.org","@graph":[{"@type":"Article","@id":"https:\/\/www.eliterent.com\/fr\/louer-une-porsche-a-paris\/#article","isPartOf":{"@id":"https:\/\/www.eliterent.com\/fr\/louer-une-porsche-a-paris\/"},"author":{"name":"Anthony Eschler","@id":"https:\/\/www.eliterent.com\/#\/schema\/person\/7afdc7b8834b55a1ed893961ab071a65"},"headline":"Louer une Porsche \u00e0 Paris","datePublished":"2024-06-25T14:33:11+00:00","dateModified":"2024-06-25T14:46:42+00:00","mainEntityOfPage":{"@id":"https:\/\/www.eliterent.com\/fr\/louer-une-porsche-a-paris\/"},"wordCount":461,"commentCount":0,"publisher":{"@id":"https:\/\/www.eliterent.com\/#organization"},"image":{"@id":"https:\/\/www.eliterent.com\/fr\/louer-une-porsche-a-paris\/#primaryimage"},"thumbnailUrl":"https:\/\/www.eliterent.com\/wp-content\/uploads\/2021\/06\/CB-porsche.png","articleSection":["Non classifi\u00e9(e)"],"inLanguage":"fr-FR","potentialAction":[{"@type":"CommentAction","name":"Comment","target":["https:\/\/www.eliterent.com\/fr\/louer-une-porsche-a-paris\/#respond"]}]},{"@type":"WebPage","@id":"https:\/\/www.eliterent.com\/fr\/louer-une-porsche-a-paris\/","url":"https:\/\/www.eliterent.com\/fr\/louer-une-porsche-a-paris\/","name":"Louer une Porsche \u00e0 Paris avec Elite Rent","isPartOf":{"@id":"https:\/\/www.eliterent.com\/#website"},"primaryImageOfPage":{"@id":"https:\/\/www.eliterent.com\/fr\/louer-une-porsche-a-paris\/#primaryimage"},"image":{"@id":"https:\/\/www.eliterent.com\/fr\/louer-une-porsche-a-paris\/#primaryimage"},"thumbnailUrl":"https:\/\/www.eliterent.com\/wp-content\/uploads\/2021\/06\/CB-porsche.png","datePublished":"2024-06-25T14:33:11+00:00","dateModified":"2024-06-25T14:46:42+00:00","description":"Louer une Porsche \u00e0 Paris avec Elite Rent - Custom delivery & collection in Reims, Deauville, Disneyland, and Charles-de-Gaulle Airport.","breadcrumb":{"@id":"https:\/\/www.eliterent.com\/fr\/louer-une-porsche-a-paris\/#breadcrumb"},"inLanguage":"fr-FR","potentialAction":[{"@type":"ReadAction","target":["https:\/\/www.eliterent.com\/fr\/louer-une-porsche-a-paris\/"]}]},{"@type":"ImageObject","inLanguage":"fr-FR","@id":"https:\/\/www.eliterent.com\/fr\/louer-une-porsche-a-paris\/#primaryimage","url":"https:\/\/www.eliterent.com\/wp-content\/uploads\/2021\/06\/CB-porsche.png","contentUrl":"https:\/\/www.eliterent.com\/wp-content\/uploads\/2021\/06\/CB-porsche.png","width":512,"height":512},{"@type":"BreadcrumbList","@id":"https:\/\/www.eliterent.com\/fr\/louer-une-porsche-a-paris\/#breadcrumb","itemListElement":[{"@type":"ListItem","position":1,"name":"Home","item":"https:\/\/www.eliterent.com\/fr\/"},{"@type":"ListItem","position":2,"name":"Louer une Porsche \u00e0 Paris"}]},{"@type":"WebSite","@id":"https:\/\/www.eliterent.com\/#website","url":"https:\/\/www.eliterent.com\/","name":"Elite Rent","description":"Rent a Car","publisher":{"@id":"https:\/\/www.eliterent.com\/#organization"},"potentialAction":[{"@type":"SearchAction","target":{"@type":"EntryPoint","urlTemplate":"https:\/\/www.eliterent.com\/?s={search_term_string}"},"query-input":{"@type":"PropertyValueSpecification","valueRequired":true,"valueName":"search_term_string"}}],"inLanguage":"fr-FR"},{"@type":"Organization","@id":"https:\/\/www.eliterent.com\/#organization","name":"Elite Rent","url":"https:\/\/www.eliterent.com\/","logo":{"@type":"ImageObject","inLanguage":"fr-FR","@id":"https:\/\/www.eliterent.com\/#\/schema\/logo\/image\/","url":"https:\/\/www.eliterent.com\/wp-content\/uploads\/2020\/03\/Elite_Logo_NEW_2023_Final-1.png","contentUrl":"https:\/\/www.eliterent.com\/wp-content\/uploads\/2020\/03\/Elite_Logo_NEW_2023_Final-1.png","width":828,"height":313,"caption":"Elite Rent"},"image":{"@id":"https:\/\/www.eliterent.com\/#\/schema\/logo\/image\/"}},{"@type":"Person","@id":"https:\/\/www.eliterent.com\/#\/schema\/person\/7afdc7b8834b55a1ed893961ab071a65","name":"Anthony Eschler","image":{"@type":"ImageObject","inLanguage":"fr-FR","@id":"https:\/\/secure.gravatar.com\/avatar\/2a38fa365cdc8cfec3d87e394c80abeab0df6f7e4b52eda611492b6df9196c7f?s=96&d=mm&r=g","url":"https:\/\/secure.gravatar.com\/avatar\/2a38fa365cdc8cfec3d87e394c80abeab0df6f7e4b52eda611492b6df9196c7f?s=96&d=mm&r=g","contentUrl":"https:\/\/secure.gravatar.com\/avatar\/2a38fa365cdc8cfec3d87e394c80abeab0df6f7e4b52eda611492b6df9196c7f?s=96&d=mm&r=g","caption":"Anthony Eschler"}}]}},"_links":{"self":[{"href":"https:\/\/www.eliterent.com\/fr\/wp-json\/wp\/v2\/posts\/74148","targetHints":{"allow":["GET"]}}],"collection":[{"href":"https:\/\/www.eliterent.com\/fr\/wp-json\/wp\/v2\/posts"}],"about":[{"href":"https:\/\/www.eliterent.com\/fr\/wp-json\/wp\/v2\/types\/post"}],"author":[{"embeddable":true,"href":"https:\/\/www.eliterent.com\/fr\/wp-json\/wp\/v2\/users\/6"}],"replies":[{"embeddable":true,"href":"https:\/\/www.eliterent.com\/fr\/wp-json\/wp\/v2\/comments?post=74148"}],"version-history":[{"count":0,"href":"https:\/\/www.eliterent.com\/fr\/wp-json\/wp\/v2\/posts\/74148\/revisions"}],"wp:featuredmedia":[{"embeddable":true,"href":"https:\/\/www.eliterent.com\/fr\/wp-json\/wp\/v2\/media\/27841"}],"wp:attachment":[{"href":"https:\/\/www.eliterent.com\/fr\/wp-json\/wp\/v2\/media?parent=74148"}],"wp:term":[{"taxonomy":"category","embeddable":true,"href":"https:\/\/www.eliterent.com\/fr\/wp-json\/wp\/v2\/categories?post=74148"},{"taxonomy":"post_tag","embeddable":true,"href":"https:\/\/www.eliterent.com\/fr\/wp-json\/wp\/v2\/tags?post=74148"}],"curies":[{"name":"wp","href":"https:\/\/api.w.org\/{rel}","templated":true}]}}