{"id":74144,"date":"2024-06-25T15:36:21","date_gmt":"2024-06-25T13:36:21","guid":{"rendered":"https:\/\/www.eliterent.com\/rent-a-mini-in-paris\/"},"modified":"2024-06-25T16:38:22","modified_gmt":"2024-06-25T14:38:22","slug":"louer-une-mini-a-paris","status":"publish","type":"post","link":"https:\/\/www.eliterent.com\/fr\/louer-une-mini-a-paris\/","title":{"rendered":"Louer une Mini \u00e0 Paris"},"content":{"rendered":"<h5>Louer une Mini \u00e0 Paris avec Elite Rent-a-Car<\/h5>\n<p>Avec Elite Rent, vous pouvez louer une Mini \u00e0 Paris. Louez des mod\u00e8les tels que la Cooper, Countryman, JCW, et Cooper cabriolet. Louez une Mini Petite voiture, Citadine, Crossover, ou Hatchback. Service de livraison et de reprise sur mesure disponible \u00e0 Reims, Deauville, Disneyland et \u00e0 l&rsquo;a\u00e9roport Charles-de-Gaulle.<\/p>\n<h5>Une fa\u00e7on pratique et \u00e9l\u00e9gante d&rsquo;explorer Paris<\/h5>\n<p>Louer une Mini \u00e0 Paris est une fa\u00e7on d\u00e9licieuse et \u00e9l\u00e9gante d&rsquo;explorer l&rsquo;enchanteresse capitale fran\u00e7aise. Connue pour ses monuments embl\u00e9matiques, sa riche histoire et son ambiance romantique, Paris est le cadre id\u00e9al pour d\u00e9couvrir le plaisir et l&rsquo;efficacit\u00e9 d&rsquo;une Mini.<\/p>\n<p>Les locations de Mini \u00e0 Paris comprennent une gamme de mod\u00e8les tels que la classique Mini Cooper, la polyvalente Mini Countryman et la sportive Mini Cabriolet. Chaque v\u00e9hicule est m\u00e9ticuleusement entretenu pour garantir des performances, une s\u00e9curit\u00e9 et un confort optimaux. La conduite d&rsquo;une Mini offre une maniabilit\u00e9 r\u00e9active, une technologie avanc\u00e9e et des int\u00e9rieurs chics, faisant de chaque voyage \u00e0 Paris une aventure agr\u00e9able.<\/p>\n<p>La taille compacte d&rsquo;une Mini la rend id\u00e9ale pour naviguer dans les rues \u00e9troites de Paris et pour trouver un parking dans le centre ville anim\u00e9. Imaginez que vous passiez devant des monuments tels que la Tour Eiffel, le Mus\u00e9e du Louvre et la Cath\u00e9drale Notre-Dame dans le style distinctif d&rsquo;une Mini. Que vous exploriez le quartier historique du Marais, que vous fassiez du shopping sur les Champs-\u00c9lys\u00e9es ou que vous vous promeniez tranquillement le long de la Seine, la location d&rsquo;une Mini est le parfait m\u00e9lange de commodit\u00e9 et de charme.<\/p>\n<p>Les locations de Mini \u00e0 Paris s&rsquo;adressent aussi bien aux touristes qu&rsquo;aux voyageurs d&rsquo;affaires \u00e0 la recherche d&rsquo;une exp\u00e9rience de conduite unique. De nombreux services de location proposent des forfaits personnalis\u00e9s avec des options flexibles de prise en charge et de restitution, garantissant une exp\u00e9rience de location sans faille et sans tracas.<\/p>\n<p>En r\u00e9sum\u00e9, la location d&rsquo;une Mini \u00e0 Paris am\u00e9liore votre exp\u00e9rience de voyage gr\u00e2ce \u00e0 sa combinaison de style, d&rsquo;efficacit\u00e9 et d&rsquo;amusement. D\u00e9couvrez la beaut\u00e9 de Paris et de ses environs \u00e0 bord d&rsquo;une Mini, et rendez votre visite vraiment m\u00e9morable. Exp\u00e9rimentez le plaisir de conduire une Mini et explorez la Ville Lumi\u00e8re comme jamais auparavant. Louez une Mini \u00e0 Paris et profitez d&rsquo;un m\u00e9lange de design moderne et d&rsquo;\u00e9l\u00e9gance classique lors de votre aventure urbaine.<\/p>\n","protected":false},"excerpt":{"rendered":"<p>Louer une Mini \u00e0 Paris avec Elite Rent-a-Car Avec Elite Rent, vous pouvez louer une Mini \u00e0 Paris. Louez des mod\u00e8les tels que la Cooper, Countryman, JCW, et Cooper cabriolet. Louez une Mini Petite voiture, Citadine, Crossover, ou Hatchback. Service de livraison et de reprise sur mesure disponible \u00e0 Reims, Deauville, Disneyland et \u00e0 l&rsquo;a\u00e9roport [&hellip;]<\/p>\n","protected":false},"author":6,"featured_media":27859,"comment_status":"open","ping_status":"open","sticky":false,"template":"","format":"standard","meta":{"_acf_changed":false,"site-sidebar-layout":"default","site-content-layout":"default","ast-site-content-layout":"","site-content-style":"default","site-sidebar-style":"default","ast-global-header-display":"","ast-banner-title-visibility":"","ast-main-header-display":"","ast-hfb-above-header-display":"","ast-hfb-below-header-display":"","ast-hfb-mobile-header-display":"","site-post-title":"","ast-breadcrumbs-content":"","ast-featured-img":"","footer-sml-layout":"","theme-transparent-header-meta":"default","adv-header-id-meta":"","stick-header-meta":"","header-above-stick-meta":"","header-main-stick-meta":"","header-below-stick-meta":"","astra-migrate-meta-layouts":"default","ast-page-background-enabled":"default","ast-page-background-meta":{"desktop":{"background-color":"","background-image":"","background-repeat":"repeat","background-position":"center center","background-size":"auto","background-attachment":"scroll","background-type":"","background-media":"","overlay-type":"","overlay-color":"","overlay-opacity":"","overlay-gradient":""},"tablet":{"background-color":"","background-image":"","background-repeat":"repeat","background-position":"center center","background-size":"auto","background-attachment":"scroll","background-type":"","background-media":"","overlay-type":"","overlay-color":"","overlay-opacity":"","overlay-gradient":""},"mobile":{"background-color":"","background-image":"","background-repeat":"repeat","background-position":"center center","background-size":"auto","background-attachment":"scroll","background-type":"","background-media":"","overlay-type":"","overlay-color":"","overlay-opacity":"","overlay-gradient":""}},"ast-content-background-meta":{"desktop":{"background-color":"var(--ast-global-color-5)","background-image":"","background-repeat":"repeat","background-position":"center center","background-size":"auto","background-attachment":"scroll","background-type":"","background-media":"","overlay-type":"","overlay-color":"","overlay-opacity":"","overlay-gradient":""},"tablet":{"background-color":"var(--ast-global-color-5)","background-image":"","background-repeat":"repeat","background-position":"center center","background-size":"auto","background-attachment":"scroll","background-type":"","background-media":"","overlay-type":"","overlay-color":"","overlay-opacity":"","overlay-gradient":""},"mobile":{"background-color":"var(--ast-global-color-5)","background-image":"","background-repeat":"repeat","background-position":"center center","background-size":"auto","background-attachment":"scroll","background-type":"","background-media":"","overlay-type":"","overlay-color":"","overlay-opacity":"","overlay-gradient":""}},"footnotes":""},"categories":[],"tags":[],"class_list":["post-74144","post","type-post","status-publish","format-standard","has-post-thumbnail","hentry"],"acf":[],"yoast_head":"<!-- This site is optimized with the Yoast SEO plugin v27.4 - https:\/\/yoast.com\/product\/yoast-seo-wordpress\/ -->\n<title>Louer une Mini \u00e0 Paris avec Elite Rent<\/title>\n<meta name=\"description\" content=\"Louer une Mini \u00e0 Paris avec Elite Rent - Service de livraison disponible \u00e0 Reims, Deauville, Disneyland et \u00e0 l&#039;a\u00e9roport Charles-de-Gaulle.\" \/>\n<meta name=\"robots\" content=\"index, follow, max-snippet:-1, max-image-preview:large, max-video-preview:-1\" \/>\n<link rel=\"canonical\" href=\"https:\/\/www.eliterent.com\/fr\/louer-une-mini-a-paris\/\" \/>\n<meta property=\"og:locale\" content=\"fr_FR\" \/>\n<meta property=\"og:type\" content=\"article\" \/>\n<meta property=\"og:title\" content=\"Louer une Mini \u00e0 Paris avec Elite Rent\" \/>\n<meta property=\"og:description\" content=\"Louer une Mini \u00e0 Paris avec Elite Rent - Service de livraison disponible \u00e0 Reims, Deauville, Disneyland et \u00e0 l&#039;a\u00e9roport Charles-de-Gaulle.\" \/>\n<meta property=\"og:url\" content=\"https:\/\/www.eliterent.com\/fr\/louer-une-mini-a-paris\/\" \/>\n<meta property=\"og:site_name\" content=\"Elite Rent\" \/>\n<meta property=\"article:published_time\" content=\"2024-06-25T13:36:21+00:00\" \/>\n<meta property=\"article:modified_time\" content=\"2024-06-25T14:38:22+00:00\" \/>\n<meta property=\"og:image\" content=\"https:\/\/www.eliterent.com\/wp-content\/uploads\/2021\/06\/CB-mini.png\" \/>\n\t<meta property=\"og:image:width\" content=\"512\" \/>\n\t<meta property=\"og:image:height\" content=\"512\" \/>\n\t<meta property=\"og:image:type\" content=\"image\/png\" \/>\n<meta name=\"author\" content=\"Anthony Eschler\" \/>\n<meta name=\"twitter:card\" content=\"summary_large_image\" \/>\n<script type=\"application\/ld+json\" class=\"yoast-schema-graph\">{\"@context\":\"https:\\\/\\\/schema.org\",\"@graph\":[{\"@type\":\"Article\",\"@id\":\"https:\\\/\\\/www.eliterent.com\\\/fr\\\/louer-une-mini-a-paris\\\/#article\",\"isPartOf\":{\"@id\":\"https:\\\/\\\/www.eliterent.com\\\/fr\\\/louer-une-mini-a-paris\\\/\"},\"author\":{\"name\":\"Anthony Eschler\",\"@id\":\"https:\\\/\\\/www.eliterent.com\\\/#\\\/schema\\\/person\\\/7afdc7b8834b55a1ed893961ab071a65\"},\"headline\":\"Louer une Mini \u00e0 Paris\",\"datePublished\":\"2024-06-25T13:36:21+00:00\",\"dateModified\":\"2024-06-25T14:38:22+00:00\",\"mainEntityOfPage\":{\"@id\":\"https:\\\/\\\/www.eliterent.com\\\/fr\\\/louer-une-mini-a-paris\\\/\"},\"wordCount\":437,\"commentCount\":0,\"publisher\":{\"@id\":\"https:\\\/\\\/www.eliterent.com\\\/#organization\"},\"image\":{\"@id\":\"https:\\\/\\\/www.eliterent.com\\\/fr\\\/louer-une-mini-a-paris\\\/#primaryimage\"},\"thumbnailUrl\":\"https:\\\/\\\/www.eliterent.com\\\/wp-content\\\/uploads\\\/2021\\\/06\\\/CB-mini.png\",\"inLanguage\":\"fr-FR\",\"potentialAction\":[{\"@type\":\"CommentAction\",\"name\":\"Comment\",\"target\":[\"https:\\\/\\\/www.eliterent.com\\\/fr\\\/louer-une-mini-a-paris\\\/#respond\"]}]},{\"@type\":\"WebPage\",\"@id\":\"https:\\\/\\\/www.eliterent.com\\\/fr\\\/louer-une-mini-a-paris\\\/\",\"url\":\"https:\\\/\\\/www.eliterent.com\\\/fr\\\/louer-une-mini-a-paris\\\/\",\"name\":\"Louer une Mini \u00e0 Paris avec Elite Rent\",\"isPartOf\":{\"@id\":\"https:\\\/\\\/www.eliterent.com\\\/#website\"},\"primaryImageOfPage\":{\"@id\":\"https:\\\/\\\/www.eliterent.com\\\/fr\\\/louer-une-mini-a-paris\\\/#primaryimage\"},\"image\":{\"@id\":\"https:\\\/\\\/www.eliterent.com\\\/fr\\\/louer-une-mini-a-paris\\\/#primaryimage\"},\"thumbnailUrl\":\"https:\\\/\\\/www.eliterent.com\\\/wp-content\\\/uploads\\\/2021\\\/06\\\/CB-mini.png\",\"datePublished\":\"2024-06-25T13:36:21+00:00\",\"dateModified\":\"2024-06-25T14:38:22+00:00\",\"description\":\"Louer une Mini \u00e0 Paris avec Elite Rent - Service de livraison disponible \u00e0 Reims, Deauville, Disneyland et \u00e0 l'a\u00e9roport Charles-de-Gaulle.\",\"breadcrumb\":{\"@id\":\"https:\\\/\\\/www.eliterent.com\\\/fr\\\/louer-une-mini-a-paris\\\/#breadcrumb\"},\"inLanguage\":\"fr-FR\",\"potentialAction\":[{\"@type\":\"ReadAction\",\"target\":[\"https:\\\/\\\/www.eliterent.com\\\/fr\\\/louer-une-mini-a-paris\\\/\"]}]},{\"@type\":\"ImageObject\",\"inLanguage\":\"fr-FR\",\"@id\":\"https:\\\/\\\/www.eliterent.com\\\/fr\\\/louer-une-mini-a-paris\\\/#primaryimage\",\"url\":\"https:\\\/\\\/www.eliterent.com\\\/wp-content\\\/uploads\\\/2021\\\/06\\\/CB-mini.png\",\"contentUrl\":\"https:\\\/\\\/www.eliterent.com\\\/wp-content\\\/uploads\\\/2021\\\/06\\\/CB-mini.png\",\"width\":512,\"height\":512},{\"@type\":\"BreadcrumbList\",\"@id\":\"https:\\\/\\\/www.eliterent.com\\\/fr\\\/louer-une-mini-a-paris\\\/#breadcrumb\",\"itemListElement\":[{\"@type\":\"ListItem\",\"position\":1,\"name\":\"Home\",\"item\":\"https:\\\/\\\/www.eliterent.com\\\/fr\\\/\"},{\"@type\":\"ListItem\",\"position\":2,\"name\":\"Louer une Mini \u00e0 Paris\"}]},{\"@type\":\"WebSite\",\"@id\":\"https:\\\/\\\/www.eliterent.com\\\/#website\",\"url\":\"https:\\\/\\\/www.eliterent.com\\\/\",\"name\":\"Elite Rent\",\"description\":\"Rent a Car\",\"publisher\":{\"@id\":\"https:\\\/\\\/www.eliterent.com\\\/#organization\"},\"potentialAction\":[{\"@type\":\"SearchAction\",\"target\":{\"@type\":\"EntryPoint\",\"urlTemplate\":\"https:\\\/\\\/www.eliterent.com\\\/?s={search_term_string}\"},\"query-input\":{\"@type\":\"PropertyValueSpecification\",\"valueRequired\":true,\"valueName\":\"search_term_string\"}}],\"inLanguage\":\"fr-FR\"},{\"@type\":\"Organization\",\"@id\":\"https:\\\/\\\/www.eliterent.com\\\/#organization\",\"name\":\"Elite Rent\",\"url\":\"https:\\\/\\\/www.eliterent.com\\\/\",\"logo\":{\"@type\":\"ImageObject\",\"inLanguage\":\"fr-FR\",\"@id\":\"https:\\\/\\\/www.eliterent.com\\\/#\\\/schema\\\/logo\\\/image\\\/\",\"url\":\"https:\\\/\\\/www.eliterent.com\\\/wp-content\\\/uploads\\\/2020\\\/03\\\/Elite_Logo_NEW_2023_Final-1.png\",\"contentUrl\":\"https:\\\/\\\/www.eliterent.com\\\/wp-content\\\/uploads\\\/2020\\\/03\\\/Elite_Logo_NEW_2023_Final-1.png\",\"width\":828,\"height\":313,\"caption\":\"Elite Rent\"},\"image\":{\"@id\":\"https:\\\/\\\/www.eliterent.com\\\/#\\\/schema\\\/logo\\\/image\\\/\"}},{\"@type\":\"Person\",\"@id\":\"https:\\\/\\\/www.eliterent.com\\\/#\\\/schema\\\/person\\\/7afdc7b8834b55a1ed893961ab071a65\",\"name\":\"Anthony Eschler\",\"image\":{\"@type\":\"ImageObject\",\"inLanguage\":\"fr-FR\",\"@id\":\"https:\\\/\\\/secure.gravatar.com\\\/avatar\\\/2a38fa365cdc8cfec3d87e394c80abeab0df6f7e4b52eda611492b6df9196c7f?s=96&d=mm&r=g\",\"url\":\"https:\\\/\\\/secure.gravatar.com\\\/avatar\\\/2a38fa365cdc8cfec3d87e394c80abeab0df6f7e4b52eda611492b6df9196c7f?s=96&d=mm&r=g\",\"contentUrl\":\"https:\\\/\\\/secure.gravatar.com\\\/avatar\\\/2a38fa365cdc8cfec3d87e394c80abeab0df6f7e4b52eda611492b6df9196c7f?s=96&d=mm&r=g\",\"caption\":\"Anthony Eschler\"}}]}<\/script>\n<!-- \/ Yoast SEO plugin. -->","yoast_head_json":{"title":"Louer une Mini \u00e0 Paris avec Elite Rent","description":"Louer une Mini \u00e0 Paris avec Elite Rent - Service de livraison disponible \u00e0 Reims, Deauville, Disneyland et \u00e0 l'a\u00e9roport Charles-de-Gaulle.","robots":{"index":"index","follow":"follow","max-snippet":"max-snippet:-1","max-image-preview":"max-image-preview:large","max-video-preview":"max-video-preview:-1"},"canonical":"https:\/\/www.eliterent.com\/fr\/louer-une-mini-a-paris\/","og_locale":"fr_FR","og_type":"article","og_title":"Louer une Mini \u00e0 Paris avec Elite Rent","og_description":"Louer une Mini \u00e0 Paris avec Elite Rent - Service de livraison disponible \u00e0 Reims, Deauville, Disneyland et \u00e0 l'a\u00e9roport Charles-de-Gaulle.","og_url":"https:\/\/www.eliterent.com\/fr\/louer-une-mini-a-paris\/","og_site_name":"Elite Rent","article_published_time":"2024-06-25T13:36:21+00:00","article_modified_time":"2024-06-25T14:38:22+00:00","og_image":[{"width":512,"height":512,"url":"https:\/\/www.eliterent.com\/wp-content\/uploads\/2021\/06\/CB-mini.png","type":"image\/png"}],"author":"Anthony Eschler","twitter_card":"summary_large_image","schema":{"@context":"https:\/\/schema.org","@graph":[{"@type":"Article","@id":"https:\/\/www.eliterent.com\/fr\/louer-une-mini-a-paris\/#article","isPartOf":{"@id":"https:\/\/www.eliterent.com\/fr\/louer-une-mini-a-paris\/"},"author":{"name":"Anthony Eschler","@id":"https:\/\/www.eliterent.com\/#\/schema\/person\/7afdc7b8834b55a1ed893961ab071a65"},"headline":"Louer une Mini \u00e0 Paris","datePublished":"2024-06-25T13:36:21+00:00","dateModified":"2024-06-25T14:38:22+00:00","mainEntityOfPage":{"@id":"https:\/\/www.eliterent.com\/fr\/louer-une-mini-a-paris\/"},"wordCount":437,"commentCount":0,"publisher":{"@id":"https:\/\/www.eliterent.com\/#organization"},"image":{"@id":"https:\/\/www.eliterent.com\/fr\/louer-une-mini-a-paris\/#primaryimage"},"thumbnailUrl":"https:\/\/www.eliterent.com\/wp-content\/uploads\/2021\/06\/CB-mini.png","inLanguage":"fr-FR","potentialAction":[{"@type":"CommentAction","name":"Comment","target":["https:\/\/www.eliterent.com\/fr\/louer-une-mini-a-paris\/#respond"]}]},{"@type":"WebPage","@id":"https:\/\/www.eliterent.com\/fr\/louer-une-mini-a-paris\/","url":"https:\/\/www.eliterent.com\/fr\/louer-une-mini-a-paris\/","name":"Louer une Mini \u00e0 Paris avec Elite Rent","isPartOf":{"@id":"https:\/\/www.eliterent.com\/#website"},"primaryImageOfPage":{"@id":"https:\/\/www.eliterent.com\/fr\/louer-une-mini-a-paris\/#primaryimage"},"image":{"@id":"https:\/\/www.eliterent.com\/fr\/louer-une-mini-a-paris\/#primaryimage"},"thumbnailUrl":"https:\/\/www.eliterent.com\/wp-content\/uploads\/2021\/06\/CB-mini.png","datePublished":"2024-06-25T13:36:21+00:00","dateModified":"2024-06-25T14:38:22+00:00","description":"Louer une Mini \u00e0 Paris avec Elite Rent - Service de livraison disponible \u00e0 Reims, Deauville, Disneyland et \u00e0 l'a\u00e9roport Charles-de-Gaulle.","breadcrumb":{"@id":"https:\/\/www.eliterent.com\/fr\/louer-une-mini-a-paris\/#breadcrumb"},"inLanguage":"fr-FR","potentialAction":[{"@type":"ReadAction","target":["https:\/\/www.eliterent.com\/fr\/louer-une-mini-a-paris\/"]}]},{"@type":"ImageObject","inLanguage":"fr-FR","@id":"https:\/\/www.eliterent.com\/fr\/louer-une-mini-a-paris\/#primaryimage","url":"https:\/\/www.eliterent.com\/wp-content\/uploads\/2021\/06\/CB-mini.png","contentUrl":"https:\/\/www.eliterent.com\/wp-content\/uploads\/2021\/06\/CB-mini.png","width":512,"height":512},{"@type":"BreadcrumbList","@id":"https:\/\/www.eliterent.com\/fr\/louer-une-mini-a-paris\/#breadcrumb","itemListElement":[{"@type":"ListItem","position":1,"name":"Home","item":"https:\/\/www.eliterent.com\/fr\/"},{"@type":"ListItem","position":2,"name":"Louer une Mini \u00e0 Paris"}]},{"@type":"WebSite","@id":"https:\/\/www.eliterent.com\/#website","url":"https:\/\/www.eliterent.com\/","name":"Elite Rent","description":"Rent a Car","publisher":{"@id":"https:\/\/www.eliterent.com\/#organization"},"potentialAction":[{"@type":"SearchAction","target":{"@type":"EntryPoint","urlTemplate":"https:\/\/www.eliterent.com\/?s={search_term_string}"},"query-input":{"@type":"PropertyValueSpecification","valueRequired":true,"valueName":"search_term_string"}}],"inLanguage":"fr-FR"},{"@type":"Organization","@id":"https:\/\/www.eliterent.com\/#organization","name":"Elite Rent","url":"https:\/\/www.eliterent.com\/","logo":{"@type":"ImageObject","inLanguage":"fr-FR","@id":"https:\/\/www.eliterent.com\/#\/schema\/logo\/image\/","url":"https:\/\/www.eliterent.com\/wp-content\/uploads\/2020\/03\/Elite_Logo_NEW_2023_Final-1.png","contentUrl":"https:\/\/www.eliterent.com\/wp-content\/uploads\/2020\/03\/Elite_Logo_NEW_2023_Final-1.png","width":828,"height":313,"caption":"Elite Rent"},"image":{"@id":"https:\/\/www.eliterent.com\/#\/schema\/logo\/image\/"}},{"@type":"Person","@id":"https:\/\/www.eliterent.com\/#\/schema\/person\/7afdc7b8834b55a1ed893961ab071a65","name":"Anthony Eschler","image":{"@type":"ImageObject","inLanguage":"fr-FR","@id":"https:\/\/secure.gravatar.com\/avatar\/2a38fa365cdc8cfec3d87e394c80abeab0df6f7e4b52eda611492b6df9196c7f?s=96&d=mm&r=g","url":"https:\/\/secure.gravatar.com\/avatar\/2a38fa365cdc8cfec3d87e394c80abeab0df6f7e4b52eda611492b6df9196c7f?s=96&d=mm&r=g","contentUrl":"https:\/\/secure.gravatar.com\/avatar\/2a38fa365cdc8cfec3d87e394c80abeab0df6f7e4b52eda611492b6df9196c7f?s=96&d=mm&r=g","caption":"Anthony Eschler"}}]}},"_links":{"self":[{"href":"https:\/\/www.eliterent.com\/fr\/wp-json\/wp\/v2\/posts\/74144","targetHints":{"allow":["GET"]}}],"collection":[{"href":"https:\/\/www.eliterent.com\/fr\/wp-json\/wp\/v2\/posts"}],"about":[{"href":"https:\/\/www.eliterent.com\/fr\/wp-json\/wp\/v2\/types\/post"}],"author":[{"embeddable":true,"href":"https:\/\/www.eliterent.com\/fr\/wp-json\/wp\/v2\/users\/6"}],"replies":[{"embeddable":true,"href":"https:\/\/www.eliterent.com\/fr\/wp-json\/wp\/v2\/comments?post=74144"}],"version-history":[{"count":0,"href":"https:\/\/www.eliterent.com\/fr\/wp-json\/wp\/v2\/posts\/74144\/revisions"}],"wp:featuredmedia":[{"embeddable":true,"href":"https:\/\/www.eliterent.com\/fr\/wp-json\/wp\/v2\/media\/27859"}],"wp:attachment":[{"href":"https:\/\/www.eliterent.com\/fr\/wp-json\/wp\/v2\/media?parent=74144"}],"wp:term":[{"taxonomy":"category","embeddable":true,"href":"https:\/\/www.eliterent.com\/fr\/wp-json\/wp\/v2\/categories?post=74144"},{"taxonomy":"post_tag","embeddable":true,"href":"https:\/\/www.eliterent.com\/fr\/wp-json\/wp\/v2\/tags?post=74144"}],"curies":[{"name":"wp","href":"https:\/\/api.w.org\/{rel}","templated":true}]}}