{"id":74139,"date":"2024-06-25T15:01:04","date_gmt":"2024-06-25T13:01:04","guid":{"rendered":"https:\/\/www.eliterent.com\/rent-a-mercedes-benz-in-paris\/"},"modified":"2024-06-25T16:15:50","modified_gmt":"2024-06-25T14:15:50","slug":"louer-une-mercedes-benz-a-paris","status":"publish","type":"post","link":"https:\/\/www.eliterent.com\/fr\/louer-une-mercedes-benz-a-paris\/","title":{"rendered":"Louer une Mercedes-Benz \u00e0 Paris"},"content":{"rendered":"<h5>Louer une Mercedes-Benz \u00e0 Paris avec Elite Rent-a-Car<\/h5>\n<p>Avec Elite Rent, vous pouvez louer une Mercedes-Benz \u00e0 Paris. Louez des mod\u00e8les tels que la G 63 AMG, la Classe S, la SL 63 AMG, et la E 53 AMG Cabriolet. Louez une Mercedes-Benz SUV, berline, voiture de sport ou d\u00e9capotable. Service de livraison et de reprise sur mesure disponible \u00e0 Reims, Deauville, Disneyland et \u00e0 l&rsquo;a\u00e9roport Charles-de-Gaulle.<\/p>\n<h5>Un m\u00e9lange de luxe, de confort et de sophistication \u00e0 Paris<\/h5>\n<p>La location d&rsquo;une Mercedes-Benz \u00e0 Paris offre un m\u00e9lange de luxe, de confort et de sophistication qui vous permettra d&rsquo;explorer l&rsquo;une des villes les plus captivantes au monde. Paris, r\u00e9put\u00e9e pour son art, sa mode et ses hauts lieux culturels, offre un cadre id\u00e9al pour d\u00e9couvrir l&rsquo;\u00e9l\u00e9gance et l&rsquo;innovation d&rsquo;une Mercedes-Benz.<\/p>\n<p>Les locations Mercedes-Benz \u00e0 Paris proposent une gamme vari\u00e9e de mod\u00e8les, notamment l&rsquo;\u00e9l\u00e9gante berline Classe C, le luxueux coup\u00e9 Classe E et le spacieux SUV GLC. Chaque v\u00e9hicule est m\u00e9ticuleusement entretenu pour garantir des performances, une s\u00e9curit\u00e9 et un confort optimaux. Avec une Mercedes-Benz, vous profiterez de moteurs puissants, d&rsquo;une technologie de pointe et d&rsquo;un int\u00e9rieur haut de gamme, pour que chaque trajet dans Paris soit \u00e0 la fois luxueux et agr\u00e9able.<\/p>\n<p>Conduire une Mercedes-Benz \u00e0 Paris vous permet de parcourir les rues historiques et les grands boulevards de la ville avec aisance et sophistication. Imaginez que vous passez devant des monuments embl\u00e9matiques tels que la Tour Eiffel, le Mus\u00e9e du Louvre et les Champs-\u00c9lys\u00e9es dans le confort raffin\u00e9 et le style distinctif d&rsquo;une Mercedes-Benz. Que vous soyez en visite pour les loisirs, les affaires ou la romance, une location de Mercedes-Benz offre la combinaison parfaite de confort et de prestige.<\/p>\n<p>Les locations de Mercedes-Benz \u00e0 Paris s&rsquo;adressent aux voyageurs exigeants qui recherchent commodit\u00e9 et sophistication. De nombreux services de location proposent des forfaits personnalis\u00e9s avec des options flexibles de prise en charge et de restitution, garantissant une exp\u00e9rience transparente et sans stress du d\u00e9but \u00e0 la fin.<\/p>\n<p>En r\u00e9sum\u00e9, la location d&rsquo;une Mercedes-Benz \u00e0 Paris \u00e9l\u00e8ve votre exp\u00e9rience de voyage gr\u00e2ce \u00e0 son m\u00e9lange de luxe, de performance et d&rsquo;innovation. Explorez la ville enchanteresse de Paris et ses environs \u00e0 bord d&rsquo;une Mercedes-Benz, et rendez votre visite inoubliable et unique. D\u00e9couvrez la quintessence de l&rsquo;excellence automobile avec une location de Mercedes-Benz dans la Ville Lumi\u00e8re.<\/p>\n","protected":false},"excerpt":{"rendered":"<p>Louer une Mercedes-Benz \u00e0 Paris avec Elite Rent-a-Car Avec Elite Rent, vous pouvez louer une Mercedes-Benz \u00e0 Paris. Louez des mod\u00e8les tels que la G 63 AMG, la Classe S, la SL 63 AMG, et la E 53 AMG Cabriolet. Louez une Mercedes-Benz SUV, berline, voiture de sport ou d\u00e9capotable. Service de livraison et de [&hellip;]<\/p>\n","protected":false},"author":6,"featured_media":27838,"comment_status":"open","ping_status":"open","sticky":false,"template":"","format":"standard","meta":{"_acf_changed":false,"site-sidebar-layout":"default","site-content-layout":"default","ast-site-content-layout":"","site-content-style":"default","site-sidebar-style":"default","ast-global-header-display":"","ast-banner-title-visibility":"","ast-main-header-display":"","ast-hfb-above-header-display":"","ast-hfb-below-header-display":"","ast-hfb-mobile-header-display":"","site-post-title":"","ast-breadcrumbs-content":"","ast-featured-img":"","footer-sml-layout":"","theme-transparent-header-meta":"default","adv-header-id-meta":"","stick-header-meta":"","header-above-stick-meta":"","header-main-stick-meta":"","header-below-stick-meta":"","astra-migrate-meta-layouts":"default","ast-page-background-enabled":"default","ast-page-background-meta":{"desktop":{"background-color":"","background-image":"","background-repeat":"repeat","background-position":"center center","background-size":"auto","background-attachment":"scroll","background-type":"","background-media":"","overlay-type":"","overlay-color":"","overlay-opacity":"","overlay-gradient":""},"tablet":{"background-color":"","background-image":"","background-repeat":"repeat","background-position":"center center","background-size":"auto","background-attachment":"scroll","background-type":"","background-media":"","overlay-type":"","overlay-color":"","overlay-opacity":"","overlay-gradient":""},"mobile":{"background-color":"","background-image":"","background-repeat":"repeat","background-position":"center center","background-size":"auto","background-attachment":"scroll","background-type":"","background-media":"","overlay-type":"","overlay-color":"","overlay-opacity":"","overlay-gradient":""}},"ast-content-background-meta":{"desktop":{"background-color":"var(--ast-global-color-5)","background-image":"","background-repeat":"repeat","background-position":"center center","background-size":"auto","background-attachment":"scroll","background-type":"","background-media":"","overlay-type":"","overlay-color":"","overlay-opacity":"","overlay-gradient":""},"tablet":{"background-color":"var(--ast-global-color-5)","background-image":"","background-repeat":"repeat","background-position":"center center","background-size":"auto","background-attachment":"scroll","background-type":"","background-media":"","overlay-type":"","overlay-color":"","overlay-opacity":"","overlay-gradient":""},"mobile":{"background-color":"var(--ast-global-color-5)","background-image":"","background-repeat":"repeat","background-position":"center center","background-size":"auto","background-attachment":"scroll","background-type":"","background-media":"","overlay-type":"","overlay-color":"","overlay-opacity":"","overlay-gradient":""}},"footnotes":""},"categories":[820],"tags":[],"class_list":["post-74139","post","type-post","status-publish","format-standard","has-post-thumbnail","hentry","category-non-classifiee"],"acf":[],"yoast_head":"<!-- This site is optimized with the Yoast SEO plugin v27.4 - https:\/\/yoast.com\/product\/yoast-seo-wordpress\/ -->\n<title>Louer une Mercedes-Benz \u00e0 Paris avec Elite Rent<\/title>\n<meta name=\"description\" content=\"Louer une Mercedes-Benz \u00e0 Paris avec Elite Rent - Service de livraison \u00e0 Reims, Deauville, Disneyland et \u00e0 l&#039;a\u00e9roport Charles-de-Gaulle.\" \/>\n<meta name=\"robots\" content=\"index, follow, max-snippet:-1, max-image-preview:large, max-video-preview:-1\" \/>\n<link rel=\"canonical\" href=\"https:\/\/www.eliterent.com\/fr\/louer-une-mercedes-benz-a-paris\/\" \/>\n<meta property=\"og:locale\" content=\"fr_FR\" \/>\n<meta property=\"og:type\" content=\"article\" \/>\n<meta property=\"og:title\" content=\"Louer une Mercedes-Benz \u00e0 Paris avec Elite Rent\" \/>\n<meta property=\"og:description\" content=\"Louer une Mercedes-Benz \u00e0 Paris avec Elite Rent - Service de livraison \u00e0 Reims, Deauville, Disneyland et \u00e0 l&#039;a\u00e9roport Charles-de-Gaulle.\" \/>\n<meta property=\"og:url\" content=\"https:\/\/www.eliterent.com\/fr\/louer-une-mercedes-benz-a-paris\/\" \/>\n<meta property=\"og:site_name\" content=\"Elite Rent\" \/>\n<meta property=\"article:published_time\" content=\"2024-06-25T13:01:04+00:00\" \/>\n<meta property=\"article:modified_time\" content=\"2024-06-25T14:15:50+00:00\" \/>\n<meta property=\"og:image\" content=\"https:\/\/www.eliterent.com\/wp-content\/uploads\/2021\/06\/CB-mercedes-benz.png\" \/>\n\t<meta property=\"og:image:width\" content=\"512\" \/>\n\t<meta property=\"og:image:height\" content=\"512\" \/>\n\t<meta property=\"og:image:type\" content=\"image\/png\" \/>\n<meta name=\"author\" content=\"Anthony Eschler\" \/>\n<meta name=\"twitter:card\" content=\"summary_large_image\" \/>\n<script type=\"application\/ld+json\" class=\"yoast-schema-graph\">{\"@context\":\"https:\\\/\\\/schema.org\",\"@graph\":[{\"@type\":\"Article\",\"@id\":\"https:\\\/\\\/www.eliterent.com\\\/fr\\\/louer-une-mercedes-benz-a-paris\\\/#article\",\"isPartOf\":{\"@id\":\"https:\\\/\\\/www.eliterent.com\\\/fr\\\/louer-une-mercedes-benz-a-paris\\\/\"},\"author\":{\"name\":\"Anthony Eschler\",\"@id\":\"https:\\\/\\\/www.eliterent.com\\\/#\\\/schema\\\/person\\\/7afdc7b8834b55a1ed893961ab071a65\"},\"headline\":\"Louer une Mercedes-Benz \u00e0 Paris\",\"datePublished\":\"2024-06-25T13:01:04+00:00\",\"dateModified\":\"2024-06-25T14:15:50+00:00\",\"mainEntityOfPage\":{\"@id\":\"https:\\\/\\\/www.eliterent.com\\\/fr\\\/louer-une-mercedes-benz-a-paris\\\/\"},\"wordCount\":420,\"commentCount\":0,\"publisher\":{\"@id\":\"https:\\\/\\\/www.eliterent.com\\\/#organization\"},\"image\":{\"@id\":\"https:\\\/\\\/www.eliterent.com\\\/fr\\\/louer-une-mercedes-benz-a-paris\\\/#primaryimage\"},\"thumbnailUrl\":\"https:\\\/\\\/www.eliterent.com\\\/wp-content\\\/uploads\\\/2021\\\/06\\\/CB-mercedes-benz.png\",\"articleSection\":[\"Non classifi\u00e9(e)\"],\"inLanguage\":\"fr-FR\",\"potentialAction\":[{\"@type\":\"CommentAction\",\"name\":\"Comment\",\"target\":[\"https:\\\/\\\/www.eliterent.com\\\/fr\\\/louer-une-mercedes-benz-a-paris\\\/#respond\"]}]},{\"@type\":\"WebPage\",\"@id\":\"https:\\\/\\\/www.eliterent.com\\\/fr\\\/louer-une-mercedes-benz-a-paris\\\/\",\"url\":\"https:\\\/\\\/www.eliterent.com\\\/fr\\\/louer-une-mercedes-benz-a-paris\\\/\",\"name\":\"Louer une Mercedes-Benz \u00e0 Paris avec Elite Rent\",\"isPartOf\":{\"@id\":\"https:\\\/\\\/www.eliterent.com\\\/#website\"},\"primaryImageOfPage\":{\"@id\":\"https:\\\/\\\/www.eliterent.com\\\/fr\\\/louer-une-mercedes-benz-a-paris\\\/#primaryimage\"},\"image\":{\"@id\":\"https:\\\/\\\/www.eliterent.com\\\/fr\\\/louer-une-mercedes-benz-a-paris\\\/#primaryimage\"},\"thumbnailUrl\":\"https:\\\/\\\/www.eliterent.com\\\/wp-content\\\/uploads\\\/2021\\\/06\\\/CB-mercedes-benz.png\",\"datePublished\":\"2024-06-25T13:01:04+00:00\",\"dateModified\":\"2024-06-25T14:15:50+00:00\",\"description\":\"Louer une Mercedes-Benz \u00e0 Paris avec Elite Rent - Service de livraison \u00e0 Reims, Deauville, Disneyland et \u00e0 l'a\u00e9roport Charles-de-Gaulle.\",\"breadcrumb\":{\"@id\":\"https:\\\/\\\/www.eliterent.com\\\/fr\\\/louer-une-mercedes-benz-a-paris\\\/#breadcrumb\"},\"inLanguage\":\"fr-FR\",\"potentialAction\":[{\"@type\":\"ReadAction\",\"target\":[\"https:\\\/\\\/www.eliterent.com\\\/fr\\\/louer-une-mercedes-benz-a-paris\\\/\"]}]},{\"@type\":\"ImageObject\",\"inLanguage\":\"fr-FR\",\"@id\":\"https:\\\/\\\/www.eliterent.com\\\/fr\\\/louer-une-mercedes-benz-a-paris\\\/#primaryimage\",\"url\":\"https:\\\/\\\/www.eliterent.com\\\/wp-content\\\/uploads\\\/2021\\\/06\\\/CB-mercedes-benz.png\",\"contentUrl\":\"https:\\\/\\\/www.eliterent.com\\\/wp-content\\\/uploads\\\/2021\\\/06\\\/CB-mercedes-benz.png\",\"width\":512,\"height\":512},{\"@type\":\"BreadcrumbList\",\"@id\":\"https:\\\/\\\/www.eliterent.com\\\/fr\\\/louer-une-mercedes-benz-a-paris\\\/#breadcrumb\",\"itemListElement\":[{\"@type\":\"ListItem\",\"position\":1,\"name\":\"Home\",\"item\":\"https:\\\/\\\/www.eliterent.com\\\/fr\\\/\"},{\"@type\":\"ListItem\",\"position\":2,\"name\":\"Louer une Mercedes-Benz \u00e0 Paris\"}]},{\"@type\":\"WebSite\",\"@id\":\"https:\\\/\\\/www.eliterent.com\\\/#website\",\"url\":\"https:\\\/\\\/www.eliterent.com\\\/\",\"name\":\"Elite Rent\",\"description\":\"Rent a Car\",\"publisher\":{\"@id\":\"https:\\\/\\\/www.eliterent.com\\\/#organization\"},\"potentialAction\":[{\"@type\":\"SearchAction\",\"target\":{\"@type\":\"EntryPoint\",\"urlTemplate\":\"https:\\\/\\\/www.eliterent.com\\\/?s={search_term_string}\"},\"query-input\":{\"@type\":\"PropertyValueSpecification\",\"valueRequired\":true,\"valueName\":\"search_term_string\"}}],\"inLanguage\":\"fr-FR\"},{\"@type\":\"Organization\",\"@id\":\"https:\\\/\\\/www.eliterent.com\\\/#organization\",\"name\":\"Elite Rent\",\"url\":\"https:\\\/\\\/www.eliterent.com\\\/\",\"logo\":{\"@type\":\"ImageObject\",\"inLanguage\":\"fr-FR\",\"@id\":\"https:\\\/\\\/www.eliterent.com\\\/#\\\/schema\\\/logo\\\/image\\\/\",\"url\":\"https:\\\/\\\/www.eliterent.com\\\/wp-content\\\/uploads\\\/2020\\\/03\\\/Elite_Logo_NEW_2023_Final-1.png\",\"contentUrl\":\"https:\\\/\\\/www.eliterent.com\\\/wp-content\\\/uploads\\\/2020\\\/03\\\/Elite_Logo_NEW_2023_Final-1.png\",\"width\":828,\"height\":313,\"caption\":\"Elite Rent\"},\"image\":{\"@id\":\"https:\\\/\\\/www.eliterent.com\\\/#\\\/schema\\\/logo\\\/image\\\/\"}},{\"@type\":\"Person\",\"@id\":\"https:\\\/\\\/www.eliterent.com\\\/#\\\/schema\\\/person\\\/7afdc7b8834b55a1ed893961ab071a65\",\"name\":\"Anthony Eschler\",\"image\":{\"@type\":\"ImageObject\",\"inLanguage\":\"fr-FR\",\"@id\":\"https:\\\/\\\/secure.gravatar.com\\\/avatar\\\/2a38fa365cdc8cfec3d87e394c80abeab0df6f7e4b52eda611492b6df9196c7f?s=96&d=mm&r=g\",\"url\":\"https:\\\/\\\/secure.gravatar.com\\\/avatar\\\/2a38fa365cdc8cfec3d87e394c80abeab0df6f7e4b52eda611492b6df9196c7f?s=96&d=mm&r=g\",\"contentUrl\":\"https:\\\/\\\/secure.gravatar.com\\\/avatar\\\/2a38fa365cdc8cfec3d87e394c80abeab0df6f7e4b52eda611492b6df9196c7f?s=96&d=mm&r=g\",\"caption\":\"Anthony Eschler\"}}]}<\/script>\n<!-- \/ Yoast SEO plugin. -->","yoast_head_json":{"title":"Louer une Mercedes-Benz \u00e0 Paris avec Elite Rent","description":"Louer une Mercedes-Benz \u00e0 Paris avec Elite Rent - Service de livraison \u00e0 Reims, Deauville, Disneyland et \u00e0 l'a\u00e9roport Charles-de-Gaulle.","robots":{"index":"index","follow":"follow","max-snippet":"max-snippet:-1","max-image-preview":"max-image-preview:large","max-video-preview":"max-video-preview:-1"},"canonical":"https:\/\/www.eliterent.com\/fr\/louer-une-mercedes-benz-a-paris\/","og_locale":"fr_FR","og_type":"article","og_title":"Louer une Mercedes-Benz \u00e0 Paris avec Elite Rent","og_description":"Louer une Mercedes-Benz \u00e0 Paris avec Elite Rent - Service de livraison \u00e0 Reims, Deauville, Disneyland et \u00e0 l'a\u00e9roport Charles-de-Gaulle.","og_url":"https:\/\/www.eliterent.com\/fr\/louer-une-mercedes-benz-a-paris\/","og_site_name":"Elite Rent","article_published_time":"2024-06-25T13:01:04+00:00","article_modified_time":"2024-06-25T14:15:50+00:00","og_image":[{"width":512,"height":512,"url":"https:\/\/www.eliterent.com\/wp-content\/uploads\/2021\/06\/CB-mercedes-benz.png","type":"image\/png"}],"author":"Anthony Eschler","twitter_card":"summary_large_image","schema":{"@context":"https:\/\/schema.org","@graph":[{"@type":"Article","@id":"https:\/\/www.eliterent.com\/fr\/louer-une-mercedes-benz-a-paris\/#article","isPartOf":{"@id":"https:\/\/www.eliterent.com\/fr\/louer-une-mercedes-benz-a-paris\/"},"author":{"name":"Anthony Eschler","@id":"https:\/\/www.eliterent.com\/#\/schema\/person\/7afdc7b8834b55a1ed893961ab071a65"},"headline":"Louer une Mercedes-Benz \u00e0 Paris","datePublished":"2024-06-25T13:01:04+00:00","dateModified":"2024-06-25T14:15:50+00:00","mainEntityOfPage":{"@id":"https:\/\/www.eliterent.com\/fr\/louer-une-mercedes-benz-a-paris\/"},"wordCount":420,"commentCount":0,"publisher":{"@id":"https:\/\/www.eliterent.com\/#organization"},"image":{"@id":"https:\/\/www.eliterent.com\/fr\/louer-une-mercedes-benz-a-paris\/#primaryimage"},"thumbnailUrl":"https:\/\/www.eliterent.com\/wp-content\/uploads\/2021\/06\/CB-mercedes-benz.png","articleSection":["Non classifi\u00e9(e)"],"inLanguage":"fr-FR","potentialAction":[{"@type":"CommentAction","name":"Comment","target":["https:\/\/www.eliterent.com\/fr\/louer-une-mercedes-benz-a-paris\/#respond"]}]},{"@type":"WebPage","@id":"https:\/\/www.eliterent.com\/fr\/louer-une-mercedes-benz-a-paris\/","url":"https:\/\/www.eliterent.com\/fr\/louer-une-mercedes-benz-a-paris\/","name":"Louer une Mercedes-Benz \u00e0 Paris avec Elite Rent","isPartOf":{"@id":"https:\/\/www.eliterent.com\/#website"},"primaryImageOfPage":{"@id":"https:\/\/www.eliterent.com\/fr\/louer-une-mercedes-benz-a-paris\/#primaryimage"},"image":{"@id":"https:\/\/www.eliterent.com\/fr\/louer-une-mercedes-benz-a-paris\/#primaryimage"},"thumbnailUrl":"https:\/\/www.eliterent.com\/wp-content\/uploads\/2021\/06\/CB-mercedes-benz.png","datePublished":"2024-06-25T13:01:04+00:00","dateModified":"2024-06-25T14:15:50+00:00","description":"Louer une Mercedes-Benz \u00e0 Paris avec Elite Rent - Service de livraison \u00e0 Reims, Deauville, Disneyland et \u00e0 l'a\u00e9roport Charles-de-Gaulle.","breadcrumb":{"@id":"https:\/\/www.eliterent.com\/fr\/louer-une-mercedes-benz-a-paris\/#breadcrumb"},"inLanguage":"fr-FR","potentialAction":[{"@type":"ReadAction","target":["https:\/\/www.eliterent.com\/fr\/louer-une-mercedes-benz-a-paris\/"]}]},{"@type":"ImageObject","inLanguage":"fr-FR","@id":"https:\/\/www.eliterent.com\/fr\/louer-une-mercedes-benz-a-paris\/#primaryimage","url":"https:\/\/www.eliterent.com\/wp-content\/uploads\/2021\/06\/CB-mercedes-benz.png","contentUrl":"https:\/\/www.eliterent.com\/wp-content\/uploads\/2021\/06\/CB-mercedes-benz.png","width":512,"height":512},{"@type":"BreadcrumbList","@id":"https:\/\/www.eliterent.com\/fr\/louer-une-mercedes-benz-a-paris\/#breadcrumb","itemListElement":[{"@type":"ListItem","position":1,"name":"Home","item":"https:\/\/www.eliterent.com\/fr\/"},{"@type":"ListItem","position":2,"name":"Louer une Mercedes-Benz \u00e0 Paris"}]},{"@type":"WebSite","@id":"https:\/\/www.eliterent.com\/#website","url":"https:\/\/www.eliterent.com\/","name":"Elite Rent","description":"Rent a Car","publisher":{"@id":"https:\/\/www.eliterent.com\/#organization"},"potentialAction":[{"@type":"SearchAction","target":{"@type":"EntryPoint","urlTemplate":"https:\/\/www.eliterent.com\/?s={search_term_string}"},"query-input":{"@type":"PropertyValueSpecification","valueRequired":true,"valueName":"search_term_string"}}],"inLanguage":"fr-FR"},{"@type":"Organization","@id":"https:\/\/www.eliterent.com\/#organization","name":"Elite Rent","url":"https:\/\/www.eliterent.com\/","logo":{"@type":"ImageObject","inLanguage":"fr-FR","@id":"https:\/\/www.eliterent.com\/#\/schema\/logo\/image\/","url":"https:\/\/www.eliterent.com\/wp-content\/uploads\/2020\/03\/Elite_Logo_NEW_2023_Final-1.png","contentUrl":"https:\/\/www.eliterent.com\/wp-content\/uploads\/2020\/03\/Elite_Logo_NEW_2023_Final-1.png","width":828,"height":313,"caption":"Elite Rent"},"image":{"@id":"https:\/\/www.eliterent.com\/#\/schema\/logo\/image\/"}},{"@type":"Person","@id":"https:\/\/www.eliterent.com\/#\/schema\/person\/7afdc7b8834b55a1ed893961ab071a65","name":"Anthony Eschler","image":{"@type":"ImageObject","inLanguage":"fr-FR","@id":"https:\/\/secure.gravatar.com\/avatar\/2a38fa365cdc8cfec3d87e394c80abeab0df6f7e4b52eda611492b6df9196c7f?s=96&d=mm&r=g","url":"https:\/\/secure.gravatar.com\/avatar\/2a38fa365cdc8cfec3d87e394c80abeab0df6f7e4b52eda611492b6df9196c7f?s=96&d=mm&r=g","contentUrl":"https:\/\/secure.gravatar.com\/avatar\/2a38fa365cdc8cfec3d87e394c80abeab0df6f7e4b52eda611492b6df9196c7f?s=96&d=mm&r=g","caption":"Anthony Eschler"}}]}},"_links":{"self":[{"href":"https:\/\/www.eliterent.com\/fr\/wp-json\/wp\/v2\/posts\/74139","targetHints":{"allow":["GET"]}}],"collection":[{"href":"https:\/\/www.eliterent.com\/fr\/wp-json\/wp\/v2\/posts"}],"about":[{"href":"https:\/\/www.eliterent.com\/fr\/wp-json\/wp\/v2\/types\/post"}],"author":[{"embeddable":true,"href":"https:\/\/www.eliterent.com\/fr\/wp-json\/wp\/v2\/users\/6"}],"replies":[{"embeddable":true,"href":"https:\/\/www.eliterent.com\/fr\/wp-json\/wp\/v2\/comments?post=74139"}],"version-history":[{"count":0,"href":"https:\/\/www.eliterent.com\/fr\/wp-json\/wp\/v2\/posts\/74139\/revisions"}],"wp:featuredmedia":[{"embeddable":true,"href":"https:\/\/www.eliterent.com\/fr\/wp-json\/wp\/v2\/media\/27838"}],"wp:attachment":[{"href":"https:\/\/www.eliterent.com\/fr\/wp-json\/wp\/v2\/media?parent=74139"}],"wp:term":[{"taxonomy":"category","embeddable":true,"href":"https:\/\/www.eliterent.com\/fr\/wp-json\/wp\/v2\/categories?post=74139"},{"taxonomy":"post_tag","embeddable":true,"href":"https:\/\/www.eliterent.com\/fr\/wp-json\/wp\/v2\/tags?post=74139"}],"curies":[{"name":"wp","href":"https:\/\/api.w.org\/{rel}","templated":true}]}}