{"id":74115,"date":"2024-06-25T11:52:13","date_gmt":"2024-06-25T09:52:13","guid":{"rendered":"https:\/\/www.eliterent.com\/rent-a-porsche-in-munich\/"},"modified":"2024-06-25T12:02:23","modified_gmt":"2024-06-25T10:02:23","slug":"louer-une-porsche-a-munich","status":"publish","type":"post","link":"https:\/\/www.eliterent.com\/fr\/louer-une-porsche-a-munich\/","title":{"rendered":"Louer une Porsche \u00e0 Munich"},"content":{"rendered":"<h5>Louer une Porsche \u00e0 Munich avec Elite Rent-a-Car<\/h5>\n<p>Avec Elite Rent, vous pouvez louer une Porsche \u00e0 Munich. Louez des mod\u00e8les tels que le Cayenne, le Macan, la 911 (992) Carrera et le 718 Boxster. Louez une Porsche SUV, une berline, une voiture de sport ou une d\u00e9capotable. Service de livraison et de reprise sur mesure disponible \u00e0 Francfort, Stuttgart, Berlin et Salzbourg.<\/p>\n<h5>Une exp\u00e9rience de conduite exaltante et luxueuse \u00e0 Munich<\/h5>\n<p>Louer une Porsche \u00e0 Munich, c&rsquo;est s&rsquo;offrir une exp\u00e9rience de conduite exaltante et luxueuse, id\u00e9ale pour d\u00e9couvrir cette ville historique et anim\u00e9e. Munich, r\u00e9put\u00e9e pour son riche patrimoine culturel, son architecture \u00e9tonnante et ses rues anim\u00e9es, constitue une toile de fond id\u00e9ale pour d\u00e9couvrir l&rsquo;exaltation et l&rsquo;\u00e9l\u00e9gance d&rsquo;une Porsche.<\/p>\n<p>Les locations de Porsche \u00e0 Munich comprennent une vari\u00e9t\u00e9 de mod\u00e8les, tels que l&#8217;embl\u00e9matique Porsche 911, la polyvalente Porsche Cayenne et l&rsquo;\u00e9l\u00e9gante Porsche Panamera. Chaque v\u00e9hicule est m\u00e9ticuleusement entretenu pour garantir des performances, une s\u00e9curit\u00e9 et un confort de premier ordre. Avec une Porsche, vous d\u00e9couvrirez des moteurs puissants, des technologies de pointe et des int\u00e9rieurs luxueux, faisant de chaque trajet \u00e0 travers Munich une aventure inoubliable.<\/p>\n<p>Naviguer \u00e0 Munich \u00e0 bord d&rsquo;une Porsche vous permet de vous fondre dans l&rsquo;atmosph\u00e8re sophistiqu\u00e9e de la ville. Imaginez que vous passez devant des monuments tels que la Marienplatz, le ch\u00e2teau de Nymphenburg et le jardin anglais dans le luxe raffin\u00e9 d&rsquo;une Porsche. Pour ceux qui souhaitent s&rsquo;aventurer au-del\u00e0 de la ville, une Porsche est id\u00e9ale pour des trajets panoramiques vers les Alpes bavaroises, la Route romantique ou les lacs et ch\u00e2teaux pittoresques des environs.<\/p>\n<p>Les locations de Porsche \u00e0 Munich s&rsquo;adressent aussi bien aux voyageurs d&rsquo;affaires qu&rsquo;aux touristes. Que vous assistiez \u00e0 un \u00e9v\u00e9nement important, que vous planifiez une escapade romantique ou que vous souhaitiez simplement vous offrir une exp\u00e9rience de conduite ultime, la location d&rsquo;une Porsche offre un luxe et une commodit\u00e9 in\u00e9gal\u00e9s. De nombreux services de location \u00e0 Munich proposent des formules personnalis\u00e9es, y compris des options de livraison et de prise en charge, pour une exp\u00e9rience sans faille et sans stress.<\/p>\n<p>En r\u00e9sum\u00e9, la location d&rsquo;une Porsche \u00e0 Munich rehausse votre exp\u00e9rience de voyage gr\u00e2ce \u00e0 son m\u00e9lange de luxe, de performance et de style. Explorez la ville et ses magnifiques environs \u00e0 bord d&rsquo;une Porsche, et rendez votre visite \u00e0 Munich vraiment extraordinaire et inoubliable. Faites l&rsquo;exp\u00e9rience de la conduite d&rsquo;une Porsche et d\u00e9couvrez Munich comme jamais auparavant.<\/p>\n","protected":false},"excerpt":{"rendered":"<p>Louer une Porsche \u00e0 Munich avec Elite Rent-a-Car Avec Elite Rent, vous pouvez louer une Porsche \u00e0 Munich. Louez des mod\u00e8les tels que le Cayenne, le Macan, la 911 (992) Carrera et le 718 Boxster. Louez une Porsche SUV, une berline, une voiture de sport ou une d\u00e9capotable. Service de livraison et de reprise sur [&hellip;]<\/p>\n","protected":false},"author":6,"featured_media":27841,"comment_status":"open","ping_status":"open","sticky":false,"template":"","format":"standard","meta":{"_acf_changed":false,"site-sidebar-layout":"default","site-content-layout":"default","ast-site-content-layout":"","site-content-style":"default","site-sidebar-style":"default","ast-global-header-display":"","ast-banner-title-visibility":"","ast-main-header-display":"","ast-hfb-above-header-display":"","ast-hfb-below-header-display":"","ast-hfb-mobile-header-display":"","site-post-title":"","ast-breadcrumbs-content":"","ast-featured-img":"","footer-sml-layout":"","theme-transparent-header-meta":"default","adv-header-id-meta":"","stick-header-meta":"","header-above-stick-meta":"","header-main-stick-meta":"","header-below-stick-meta":"","astra-migrate-meta-layouts":"default","ast-page-background-enabled":"default","ast-page-background-meta":{"desktop":{"background-color":"","background-image":"","background-repeat":"repeat","background-position":"center center","background-size":"auto","background-attachment":"scroll","background-type":"","background-media":"","overlay-type":"","overlay-color":"","overlay-opacity":"","overlay-gradient":""},"tablet":{"background-color":"","background-image":"","background-repeat":"repeat","background-position":"center center","background-size":"auto","background-attachment":"scroll","background-type":"","background-media":"","overlay-type":"","overlay-color":"","overlay-opacity":"","overlay-gradient":""},"mobile":{"background-color":"","background-image":"","background-repeat":"repeat","background-position":"center center","background-size":"auto","background-attachment":"scroll","background-type":"","background-media":"","overlay-type":"","overlay-color":"","overlay-opacity":"","overlay-gradient":""}},"ast-content-background-meta":{"desktop":{"background-color":"var(--ast-global-color-5)","background-image":"","background-repeat":"repeat","background-position":"center center","background-size":"auto","background-attachment":"scroll","background-type":"","background-media":"","overlay-type":"","overlay-color":"","overlay-opacity":"","overlay-gradient":""},"tablet":{"background-color":"var(--ast-global-color-5)","background-image":"","background-repeat":"repeat","background-position":"center center","background-size":"auto","background-attachment":"scroll","background-type":"","background-media":"","overlay-type":"","overlay-color":"","overlay-opacity":"","overlay-gradient":""},"mobile":{"background-color":"var(--ast-global-color-5)","background-image":"","background-repeat":"repeat","background-position":"center center","background-size":"auto","background-attachment":"scroll","background-type":"","background-media":"","overlay-type":"","overlay-color":"","overlay-opacity":"","overlay-gradient":""}},"footnotes":""},"categories":[820],"tags":[],"class_list":["post-74115","post","type-post","status-publish","format-standard","has-post-thumbnail","hentry","category-non-classifiee"],"acf":[],"yoast_head":"<!-- This site is optimized with the Yoast SEO plugin v27.4 - https:\/\/yoast.com\/product\/yoast-seo-wordpress\/ -->\n<title>Louer une Porsche \u00e0 Munich avec Elite Rent<\/title>\n<meta name=\"description\" content=\"Louer une Porsche \u00e0 Munich avec Elite Rent - Service de livraison sur mesure disponible \u00e0 Francfort, Stuttgart, Berlin et Salzbourg.\" \/>\n<meta name=\"robots\" content=\"index, follow, max-snippet:-1, max-image-preview:large, max-video-preview:-1\" \/>\n<link rel=\"canonical\" href=\"https:\/\/www.eliterent.com\/fr\/louer-une-porsche-a-munich\/\" \/>\n<meta property=\"og:locale\" content=\"fr_FR\" \/>\n<meta property=\"og:type\" content=\"article\" \/>\n<meta property=\"og:title\" content=\"Louer une Porsche \u00e0 Munich avec Elite Rent\" \/>\n<meta property=\"og:description\" content=\"Louer une Porsche \u00e0 Munich avec Elite Rent - Service de livraison sur mesure disponible \u00e0 Francfort, Stuttgart, Berlin et Salzbourg.\" \/>\n<meta property=\"og:url\" content=\"https:\/\/www.eliterent.com\/fr\/louer-une-porsche-a-munich\/\" \/>\n<meta property=\"og:site_name\" content=\"Elite Rent\" \/>\n<meta property=\"article:published_time\" content=\"2024-06-25T09:52:13+00:00\" \/>\n<meta property=\"article:modified_time\" content=\"2024-06-25T10:02:23+00:00\" \/>\n<meta property=\"og:image\" content=\"https:\/\/www.eliterent.com\/wp-content\/uploads\/2021\/06\/CB-porsche.png\" \/>\n\t<meta property=\"og:image:width\" content=\"512\" \/>\n\t<meta property=\"og:image:height\" content=\"512\" \/>\n\t<meta property=\"og:image:type\" content=\"image\/png\" \/>\n<meta name=\"author\" content=\"Anthony Eschler\" \/>\n<meta name=\"twitter:card\" content=\"summary_large_image\" \/>\n<script type=\"application\/ld+json\" class=\"yoast-schema-graph\">{\"@context\":\"https:\\\/\\\/schema.org\",\"@graph\":[{\"@type\":\"Article\",\"@id\":\"https:\\\/\\\/www.eliterent.com\\\/fr\\\/louer-une-porsche-a-munich\\\/#article\",\"isPartOf\":{\"@id\":\"https:\\\/\\\/www.eliterent.com\\\/fr\\\/louer-une-porsche-a-munich\\\/\"},\"author\":{\"name\":\"Anthony Eschler\",\"@id\":\"https:\\\/\\\/www.eliterent.com\\\/#\\\/schema\\\/person\\\/7afdc7b8834b55a1ed893961ab071a65\"},\"headline\":\"Louer une Porsche \u00e0 Munich\",\"datePublished\":\"2024-06-25T09:52:13+00:00\",\"dateModified\":\"2024-06-25T10:02:23+00:00\",\"mainEntityOfPage\":{\"@id\":\"https:\\\/\\\/www.eliterent.com\\\/fr\\\/louer-une-porsche-a-munich\\\/\"},\"wordCount\":443,\"commentCount\":0,\"publisher\":{\"@id\":\"https:\\\/\\\/www.eliterent.com\\\/#organization\"},\"image\":{\"@id\":\"https:\\\/\\\/www.eliterent.com\\\/fr\\\/louer-une-porsche-a-munich\\\/#primaryimage\"},\"thumbnailUrl\":\"https:\\\/\\\/www.eliterent.com\\\/wp-content\\\/uploads\\\/2021\\\/06\\\/CB-porsche.png\",\"articleSection\":[\"Non classifi\u00e9(e)\"],\"inLanguage\":\"fr-FR\",\"potentialAction\":[{\"@type\":\"CommentAction\",\"name\":\"Comment\",\"target\":[\"https:\\\/\\\/www.eliterent.com\\\/fr\\\/louer-une-porsche-a-munich\\\/#respond\"]}]},{\"@type\":\"WebPage\",\"@id\":\"https:\\\/\\\/www.eliterent.com\\\/fr\\\/louer-une-porsche-a-munich\\\/\",\"url\":\"https:\\\/\\\/www.eliterent.com\\\/fr\\\/louer-une-porsche-a-munich\\\/\",\"name\":\"Louer une Porsche \u00e0 Munich avec Elite Rent\",\"isPartOf\":{\"@id\":\"https:\\\/\\\/www.eliterent.com\\\/#website\"},\"primaryImageOfPage\":{\"@id\":\"https:\\\/\\\/www.eliterent.com\\\/fr\\\/louer-une-porsche-a-munich\\\/#primaryimage\"},\"image\":{\"@id\":\"https:\\\/\\\/www.eliterent.com\\\/fr\\\/louer-une-porsche-a-munich\\\/#primaryimage\"},\"thumbnailUrl\":\"https:\\\/\\\/www.eliterent.com\\\/wp-content\\\/uploads\\\/2021\\\/06\\\/CB-porsche.png\",\"datePublished\":\"2024-06-25T09:52:13+00:00\",\"dateModified\":\"2024-06-25T10:02:23+00:00\",\"description\":\"Louer une Porsche \u00e0 Munich avec Elite Rent - Service de livraison sur mesure disponible \u00e0 Francfort, Stuttgart, Berlin et Salzbourg.\",\"breadcrumb\":{\"@id\":\"https:\\\/\\\/www.eliterent.com\\\/fr\\\/louer-une-porsche-a-munich\\\/#breadcrumb\"},\"inLanguage\":\"fr-FR\",\"potentialAction\":[{\"@type\":\"ReadAction\",\"target\":[\"https:\\\/\\\/www.eliterent.com\\\/fr\\\/louer-une-porsche-a-munich\\\/\"]}]},{\"@type\":\"ImageObject\",\"inLanguage\":\"fr-FR\",\"@id\":\"https:\\\/\\\/www.eliterent.com\\\/fr\\\/louer-une-porsche-a-munich\\\/#primaryimage\",\"url\":\"https:\\\/\\\/www.eliterent.com\\\/wp-content\\\/uploads\\\/2021\\\/06\\\/CB-porsche.png\",\"contentUrl\":\"https:\\\/\\\/www.eliterent.com\\\/wp-content\\\/uploads\\\/2021\\\/06\\\/CB-porsche.png\",\"width\":512,\"height\":512},{\"@type\":\"BreadcrumbList\",\"@id\":\"https:\\\/\\\/www.eliterent.com\\\/fr\\\/louer-une-porsche-a-munich\\\/#breadcrumb\",\"itemListElement\":[{\"@type\":\"ListItem\",\"position\":1,\"name\":\"Home\",\"item\":\"https:\\\/\\\/www.eliterent.com\\\/fr\\\/\"},{\"@type\":\"ListItem\",\"position\":2,\"name\":\"Louer une Porsche \u00e0 Munich\"}]},{\"@type\":\"WebSite\",\"@id\":\"https:\\\/\\\/www.eliterent.com\\\/#website\",\"url\":\"https:\\\/\\\/www.eliterent.com\\\/\",\"name\":\"Elite Rent\",\"description\":\"Rent a Car\",\"publisher\":{\"@id\":\"https:\\\/\\\/www.eliterent.com\\\/#organization\"},\"potentialAction\":[{\"@type\":\"SearchAction\",\"target\":{\"@type\":\"EntryPoint\",\"urlTemplate\":\"https:\\\/\\\/www.eliterent.com\\\/?s={search_term_string}\"},\"query-input\":{\"@type\":\"PropertyValueSpecification\",\"valueRequired\":true,\"valueName\":\"search_term_string\"}}],\"inLanguage\":\"fr-FR\"},{\"@type\":\"Organization\",\"@id\":\"https:\\\/\\\/www.eliterent.com\\\/#organization\",\"name\":\"Elite Rent\",\"url\":\"https:\\\/\\\/www.eliterent.com\\\/\",\"logo\":{\"@type\":\"ImageObject\",\"inLanguage\":\"fr-FR\",\"@id\":\"https:\\\/\\\/www.eliterent.com\\\/#\\\/schema\\\/logo\\\/image\\\/\",\"url\":\"https:\\\/\\\/www.eliterent.com\\\/wp-content\\\/uploads\\\/2020\\\/03\\\/Elite_Logo_NEW_2023_Final-1.png\",\"contentUrl\":\"https:\\\/\\\/www.eliterent.com\\\/wp-content\\\/uploads\\\/2020\\\/03\\\/Elite_Logo_NEW_2023_Final-1.png\",\"width\":828,\"height\":313,\"caption\":\"Elite Rent\"},\"image\":{\"@id\":\"https:\\\/\\\/www.eliterent.com\\\/#\\\/schema\\\/logo\\\/image\\\/\"}},{\"@type\":\"Person\",\"@id\":\"https:\\\/\\\/www.eliterent.com\\\/#\\\/schema\\\/person\\\/7afdc7b8834b55a1ed893961ab071a65\",\"name\":\"Anthony Eschler\",\"image\":{\"@type\":\"ImageObject\",\"inLanguage\":\"fr-FR\",\"@id\":\"https:\\\/\\\/secure.gravatar.com\\\/avatar\\\/2a38fa365cdc8cfec3d87e394c80abeab0df6f7e4b52eda611492b6df9196c7f?s=96&d=mm&r=g\",\"url\":\"https:\\\/\\\/secure.gravatar.com\\\/avatar\\\/2a38fa365cdc8cfec3d87e394c80abeab0df6f7e4b52eda611492b6df9196c7f?s=96&d=mm&r=g\",\"contentUrl\":\"https:\\\/\\\/secure.gravatar.com\\\/avatar\\\/2a38fa365cdc8cfec3d87e394c80abeab0df6f7e4b52eda611492b6df9196c7f?s=96&d=mm&r=g\",\"caption\":\"Anthony Eschler\"}}]}<\/script>\n<!-- \/ Yoast SEO plugin. -->","yoast_head_json":{"title":"Louer une Porsche \u00e0 Munich avec Elite Rent","description":"Louer une Porsche \u00e0 Munich avec Elite Rent - Service de livraison sur mesure disponible \u00e0 Francfort, Stuttgart, Berlin et Salzbourg.","robots":{"index":"index","follow":"follow","max-snippet":"max-snippet:-1","max-image-preview":"max-image-preview:large","max-video-preview":"max-video-preview:-1"},"canonical":"https:\/\/www.eliterent.com\/fr\/louer-une-porsche-a-munich\/","og_locale":"fr_FR","og_type":"article","og_title":"Louer une Porsche \u00e0 Munich avec Elite Rent","og_description":"Louer une Porsche \u00e0 Munich avec Elite Rent - Service de livraison sur mesure disponible \u00e0 Francfort, Stuttgart, Berlin et Salzbourg.","og_url":"https:\/\/www.eliterent.com\/fr\/louer-une-porsche-a-munich\/","og_site_name":"Elite Rent","article_published_time":"2024-06-25T09:52:13+00:00","article_modified_time":"2024-06-25T10:02:23+00:00","og_image":[{"width":512,"height":512,"url":"https:\/\/www.eliterent.com\/wp-content\/uploads\/2021\/06\/CB-porsche.png","type":"image\/png"}],"author":"Anthony Eschler","twitter_card":"summary_large_image","schema":{"@context":"https:\/\/schema.org","@graph":[{"@type":"Article","@id":"https:\/\/www.eliterent.com\/fr\/louer-une-porsche-a-munich\/#article","isPartOf":{"@id":"https:\/\/www.eliterent.com\/fr\/louer-une-porsche-a-munich\/"},"author":{"name":"Anthony Eschler","@id":"https:\/\/www.eliterent.com\/#\/schema\/person\/7afdc7b8834b55a1ed893961ab071a65"},"headline":"Louer une Porsche \u00e0 Munich","datePublished":"2024-06-25T09:52:13+00:00","dateModified":"2024-06-25T10:02:23+00:00","mainEntityOfPage":{"@id":"https:\/\/www.eliterent.com\/fr\/louer-une-porsche-a-munich\/"},"wordCount":443,"commentCount":0,"publisher":{"@id":"https:\/\/www.eliterent.com\/#organization"},"image":{"@id":"https:\/\/www.eliterent.com\/fr\/louer-une-porsche-a-munich\/#primaryimage"},"thumbnailUrl":"https:\/\/www.eliterent.com\/wp-content\/uploads\/2021\/06\/CB-porsche.png","articleSection":["Non classifi\u00e9(e)"],"inLanguage":"fr-FR","potentialAction":[{"@type":"CommentAction","name":"Comment","target":["https:\/\/www.eliterent.com\/fr\/louer-une-porsche-a-munich\/#respond"]}]},{"@type":"WebPage","@id":"https:\/\/www.eliterent.com\/fr\/louer-une-porsche-a-munich\/","url":"https:\/\/www.eliterent.com\/fr\/louer-une-porsche-a-munich\/","name":"Louer une Porsche \u00e0 Munich avec Elite Rent","isPartOf":{"@id":"https:\/\/www.eliterent.com\/#website"},"primaryImageOfPage":{"@id":"https:\/\/www.eliterent.com\/fr\/louer-une-porsche-a-munich\/#primaryimage"},"image":{"@id":"https:\/\/www.eliterent.com\/fr\/louer-une-porsche-a-munich\/#primaryimage"},"thumbnailUrl":"https:\/\/www.eliterent.com\/wp-content\/uploads\/2021\/06\/CB-porsche.png","datePublished":"2024-06-25T09:52:13+00:00","dateModified":"2024-06-25T10:02:23+00:00","description":"Louer une Porsche \u00e0 Munich avec Elite Rent - Service de livraison sur mesure disponible \u00e0 Francfort, Stuttgart, Berlin et Salzbourg.","breadcrumb":{"@id":"https:\/\/www.eliterent.com\/fr\/louer-une-porsche-a-munich\/#breadcrumb"},"inLanguage":"fr-FR","potentialAction":[{"@type":"ReadAction","target":["https:\/\/www.eliterent.com\/fr\/louer-une-porsche-a-munich\/"]}]},{"@type":"ImageObject","inLanguage":"fr-FR","@id":"https:\/\/www.eliterent.com\/fr\/louer-une-porsche-a-munich\/#primaryimage","url":"https:\/\/www.eliterent.com\/wp-content\/uploads\/2021\/06\/CB-porsche.png","contentUrl":"https:\/\/www.eliterent.com\/wp-content\/uploads\/2021\/06\/CB-porsche.png","width":512,"height":512},{"@type":"BreadcrumbList","@id":"https:\/\/www.eliterent.com\/fr\/louer-une-porsche-a-munich\/#breadcrumb","itemListElement":[{"@type":"ListItem","position":1,"name":"Home","item":"https:\/\/www.eliterent.com\/fr\/"},{"@type":"ListItem","position":2,"name":"Louer une Porsche \u00e0 Munich"}]},{"@type":"WebSite","@id":"https:\/\/www.eliterent.com\/#website","url":"https:\/\/www.eliterent.com\/","name":"Elite Rent","description":"Rent a Car","publisher":{"@id":"https:\/\/www.eliterent.com\/#organization"},"potentialAction":[{"@type":"SearchAction","target":{"@type":"EntryPoint","urlTemplate":"https:\/\/www.eliterent.com\/?s={search_term_string}"},"query-input":{"@type":"PropertyValueSpecification","valueRequired":true,"valueName":"search_term_string"}}],"inLanguage":"fr-FR"},{"@type":"Organization","@id":"https:\/\/www.eliterent.com\/#organization","name":"Elite Rent","url":"https:\/\/www.eliterent.com\/","logo":{"@type":"ImageObject","inLanguage":"fr-FR","@id":"https:\/\/www.eliterent.com\/#\/schema\/logo\/image\/","url":"https:\/\/www.eliterent.com\/wp-content\/uploads\/2020\/03\/Elite_Logo_NEW_2023_Final-1.png","contentUrl":"https:\/\/www.eliterent.com\/wp-content\/uploads\/2020\/03\/Elite_Logo_NEW_2023_Final-1.png","width":828,"height":313,"caption":"Elite Rent"},"image":{"@id":"https:\/\/www.eliterent.com\/#\/schema\/logo\/image\/"}},{"@type":"Person","@id":"https:\/\/www.eliterent.com\/#\/schema\/person\/7afdc7b8834b55a1ed893961ab071a65","name":"Anthony Eschler","image":{"@type":"ImageObject","inLanguage":"fr-FR","@id":"https:\/\/secure.gravatar.com\/avatar\/2a38fa365cdc8cfec3d87e394c80abeab0df6f7e4b52eda611492b6df9196c7f?s=96&d=mm&r=g","url":"https:\/\/secure.gravatar.com\/avatar\/2a38fa365cdc8cfec3d87e394c80abeab0df6f7e4b52eda611492b6df9196c7f?s=96&d=mm&r=g","contentUrl":"https:\/\/secure.gravatar.com\/avatar\/2a38fa365cdc8cfec3d87e394c80abeab0df6f7e4b52eda611492b6df9196c7f?s=96&d=mm&r=g","caption":"Anthony Eschler"}}]}},"_links":{"self":[{"href":"https:\/\/www.eliterent.com\/fr\/wp-json\/wp\/v2\/posts\/74115","targetHints":{"allow":["GET"]}}],"collection":[{"href":"https:\/\/www.eliterent.com\/fr\/wp-json\/wp\/v2\/posts"}],"about":[{"href":"https:\/\/www.eliterent.com\/fr\/wp-json\/wp\/v2\/types\/post"}],"author":[{"embeddable":true,"href":"https:\/\/www.eliterent.com\/fr\/wp-json\/wp\/v2\/users\/6"}],"replies":[{"embeddable":true,"href":"https:\/\/www.eliterent.com\/fr\/wp-json\/wp\/v2\/comments?post=74115"}],"version-history":[{"count":0,"href":"https:\/\/www.eliterent.com\/fr\/wp-json\/wp\/v2\/posts\/74115\/revisions"}],"wp:featuredmedia":[{"embeddable":true,"href":"https:\/\/www.eliterent.com\/fr\/wp-json\/wp\/v2\/media\/27841"}],"wp:attachment":[{"href":"https:\/\/www.eliterent.com\/fr\/wp-json\/wp\/v2\/media?parent=74115"}],"wp:term":[{"taxonomy":"category","embeddable":true,"href":"https:\/\/www.eliterent.com\/fr\/wp-json\/wp\/v2\/categories?post=74115"},{"taxonomy":"post_tag","embeddable":true,"href":"https:\/\/www.eliterent.com\/fr\/wp-json\/wp\/v2\/tags?post=74115"}],"curies":[{"name":"wp","href":"https:\/\/api.w.org\/{rel}","templated":true}]}}