{"id":74087,"date":"2024-06-25T10:18:06","date_gmt":"2024-06-25T08:18:06","guid":{"rendered":"https:\/\/www.eliterent.com\/rent-a-mini-in-rome\/"},"modified":"2024-06-25T10:59:42","modified_gmt":"2024-06-25T08:59:42","slug":"louer-une-mini-a-rome","status":"publish","type":"post","link":"https:\/\/www.eliterent.com\/fr\/louer-une-mini-a-rome\/","title":{"rendered":"Louer une Mini \u00e0 Rome"},"content":{"rendered":"<h5>Louer une Mini \u00e0 Rome avec Elite Rent-a-Car<\/h5>\n<p>Avec Elite Rent, vous pouvez louer une Mini \u00e0 Rome. Louez des mod\u00e8les tels que Cooper, Countryman, JCW, et Cooper cabriolet. Louez une Mini Petite voiture, Citadine, Crossover, ou Hatchback. Service de livraison et de reprise sur mesure disponible \u00e0 Naples, Amalfi, Tivoli et Sienne.<\/p>\n<h5>Une fa\u00e7on unique et \u00e9l\u00e9gante d&rsquo;explorer Rome<\/h5>\n<p>Louer une Mini \u00e0 Rome est une fa\u00e7on unique et \u00e9l\u00e9gante d&rsquo;explorer cette ville historique et anim\u00e9e. Rome, connue pour ses monuments anciens, sa culture vibrante et ses rues charmantes, est parfaitement adapt\u00e9e \u00e0 l&rsquo;agile et embl\u00e9matique Mini. Que vous naviguiez dans des ruelles \u00e9troites ou que vous rouliez sur de larges boulevards, une Mini offre une exp\u00e9rience de conduite amusante et efficace.<\/p>\n<p>Les locations de Mini \u00e0 Rome comprennent une gamme de mod\u00e8les tels que la Mini Cooper, la Mini Convertible et la Mini Countryman. Chaque v\u00e9hicule est m\u00e9ticuleusement entretenu pour garantir d&rsquo;excellentes performances, la s\u00e9curit\u00e9 et le confort. Au volant d&rsquo;une Mini, vous profiterez d&rsquo;une conduite r\u00e9active, d&rsquo;une technologie avanc\u00e9e et d&rsquo;un int\u00e9rieur chic, faisant de chaque voyage \u00e0 Rome une d\u00e9licieuse aventure.<\/p>\n<p>La taille compacte d&rsquo;une Mini la rend id\u00e9ale pour explorer le centre historique de Rome. Imaginez que vous passiez devant le Colis\u00e9e, le Vatican et la fontaine de Trevi en toute simplicit\u00e9. Se garer dans les endroits les plus exigus de la ville devient un jeu d&rsquo;enfant, ce qui vous laisse plus de temps pour vous immerger dans les attractions locales. Pour ceux qui souhaitent explorer au-del\u00e0 de Rome, la polyvalence de la Mini la rend parfaite pour les trajets panoramiques vers la campagne toscane, la c\u00f4te amalfitaine ou les villes pittoresques.<\/p>\n<p>Les locations de Mini \u00e0 Rome s&rsquo;adressent aussi bien aux voyageurs d&rsquo;affaires qu&rsquo;aux touristes. Que vous soyez dans la ville pour une conf\u00e9rence, une escapade romantique ou simplement pour profiter des sites touristiques, la location d&rsquo;une Mini offre un m\u00e9lange parfait de commodit\u00e9 et de style. De nombreux services de location \u00e0 Rome proposent des forfaits personnalis\u00e9s, y compris des options de livraison et de prise en charge, garantissant une exp\u00e9rience transparente et sans tracas.<\/p>\n<p>En r\u00e9sum\u00e9, la location d&rsquo;une Mini \u00e0 Rome rehausse votre exp\u00e9rience de voyage en alliant style, efficacit\u00e9 et plaisir. D\u00e9couvrez la Ville \u00c9ternelle et ses magnifiques environs \u00e0 bord d&rsquo;une Mini, et rendez votre voyage vraiment m\u00e9morable et agr\u00e9able.<\/p>\n","protected":false},"excerpt":{"rendered":"<p>Louer une Mini \u00e0 Rome avec Elite Rent-a-Car Avec Elite Rent, vous pouvez louer une Mini \u00e0 Rome. Louez des mod\u00e8les tels que Cooper, Countryman, JCW, et Cooper cabriolet. Louez une Mini Petite voiture, Citadine, Crossover, ou Hatchback. Service de livraison et de reprise sur mesure disponible \u00e0 Naples, Amalfi, Tivoli et Sienne. Une fa\u00e7on [&hellip;]<\/p>\n","protected":false},"author":6,"featured_media":27859,"comment_status":"open","ping_status":"open","sticky":false,"template":"","format":"standard","meta":{"_acf_changed":false,"site-sidebar-layout":"default","site-content-layout":"default","ast-site-content-layout":"","site-content-style":"default","site-sidebar-style":"default","ast-global-header-display":"","ast-banner-title-visibility":"","ast-main-header-display":"","ast-hfb-above-header-display":"","ast-hfb-below-header-display":"","ast-hfb-mobile-header-display":"","site-post-title":"","ast-breadcrumbs-content":"","ast-featured-img":"","footer-sml-layout":"","theme-transparent-header-meta":"default","adv-header-id-meta":"","stick-header-meta":"","header-above-stick-meta":"","header-main-stick-meta":"","header-below-stick-meta":"","astra-migrate-meta-layouts":"default","ast-page-background-enabled":"default","ast-page-background-meta":{"desktop":{"background-color":"","background-image":"","background-repeat":"repeat","background-position":"center center","background-size":"auto","background-attachment":"scroll","background-type":"","background-media":"","overlay-type":"","overlay-color":"","overlay-opacity":"","overlay-gradient":""},"tablet":{"background-color":"","background-image":"","background-repeat":"repeat","background-position":"center center","background-size":"auto","background-attachment":"scroll","background-type":"","background-media":"","overlay-type":"","overlay-color":"","overlay-opacity":"","overlay-gradient":""},"mobile":{"background-color":"","background-image":"","background-repeat":"repeat","background-position":"center center","background-size":"auto","background-attachment":"scroll","background-type":"","background-media":"","overlay-type":"","overlay-color":"","overlay-opacity":"","overlay-gradient":""}},"ast-content-background-meta":{"desktop":{"background-color":"var(--ast-global-color-5)","background-image":"","background-repeat":"repeat","background-position":"center center","background-size":"auto","background-attachment":"scroll","background-type":"","background-media":"","overlay-type":"","overlay-color":"","overlay-opacity":"","overlay-gradient":""},"tablet":{"background-color":"var(--ast-global-color-5)","background-image":"","background-repeat":"repeat","background-position":"center center","background-size":"auto","background-attachment":"scroll","background-type":"","background-media":"","overlay-type":"","overlay-color":"","overlay-opacity":"","overlay-gradient":""},"mobile":{"background-color":"var(--ast-global-color-5)","background-image":"","background-repeat":"repeat","background-position":"center center","background-size":"auto","background-attachment":"scroll","background-type":"","background-media":"","overlay-type":"","overlay-color":"","overlay-opacity":"","overlay-gradient":""}},"footnotes":""},"categories":[820],"tags":[],"class_list":["post-74087","post","type-post","status-publish","format-standard","has-post-thumbnail","hentry","category-non-classifiee"],"acf":[],"yoast_head":"<!-- This site is optimized with the Yoast SEO plugin v27.4 - https:\/\/yoast.com\/product\/yoast-seo-wordpress\/ -->\n<title>Louer une Mini \u00e0 Rome avec Elite Rent<\/title>\n<meta name=\"description\" content=\"Louer une Mini \u00e0 Rome avec Elite Rent Service de livraison et de reprise sur mesure disponible \u00e0 Naples, Amalfi, Tivoli et Sienne.\" \/>\n<meta name=\"robots\" content=\"index, follow, max-snippet:-1, max-image-preview:large, max-video-preview:-1\" \/>\n<link rel=\"canonical\" href=\"https:\/\/www.eliterent.com\/fr\/louer-une-mini-a-rome\/\" \/>\n<meta property=\"og:locale\" content=\"fr_FR\" \/>\n<meta property=\"og:type\" content=\"article\" \/>\n<meta property=\"og:title\" content=\"Louer une Mini \u00e0 Rome avec Elite Rent\" \/>\n<meta property=\"og:description\" content=\"Louer une Mini \u00e0 Rome avec Elite Rent Service de livraison et de reprise sur mesure disponible \u00e0 Naples, Amalfi, Tivoli et Sienne.\" \/>\n<meta property=\"og:url\" content=\"https:\/\/www.eliterent.com\/fr\/louer-une-mini-a-rome\/\" \/>\n<meta property=\"og:site_name\" content=\"Elite Rent\" \/>\n<meta property=\"article:published_time\" content=\"2024-06-25T08:18:06+00:00\" \/>\n<meta property=\"article:modified_time\" content=\"2024-06-25T08:59:42+00:00\" \/>\n<meta property=\"og:image\" content=\"https:\/\/www.eliterent.com\/wp-content\/uploads\/2021\/06\/CB-mini.png\" \/>\n\t<meta property=\"og:image:width\" content=\"512\" \/>\n\t<meta property=\"og:image:height\" content=\"512\" \/>\n\t<meta property=\"og:image:type\" content=\"image\/png\" \/>\n<meta name=\"author\" content=\"Anthony Eschler\" \/>\n<meta name=\"twitter:card\" content=\"summary_large_image\" \/>\n<script type=\"application\/ld+json\" class=\"yoast-schema-graph\">{\"@context\":\"https:\\\/\\\/schema.org\",\"@graph\":[{\"@type\":\"Article\",\"@id\":\"https:\\\/\\\/www.eliterent.com\\\/fr\\\/louer-une-mini-a-rome\\\/#article\",\"isPartOf\":{\"@id\":\"https:\\\/\\\/www.eliterent.com\\\/fr\\\/louer-une-mini-a-rome\\\/\"},\"author\":{\"name\":\"Anthony Eschler\",\"@id\":\"https:\\\/\\\/www.eliterent.com\\\/#\\\/schema\\\/person\\\/7afdc7b8834b55a1ed893961ab071a65\"},\"headline\":\"Louer une Mini \u00e0 Rome\",\"datePublished\":\"2024-06-25T08:18:06+00:00\",\"dateModified\":\"2024-06-25T08:59:42+00:00\",\"mainEntityOfPage\":{\"@id\":\"https:\\\/\\\/www.eliterent.com\\\/fr\\\/louer-une-mini-a-rome\\\/\"},\"wordCount\":429,\"commentCount\":0,\"publisher\":{\"@id\":\"https:\\\/\\\/www.eliterent.com\\\/#organization\"},\"image\":{\"@id\":\"https:\\\/\\\/www.eliterent.com\\\/fr\\\/louer-une-mini-a-rome\\\/#primaryimage\"},\"thumbnailUrl\":\"https:\\\/\\\/www.eliterent.com\\\/wp-content\\\/uploads\\\/2021\\\/06\\\/CB-mini.png\",\"articleSection\":[\"Non classifi\u00e9(e)\"],\"inLanguage\":\"fr-FR\",\"potentialAction\":[{\"@type\":\"CommentAction\",\"name\":\"Comment\",\"target\":[\"https:\\\/\\\/www.eliterent.com\\\/fr\\\/louer-une-mini-a-rome\\\/#respond\"]}]},{\"@type\":\"WebPage\",\"@id\":\"https:\\\/\\\/www.eliterent.com\\\/fr\\\/louer-une-mini-a-rome\\\/\",\"url\":\"https:\\\/\\\/www.eliterent.com\\\/fr\\\/louer-une-mini-a-rome\\\/\",\"name\":\"Louer une Mini \u00e0 Rome avec Elite Rent\",\"isPartOf\":{\"@id\":\"https:\\\/\\\/www.eliterent.com\\\/#website\"},\"primaryImageOfPage\":{\"@id\":\"https:\\\/\\\/www.eliterent.com\\\/fr\\\/louer-une-mini-a-rome\\\/#primaryimage\"},\"image\":{\"@id\":\"https:\\\/\\\/www.eliterent.com\\\/fr\\\/louer-une-mini-a-rome\\\/#primaryimage\"},\"thumbnailUrl\":\"https:\\\/\\\/www.eliterent.com\\\/wp-content\\\/uploads\\\/2021\\\/06\\\/CB-mini.png\",\"datePublished\":\"2024-06-25T08:18:06+00:00\",\"dateModified\":\"2024-06-25T08:59:42+00:00\",\"description\":\"Louer une Mini \u00e0 Rome avec Elite Rent Service de livraison et de reprise sur mesure disponible \u00e0 Naples, Amalfi, Tivoli et Sienne.\",\"breadcrumb\":{\"@id\":\"https:\\\/\\\/www.eliterent.com\\\/fr\\\/louer-une-mini-a-rome\\\/#breadcrumb\"},\"inLanguage\":\"fr-FR\",\"potentialAction\":[{\"@type\":\"ReadAction\",\"target\":[\"https:\\\/\\\/www.eliterent.com\\\/fr\\\/louer-une-mini-a-rome\\\/\"]}]},{\"@type\":\"ImageObject\",\"inLanguage\":\"fr-FR\",\"@id\":\"https:\\\/\\\/www.eliterent.com\\\/fr\\\/louer-une-mini-a-rome\\\/#primaryimage\",\"url\":\"https:\\\/\\\/www.eliterent.com\\\/wp-content\\\/uploads\\\/2021\\\/06\\\/CB-mini.png\",\"contentUrl\":\"https:\\\/\\\/www.eliterent.com\\\/wp-content\\\/uploads\\\/2021\\\/06\\\/CB-mini.png\",\"width\":512,\"height\":512},{\"@type\":\"BreadcrumbList\",\"@id\":\"https:\\\/\\\/www.eliterent.com\\\/fr\\\/louer-une-mini-a-rome\\\/#breadcrumb\",\"itemListElement\":[{\"@type\":\"ListItem\",\"position\":1,\"name\":\"Home\",\"item\":\"https:\\\/\\\/www.eliterent.com\\\/fr\\\/\"},{\"@type\":\"ListItem\",\"position\":2,\"name\":\"Louer une Mini \u00e0 Rome\"}]},{\"@type\":\"WebSite\",\"@id\":\"https:\\\/\\\/www.eliterent.com\\\/#website\",\"url\":\"https:\\\/\\\/www.eliterent.com\\\/\",\"name\":\"Elite Rent\",\"description\":\"Rent a Car\",\"publisher\":{\"@id\":\"https:\\\/\\\/www.eliterent.com\\\/#organization\"},\"potentialAction\":[{\"@type\":\"SearchAction\",\"target\":{\"@type\":\"EntryPoint\",\"urlTemplate\":\"https:\\\/\\\/www.eliterent.com\\\/?s={search_term_string}\"},\"query-input\":{\"@type\":\"PropertyValueSpecification\",\"valueRequired\":true,\"valueName\":\"search_term_string\"}}],\"inLanguage\":\"fr-FR\"},{\"@type\":\"Organization\",\"@id\":\"https:\\\/\\\/www.eliterent.com\\\/#organization\",\"name\":\"Elite Rent\",\"url\":\"https:\\\/\\\/www.eliterent.com\\\/\",\"logo\":{\"@type\":\"ImageObject\",\"inLanguage\":\"fr-FR\",\"@id\":\"https:\\\/\\\/www.eliterent.com\\\/#\\\/schema\\\/logo\\\/image\\\/\",\"url\":\"https:\\\/\\\/www.eliterent.com\\\/wp-content\\\/uploads\\\/2020\\\/03\\\/Elite_Logo_NEW_2023_Final-1.png\",\"contentUrl\":\"https:\\\/\\\/www.eliterent.com\\\/wp-content\\\/uploads\\\/2020\\\/03\\\/Elite_Logo_NEW_2023_Final-1.png\",\"width\":828,\"height\":313,\"caption\":\"Elite Rent\"},\"image\":{\"@id\":\"https:\\\/\\\/www.eliterent.com\\\/#\\\/schema\\\/logo\\\/image\\\/\"}},{\"@type\":\"Person\",\"@id\":\"https:\\\/\\\/www.eliterent.com\\\/#\\\/schema\\\/person\\\/7afdc7b8834b55a1ed893961ab071a65\",\"name\":\"Anthony Eschler\",\"image\":{\"@type\":\"ImageObject\",\"inLanguage\":\"fr-FR\",\"@id\":\"https:\\\/\\\/secure.gravatar.com\\\/avatar\\\/2a38fa365cdc8cfec3d87e394c80abeab0df6f7e4b52eda611492b6df9196c7f?s=96&d=mm&r=g\",\"url\":\"https:\\\/\\\/secure.gravatar.com\\\/avatar\\\/2a38fa365cdc8cfec3d87e394c80abeab0df6f7e4b52eda611492b6df9196c7f?s=96&d=mm&r=g\",\"contentUrl\":\"https:\\\/\\\/secure.gravatar.com\\\/avatar\\\/2a38fa365cdc8cfec3d87e394c80abeab0df6f7e4b52eda611492b6df9196c7f?s=96&d=mm&r=g\",\"caption\":\"Anthony Eschler\"}}]}<\/script>\n<!-- \/ Yoast SEO plugin. -->","yoast_head_json":{"title":"Louer une Mini \u00e0 Rome avec Elite Rent","description":"Louer une Mini \u00e0 Rome avec Elite Rent Service de livraison et de reprise sur mesure disponible \u00e0 Naples, Amalfi, Tivoli et Sienne.","robots":{"index":"index","follow":"follow","max-snippet":"max-snippet:-1","max-image-preview":"max-image-preview:large","max-video-preview":"max-video-preview:-1"},"canonical":"https:\/\/www.eliterent.com\/fr\/louer-une-mini-a-rome\/","og_locale":"fr_FR","og_type":"article","og_title":"Louer une Mini \u00e0 Rome avec Elite Rent","og_description":"Louer une Mini \u00e0 Rome avec Elite Rent Service de livraison et de reprise sur mesure disponible \u00e0 Naples, Amalfi, Tivoli et Sienne.","og_url":"https:\/\/www.eliterent.com\/fr\/louer-une-mini-a-rome\/","og_site_name":"Elite Rent","article_published_time":"2024-06-25T08:18:06+00:00","article_modified_time":"2024-06-25T08:59:42+00:00","og_image":[{"width":512,"height":512,"url":"https:\/\/www.eliterent.com\/wp-content\/uploads\/2021\/06\/CB-mini.png","type":"image\/png"}],"author":"Anthony Eschler","twitter_card":"summary_large_image","schema":{"@context":"https:\/\/schema.org","@graph":[{"@type":"Article","@id":"https:\/\/www.eliterent.com\/fr\/louer-une-mini-a-rome\/#article","isPartOf":{"@id":"https:\/\/www.eliterent.com\/fr\/louer-une-mini-a-rome\/"},"author":{"name":"Anthony Eschler","@id":"https:\/\/www.eliterent.com\/#\/schema\/person\/7afdc7b8834b55a1ed893961ab071a65"},"headline":"Louer une Mini \u00e0 Rome","datePublished":"2024-06-25T08:18:06+00:00","dateModified":"2024-06-25T08:59:42+00:00","mainEntityOfPage":{"@id":"https:\/\/www.eliterent.com\/fr\/louer-une-mini-a-rome\/"},"wordCount":429,"commentCount":0,"publisher":{"@id":"https:\/\/www.eliterent.com\/#organization"},"image":{"@id":"https:\/\/www.eliterent.com\/fr\/louer-une-mini-a-rome\/#primaryimage"},"thumbnailUrl":"https:\/\/www.eliterent.com\/wp-content\/uploads\/2021\/06\/CB-mini.png","articleSection":["Non classifi\u00e9(e)"],"inLanguage":"fr-FR","potentialAction":[{"@type":"CommentAction","name":"Comment","target":["https:\/\/www.eliterent.com\/fr\/louer-une-mini-a-rome\/#respond"]}]},{"@type":"WebPage","@id":"https:\/\/www.eliterent.com\/fr\/louer-une-mini-a-rome\/","url":"https:\/\/www.eliterent.com\/fr\/louer-une-mini-a-rome\/","name":"Louer une Mini \u00e0 Rome avec Elite Rent","isPartOf":{"@id":"https:\/\/www.eliterent.com\/#website"},"primaryImageOfPage":{"@id":"https:\/\/www.eliterent.com\/fr\/louer-une-mini-a-rome\/#primaryimage"},"image":{"@id":"https:\/\/www.eliterent.com\/fr\/louer-une-mini-a-rome\/#primaryimage"},"thumbnailUrl":"https:\/\/www.eliterent.com\/wp-content\/uploads\/2021\/06\/CB-mini.png","datePublished":"2024-06-25T08:18:06+00:00","dateModified":"2024-06-25T08:59:42+00:00","description":"Louer une Mini \u00e0 Rome avec Elite Rent Service de livraison et de reprise sur mesure disponible \u00e0 Naples, Amalfi, Tivoli et Sienne.","breadcrumb":{"@id":"https:\/\/www.eliterent.com\/fr\/louer-une-mini-a-rome\/#breadcrumb"},"inLanguage":"fr-FR","potentialAction":[{"@type":"ReadAction","target":["https:\/\/www.eliterent.com\/fr\/louer-une-mini-a-rome\/"]}]},{"@type":"ImageObject","inLanguage":"fr-FR","@id":"https:\/\/www.eliterent.com\/fr\/louer-une-mini-a-rome\/#primaryimage","url":"https:\/\/www.eliterent.com\/wp-content\/uploads\/2021\/06\/CB-mini.png","contentUrl":"https:\/\/www.eliterent.com\/wp-content\/uploads\/2021\/06\/CB-mini.png","width":512,"height":512},{"@type":"BreadcrumbList","@id":"https:\/\/www.eliterent.com\/fr\/louer-une-mini-a-rome\/#breadcrumb","itemListElement":[{"@type":"ListItem","position":1,"name":"Home","item":"https:\/\/www.eliterent.com\/fr\/"},{"@type":"ListItem","position":2,"name":"Louer une Mini \u00e0 Rome"}]},{"@type":"WebSite","@id":"https:\/\/www.eliterent.com\/#website","url":"https:\/\/www.eliterent.com\/","name":"Elite Rent","description":"Rent a Car","publisher":{"@id":"https:\/\/www.eliterent.com\/#organization"},"potentialAction":[{"@type":"SearchAction","target":{"@type":"EntryPoint","urlTemplate":"https:\/\/www.eliterent.com\/?s={search_term_string}"},"query-input":{"@type":"PropertyValueSpecification","valueRequired":true,"valueName":"search_term_string"}}],"inLanguage":"fr-FR"},{"@type":"Organization","@id":"https:\/\/www.eliterent.com\/#organization","name":"Elite Rent","url":"https:\/\/www.eliterent.com\/","logo":{"@type":"ImageObject","inLanguage":"fr-FR","@id":"https:\/\/www.eliterent.com\/#\/schema\/logo\/image\/","url":"https:\/\/www.eliterent.com\/wp-content\/uploads\/2020\/03\/Elite_Logo_NEW_2023_Final-1.png","contentUrl":"https:\/\/www.eliterent.com\/wp-content\/uploads\/2020\/03\/Elite_Logo_NEW_2023_Final-1.png","width":828,"height":313,"caption":"Elite Rent"},"image":{"@id":"https:\/\/www.eliterent.com\/#\/schema\/logo\/image\/"}},{"@type":"Person","@id":"https:\/\/www.eliterent.com\/#\/schema\/person\/7afdc7b8834b55a1ed893961ab071a65","name":"Anthony Eschler","image":{"@type":"ImageObject","inLanguage":"fr-FR","@id":"https:\/\/secure.gravatar.com\/avatar\/2a38fa365cdc8cfec3d87e394c80abeab0df6f7e4b52eda611492b6df9196c7f?s=96&d=mm&r=g","url":"https:\/\/secure.gravatar.com\/avatar\/2a38fa365cdc8cfec3d87e394c80abeab0df6f7e4b52eda611492b6df9196c7f?s=96&d=mm&r=g","contentUrl":"https:\/\/secure.gravatar.com\/avatar\/2a38fa365cdc8cfec3d87e394c80abeab0df6f7e4b52eda611492b6df9196c7f?s=96&d=mm&r=g","caption":"Anthony Eschler"}}]}},"_links":{"self":[{"href":"https:\/\/www.eliterent.com\/fr\/wp-json\/wp\/v2\/posts\/74087","targetHints":{"allow":["GET"]}}],"collection":[{"href":"https:\/\/www.eliterent.com\/fr\/wp-json\/wp\/v2\/posts"}],"about":[{"href":"https:\/\/www.eliterent.com\/fr\/wp-json\/wp\/v2\/types\/post"}],"author":[{"embeddable":true,"href":"https:\/\/www.eliterent.com\/fr\/wp-json\/wp\/v2\/users\/6"}],"replies":[{"embeddable":true,"href":"https:\/\/www.eliterent.com\/fr\/wp-json\/wp\/v2\/comments?post=74087"}],"version-history":[{"count":0,"href":"https:\/\/www.eliterent.com\/fr\/wp-json\/wp\/v2\/posts\/74087\/revisions"}],"wp:featuredmedia":[{"embeddable":true,"href":"https:\/\/www.eliterent.com\/fr\/wp-json\/wp\/v2\/media\/27859"}],"wp:attachment":[{"href":"https:\/\/www.eliterent.com\/fr\/wp-json\/wp\/v2\/media?parent=74087"}],"wp:term":[{"taxonomy":"category","embeddable":true,"href":"https:\/\/www.eliterent.com\/fr\/wp-json\/wp\/v2\/categories?post=74087"},{"taxonomy":"post_tag","embeddable":true,"href":"https:\/\/www.eliterent.com\/fr\/wp-json\/wp\/v2\/tags?post=74087"}],"curies":[{"name":"wp","href":"https:\/\/api.w.org\/{rel}","templated":true}]}}