{"id":74080,"date":"2024-06-24T15:37:12","date_gmt":"2024-06-24T13:37:12","guid":{"rendered":"https:\/\/www.eliterent.com\/rent-mercedes-benz-in-rome\/"},"modified":"2024-06-25T10:20:52","modified_gmt":"2024-06-25T08:20:52","slug":"louez-une-mercedes-benz-a-rome","status":"publish","type":"post","link":"https:\/\/www.eliterent.com\/fr\/louez-une-mercedes-benz-a-rome\/","title":{"rendered":"Louer une Mercedes-Benz \u00e0 Rome"},"content":{"rendered":"<h5>Louer une Mercedes-Benz \u00e0 Rome avec Elite Rent-a-Car<\/h5>\n<p>Avec Elite Rent, vous pouvez louer une Mercedes-Benz \u00e0 Rome. Louez des mod\u00e8les tels que la G 63 AMG, la Classe S, la SL 63 AMG, et la E 53 AMG Cabriolet. Louez une Mercedes-Benz SUV, berline, voiture de sport ou d\u00e9capotable. Service de livraison et de reprise sur mesure disponible \u00e0 Naples, Amalfi, Tivoli et Sienne.<\/p>\n<h5>Une exp\u00e9rience de conduite sophistiqu\u00e9e et luxueuse \u00e0 Rome<\/h5>\n<p>La location d&rsquo;une Mercedes-Benz \u00e0 Rome offre une exp\u00e9rience de conduite sophistiqu\u00e9e et luxueuse, parfaite pour explorer cette ville historique et dynamique. Rome, avec son architecture \u00e9tonnante, son histoire riche et ses rues anim\u00e9es, offre un cadre id\u00e9al pour appr\u00e9cier l&rsquo;\u00e9l\u00e9gance et les performances d&rsquo;une Mercedes-Benz.<\/p>\n<p>Les locations de Mercedes-Benz \u00e0 Rome comprennent une gamme de mod\u00e8les, notamment l&rsquo;\u00e9l\u00e9gante Classe C, la Classe E ex\u00e9cutive et le spacieux GLE. Chaque v\u00e9hicule est m\u00e9ticuleusement entretenu pour garantir des performances, une s\u00e9curit\u00e9 et un confort de premier ordre. Avec une Mercedes-Benz, vous d\u00e9couvrirez des moteurs puissants, des technologies de pointe et des int\u00e9rieurs luxueux, faisant de chaque trajet \u00e0 Rome un plaisir.<\/p>\n<p>Les locations de Mercedes-Benz \u00e0 Rome s&rsquo;adressent aussi bien aux voyageurs d&rsquo;affaires qu&rsquo;aux touristes. Que vous soyez dans la ville pour une conf\u00e9rence, une escapade romantique ou simplement pour profiter des sites touristiques, la location d&rsquo;une Mercedes-Benz offre la combinaison parfaite de commodit\u00e9 et de luxe. De nombreux services de location \u00e0 Rome proposent des formules personnalis\u00e9es, y compris des options de livraison et de prise en charge, garantissant une exp\u00e9rience transparente et sans stress.<\/p>\n<p>En r\u00e9sum\u00e9, la location d&rsquo;une Mercedes-Benz \u00e0 Rome am\u00e9liore votre exp\u00e9rience de voyage gr\u00e2ce \u00e0 son m\u00e9lange de luxe, de performance et de style. D\u00e9couvrez la Ville \u00e9ternelle et ses environs \u00e9poustouflants dans le confort et la sophistication d&rsquo;une Mercedes-Benz de location, et rendez votre voyage vraiment inoubliable.<\/p>\n","protected":false},"excerpt":{"rendered":"<p>Louer une Mercedes-Benz \u00e0 Rome avec Elite Rent-a-Car Avec Elite Rent, vous pouvez louer une Mercedes-Benz \u00e0 Rome. Louez des mod\u00e8les tels que la G 63 AMG, la Classe S, la SL 63 AMG, et la E 53 AMG Cabriolet. Louez une Mercedes-Benz SUV, berline, voiture de sport ou d\u00e9capotable. Service de livraison et de [&hellip;]<\/p>\n","protected":false},"author":6,"featured_media":27838,"comment_status":"open","ping_status":"open","sticky":false,"template":"","format":"standard","meta":{"_acf_changed":false,"site-sidebar-layout":"default","site-content-layout":"default","ast-site-content-layout":"","site-content-style":"default","site-sidebar-style":"default","ast-global-header-display":"","ast-banner-title-visibility":"","ast-main-header-display":"","ast-hfb-above-header-display":"","ast-hfb-below-header-display":"","ast-hfb-mobile-header-display":"","site-post-title":"","ast-breadcrumbs-content":"","ast-featured-img":"","footer-sml-layout":"","theme-transparent-header-meta":"default","adv-header-id-meta":"","stick-header-meta":"","header-above-stick-meta":"","header-main-stick-meta":"","header-below-stick-meta":"","astra-migrate-meta-layouts":"default","ast-page-background-enabled":"default","ast-page-background-meta":{"desktop":{"background-color":"","background-image":"","background-repeat":"repeat","background-position":"center center","background-size":"auto","background-attachment":"scroll","background-type":"","background-media":"","overlay-type":"","overlay-color":"","overlay-opacity":"","overlay-gradient":""},"tablet":{"background-color":"","background-image":"","background-repeat":"repeat","background-position":"center center","background-size":"auto","background-attachment":"scroll","background-type":"","background-media":"","overlay-type":"","overlay-color":"","overlay-opacity":"","overlay-gradient":""},"mobile":{"background-color":"","background-image":"","background-repeat":"repeat","background-position":"center center","background-size":"auto","background-attachment":"scroll","background-type":"","background-media":"","overlay-type":"","overlay-color":"","overlay-opacity":"","overlay-gradient":""}},"ast-content-background-meta":{"desktop":{"background-color":"var(--ast-global-color-5)","background-image":"","background-repeat":"repeat","background-position":"center center","background-size":"auto","background-attachment":"scroll","background-type":"","background-media":"","overlay-type":"","overlay-color":"","overlay-opacity":"","overlay-gradient":""},"tablet":{"background-color":"var(--ast-global-color-5)","background-image":"","background-repeat":"repeat","background-position":"center center","background-size":"auto","background-attachment":"scroll","background-type":"","background-media":"","overlay-type":"","overlay-color":"","overlay-opacity":"","overlay-gradient":""},"mobile":{"background-color":"var(--ast-global-color-5)","background-image":"","background-repeat":"repeat","background-position":"center center","background-size":"auto","background-attachment":"scroll","background-type":"","background-media":"","overlay-type":"","overlay-color":"","overlay-opacity":"","overlay-gradient":""}},"footnotes":""},"categories":[820],"tags":[],"class_list":["post-74080","post","type-post","status-publish","format-standard","has-post-thumbnail","hentry","category-non-classifiee"],"acf":[],"yoast_head":"<!-- This site is optimized with the Yoast SEO plugin v27.4 - https:\/\/yoast.com\/product\/yoast-seo-wordpress\/ -->\n<title>Louer une Mercedes-Benz \u00e0 Rome avec Elite Rent<\/title>\n<meta name=\"description\" content=\"Louer une Mercedes-Benz \u00e0 Rome avec Elite Rent - Service de livraison et de reprise sur mesure disponible \u00e0 Naples, Amalfi, Tivoli et Sienne.\" \/>\n<meta name=\"robots\" content=\"index, follow, max-snippet:-1, max-image-preview:large, max-video-preview:-1\" \/>\n<link rel=\"canonical\" href=\"https:\/\/www.eliterent.com\/fr\/louez-une-mercedes-benz-a-rome\/\" \/>\n<meta property=\"og:locale\" content=\"fr_FR\" \/>\n<meta property=\"og:type\" content=\"article\" \/>\n<meta property=\"og:title\" content=\"Louer une Mercedes-Benz \u00e0 Rome avec Elite Rent\" \/>\n<meta property=\"og:description\" content=\"Louer une Mercedes-Benz \u00e0 Rome avec Elite Rent - Service de livraison et de reprise sur mesure disponible \u00e0 Naples, Amalfi, Tivoli et Sienne.\" \/>\n<meta property=\"og:url\" content=\"https:\/\/www.eliterent.com\/fr\/louez-une-mercedes-benz-a-rome\/\" \/>\n<meta property=\"og:site_name\" content=\"Elite Rent\" \/>\n<meta property=\"article:published_time\" content=\"2024-06-24T13:37:12+00:00\" \/>\n<meta property=\"article:modified_time\" content=\"2024-06-25T08:20:52+00:00\" \/>\n<meta property=\"og:image\" content=\"https:\/\/www.eliterent.com\/wp-content\/uploads\/2021\/06\/CB-mercedes-benz.png\" \/>\n\t<meta property=\"og:image:width\" content=\"512\" \/>\n\t<meta property=\"og:image:height\" content=\"512\" \/>\n\t<meta property=\"og:image:type\" content=\"image\/png\" \/>\n<meta name=\"author\" content=\"Anthony Eschler\" \/>\n<meta name=\"twitter:card\" content=\"summary_large_image\" \/>\n<script type=\"application\/ld+json\" class=\"yoast-schema-graph\">{\"@context\":\"https:\\\/\\\/schema.org\",\"@graph\":[{\"@type\":\"Article\",\"@id\":\"https:\\\/\\\/www.eliterent.com\\\/fr\\\/louez-une-mercedes-benz-a-rome\\\/#article\",\"isPartOf\":{\"@id\":\"https:\\\/\\\/www.eliterent.com\\\/fr\\\/louez-une-mercedes-benz-a-rome\\\/\"},\"author\":{\"name\":\"Anthony Eschler\",\"@id\":\"https:\\\/\\\/www.eliterent.com\\\/#\\\/schema\\\/person\\\/7afdc7b8834b55a1ed893961ab071a65\"},\"headline\":\"Louer une Mercedes-Benz \u00e0 Rome\",\"datePublished\":\"2024-06-24T13:37:12+00:00\",\"dateModified\":\"2024-06-25T08:20:52+00:00\",\"mainEntityOfPage\":{\"@id\":\"https:\\\/\\\/www.eliterent.com\\\/fr\\\/louez-une-mercedes-benz-a-rome\\\/\"},\"wordCount\":334,\"commentCount\":0,\"publisher\":{\"@id\":\"https:\\\/\\\/www.eliterent.com\\\/#organization\"},\"image\":{\"@id\":\"https:\\\/\\\/www.eliterent.com\\\/fr\\\/louez-une-mercedes-benz-a-rome\\\/#primaryimage\"},\"thumbnailUrl\":\"https:\\\/\\\/www.eliterent.com\\\/wp-content\\\/uploads\\\/2021\\\/06\\\/CB-mercedes-benz.png\",\"articleSection\":[\"Non classifi\u00e9(e)\"],\"inLanguage\":\"fr-FR\",\"potentialAction\":[{\"@type\":\"CommentAction\",\"name\":\"Comment\",\"target\":[\"https:\\\/\\\/www.eliterent.com\\\/fr\\\/louez-une-mercedes-benz-a-rome\\\/#respond\"]}]},{\"@type\":\"WebPage\",\"@id\":\"https:\\\/\\\/www.eliterent.com\\\/fr\\\/louez-une-mercedes-benz-a-rome\\\/\",\"url\":\"https:\\\/\\\/www.eliterent.com\\\/fr\\\/louez-une-mercedes-benz-a-rome\\\/\",\"name\":\"Louer une Mercedes-Benz \u00e0 Rome avec Elite Rent\",\"isPartOf\":{\"@id\":\"https:\\\/\\\/www.eliterent.com\\\/#website\"},\"primaryImageOfPage\":{\"@id\":\"https:\\\/\\\/www.eliterent.com\\\/fr\\\/louez-une-mercedes-benz-a-rome\\\/#primaryimage\"},\"image\":{\"@id\":\"https:\\\/\\\/www.eliterent.com\\\/fr\\\/louez-une-mercedes-benz-a-rome\\\/#primaryimage\"},\"thumbnailUrl\":\"https:\\\/\\\/www.eliterent.com\\\/wp-content\\\/uploads\\\/2021\\\/06\\\/CB-mercedes-benz.png\",\"datePublished\":\"2024-06-24T13:37:12+00:00\",\"dateModified\":\"2024-06-25T08:20:52+00:00\",\"description\":\"Louer une Mercedes-Benz \u00e0 Rome avec Elite Rent - Service de livraison et de reprise sur mesure disponible \u00e0 Naples, Amalfi, Tivoli et Sienne.\",\"breadcrumb\":{\"@id\":\"https:\\\/\\\/www.eliterent.com\\\/fr\\\/louez-une-mercedes-benz-a-rome\\\/#breadcrumb\"},\"inLanguage\":\"fr-FR\",\"potentialAction\":[{\"@type\":\"ReadAction\",\"target\":[\"https:\\\/\\\/www.eliterent.com\\\/fr\\\/louez-une-mercedes-benz-a-rome\\\/\"]}]},{\"@type\":\"ImageObject\",\"inLanguage\":\"fr-FR\",\"@id\":\"https:\\\/\\\/www.eliterent.com\\\/fr\\\/louez-une-mercedes-benz-a-rome\\\/#primaryimage\",\"url\":\"https:\\\/\\\/www.eliterent.com\\\/wp-content\\\/uploads\\\/2021\\\/06\\\/CB-mercedes-benz.png\",\"contentUrl\":\"https:\\\/\\\/www.eliterent.com\\\/wp-content\\\/uploads\\\/2021\\\/06\\\/CB-mercedes-benz.png\",\"width\":512,\"height\":512},{\"@type\":\"BreadcrumbList\",\"@id\":\"https:\\\/\\\/www.eliterent.com\\\/fr\\\/louez-une-mercedes-benz-a-rome\\\/#breadcrumb\",\"itemListElement\":[{\"@type\":\"ListItem\",\"position\":1,\"name\":\"Home\",\"item\":\"https:\\\/\\\/www.eliterent.com\\\/fr\\\/\"},{\"@type\":\"ListItem\",\"position\":2,\"name\":\"Louer une Mercedes-Benz \u00e0 Rome\"}]},{\"@type\":\"WebSite\",\"@id\":\"https:\\\/\\\/www.eliterent.com\\\/#website\",\"url\":\"https:\\\/\\\/www.eliterent.com\\\/\",\"name\":\"Elite Rent\",\"description\":\"Rent a Car\",\"publisher\":{\"@id\":\"https:\\\/\\\/www.eliterent.com\\\/#organization\"},\"potentialAction\":[{\"@type\":\"SearchAction\",\"target\":{\"@type\":\"EntryPoint\",\"urlTemplate\":\"https:\\\/\\\/www.eliterent.com\\\/?s={search_term_string}\"},\"query-input\":{\"@type\":\"PropertyValueSpecification\",\"valueRequired\":true,\"valueName\":\"search_term_string\"}}],\"inLanguage\":\"fr-FR\"},{\"@type\":\"Organization\",\"@id\":\"https:\\\/\\\/www.eliterent.com\\\/#organization\",\"name\":\"Elite Rent\",\"url\":\"https:\\\/\\\/www.eliterent.com\\\/\",\"logo\":{\"@type\":\"ImageObject\",\"inLanguage\":\"fr-FR\",\"@id\":\"https:\\\/\\\/www.eliterent.com\\\/#\\\/schema\\\/logo\\\/image\\\/\",\"url\":\"https:\\\/\\\/www.eliterent.com\\\/wp-content\\\/uploads\\\/2020\\\/03\\\/Elite_Logo_NEW_2023_Final-1.png\",\"contentUrl\":\"https:\\\/\\\/www.eliterent.com\\\/wp-content\\\/uploads\\\/2020\\\/03\\\/Elite_Logo_NEW_2023_Final-1.png\",\"width\":828,\"height\":313,\"caption\":\"Elite Rent\"},\"image\":{\"@id\":\"https:\\\/\\\/www.eliterent.com\\\/#\\\/schema\\\/logo\\\/image\\\/\"}},{\"@type\":\"Person\",\"@id\":\"https:\\\/\\\/www.eliterent.com\\\/#\\\/schema\\\/person\\\/7afdc7b8834b55a1ed893961ab071a65\",\"name\":\"Anthony Eschler\",\"image\":{\"@type\":\"ImageObject\",\"inLanguage\":\"fr-FR\",\"@id\":\"https:\\\/\\\/secure.gravatar.com\\\/avatar\\\/2a38fa365cdc8cfec3d87e394c80abeab0df6f7e4b52eda611492b6df9196c7f?s=96&d=mm&r=g\",\"url\":\"https:\\\/\\\/secure.gravatar.com\\\/avatar\\\/2a38fa365cdc8cfec3d87e394c80abeab0df6f7e4b52eda611492b6df9196c7f?s=96&d=mm&r=g\",\"contentUrl\":\"https:\\\/\\\/secure.gravatar.com\\\/avatar\\\/2a38fa365cdc8cfec3d87e394c80abeab0df6f7e4b52eda611492b6df9196c7f?s=96&d=mm&r=g\",\"caption\":\"Anthony Eschler\"}}]}<\/script>\n<!-- \/ Yoast SEO plugin. -->","yoast_head_json":{"title":"Louer une Mercedes-Benz \u00e0 Rome avec Elite Rent","description":"Louer une Mercedes-Benz \u00e0 Rome avec Elite Rent - Service de livraison et de reprise sur mesure disponible \u00e0 Naples, Amalfi, Tivoli et Sienne.","robots":{"index":"index","follow":"follow","max-snippet":"max-snippet:-1","max-image-preview":"max-image-preview:large","max-video-preview":"max-video-preview:-1"},"canonical":"https:\/\/www.eliterent.com\/fr\/louez-une-mercedes-benz-a-rome\/","og_locale":"fr_FR","og_type":"article","og_title":"Louer une Mercedes-Benz \u00e0 Rome avec Elite Rent","og_description":"Louer une Mercedes-Benz \u00e0 Rome avec Elite Rent - Service de livraison et de reprise sur mesure disponible \u00e0 Naples, Amalfi, Tivoli et Sienne.","og_url":"https:\/\/www.eliterent.com\/fr\/louez-une-mercedes-benz-a-rome\/","og_site_name":"Elite Rent","article_published_time":"2024-06-24T13:37:12+00:00","article_modified_time":"2024-06-25T08:20:52+00:00","og_image":[{"width":512,"height":512,"url":"https:\/\/www.eliterent.com\/wp-content\/uploads\/2021\/06\/CB-mercedes-benz.png","type":"image\/png"}],"author":"Anthony Eschler","twitter_card":"summary_large_image","schema":{"@context":"https:\/\/schema.org","@graph":[{"@type":"Article","@id":"https:\/\/www.eliterent.com\/fr\/louez-une-mercedes-benz-a-rome\/#article","isPartOf":{"@id":"https:\/\/www.eliterent.com\/fr\/louez-une-mercedes-benz-a-rome\/"},"author":{"name":"Anthony Eschler","@id":"https:\/\/www.eliterent.com\/#\/schema\/person\/7afdc7b8834b55a1ed893961ab071a65"},"headline":"Louer une Mercedes-Benz \u00e0 Rome","datePublished":"2024-06-24T13:37:12+00:00","dateModified":"2024-06-25T08:20:52+00:00","mainEntityOfPage":{"@id":"https:\/\/www.eliterent.com\/fr\/louez-une-mercedes-benz-a-rome\/"},"wordCount":334,"commentCount":0,"publisher":{"@id":"https:\/\/www.eliterent.com\/#organization"},"image":{"@id":"https:\/\/www.eliterent.com\/fr\/louez-une-mercedes-benz-a-rome\/#primaryimage"},"thumbnailUrl":"https:\/\/www.eliterent.com\/wp-content\/uploads\/2021\/06\/CB-mercedes-benz.png","articleSection":["Non classifi\u00e9(e)"],"inLanguage":"fr-FR","potentialAction":[{"@type":"CommentAction","name":"Comment","target":["https:\/\/www.eliterent.com\/fr\/louez-une-mercedes-benz-a-rome\/#respond"]}]},{"@type":"WebPage","@id":"https:\/\/www.eliterent.com\/fr\/louez-une-mercedes-benz-a-rome\/","url":"https:\/\/www.eliterent.com\/fr\/louez-une-mercedes-benz-a-rome\/","name":"Louer une Mercedes-Benz \u00e0 Rome avec Elite Rent","isPartOf":{"@id":"https:\/\/www.eliterent.com\/#website"},"primaryImageOfPage":{"@id":"https:\/\/www.eliterent.com\/fr\/louez-une-mercedes-benz-a-rome\/#primaryimage"},"image":{"@id":"https:\/\/www.eliterent.com\/fr\/louez-une-mercedes-benz-a-rome\/#primaryimage"},"thumbnailUrl":"https:\/\/www.eliterent.com\/wp-content\/uploads\/2021\/06\/CB-mercedes-benz.png","datePublished":"2024-06-24T13:37:12+00:00","dateModified":"2024-06-25T08:20:52+00:00","description":"Louer une Mercedes-Benz \u00e0 Rome avec Elite Rent - Service de livraison et de reprise sur mesure disponible \u00e0 Naples, Amalfi, Tivoli et Sienne.","breadcrumb":{"@id":"https:\/\/www.eliterent.com\/fr\/louez-une-mercedes-benz-a-rome\/#breadcrumb"},"inLanguage":"fr-FR","potentialAction":[{"@type":"ReadAction","target":["https:\/\/www.eliterent.com\/fr\/louez-une-mercedes-benz-a-rome\/"]}]},{"@type":"ImageObject","inLanguage":"fr-FR","@id":"https:\/\/www.eliterent.com\/fr\/louez-une-mercedes-benz-a-rome\/#primaryimage","url":"https:\/\/www.eliterent.com\/wp-content\/uploads\/2021\/06\/CB-mercedes-benz.png","contentUrl":"https:\/\/www.eliterent.com\/wp-content\/uploads\/2021\/06\/CB-mercedes-benz.png","width":512,"height":512},{"@type":"BreadcrumbList","@id":"https:\/\/www.eliterent.com\/fr\/louez-une-mercedes-benz-a-rome\/#breadcrumb","itemListElement":[{"@type":"ListItem","position":1,"name":"Home","item":"https:\/\/www.eliterent.com\/fr\/"},{"@type":"ListItem","position":2,"name":"Louer une Mercedes-Benz \u00e0 Rome"}]},{"@type":"WebSite","@id":"https:\/\/www.eliterent.com\/#website","url":"https:\/\/www.eliterent.com\/","name":"Elite Rent","description":"Rent a Car","publisher":{"@id":"https:\/\/www.eliterent.com\/#organization"},"potentialAction":[{"@type":"SearchAction","target":{"@type":"EntryPoint","urlTemplate":"https:\/\/www.eliterent.com\/?s={search_term_string}"},"query-input":{"@type":"PropertyValueSpecification","valueRequired":true,"valueName":"search_term_string"}}],"inLanguage":"fr-FR"},{"@type":"Organization","@id":"https:\/\/www.eliterent.com\/#organization","name":"Elite Rent","url":"https:\/\/www.eliterent.com\/","logo":{"@type":"ImageObject","inLanguage":"fr-FR","@id":"https:\/\/www.eliterent.com\/#\/schema\/logo\/image\/","url":"https:\/\/www.eliterent.com\/wp-content\/uploads\/2020\/03\/Elite_Logo_NEW_2023_Final-1.png","contentUrl":"https:\/\/www.eliterent.com\/wp-content\/uploads\/2020\/03\/Elite_Logo_NEW_2023_Final-1.png","width":828,"height":313,"caption":"Elite Rent"},"image":{"@id":"https:\/\/www.eliterent.com\/#\/schema\/logo\/image\/"}},{"@type":"Person","@id":"https:\/\/www.eliterent.com\/#\/schema\/person\/7afdc7b8834b55a1ed893961ab071a65","name":"Anthony Eschler","image":{"@type":"ImageObject","inLanguage":"fr-FR","@id":"https:\/\/secure.gravatar.com\/avatar\/2a38fa365cdc8cfec3d87e394c80abeab0df6f7e4b52eda611492b6df9196c7f?s=96&d=mm&r=g","url":"https:\/\/secure.gravatar.com\/avatar\/2a38fa365cdc8cfec3d87e394c80abeab0df6f7e4b52eda611492b6df9196c7f?s=96&d=mm&r=g","contentUrl":"https:\/\/secure.gravatar.com\/avatar\/2a38fa365cdc8cfec3d87e394c80abeab0df6f7e4b52eda611492b6df9196c7f?s=96&d=mm&r=g","caption":"Anthony Eschler"}}]}},"_links":{"self":[{"href":"https:\/\/www.eliterent.com\/fr\/wp-json\/wp\/v2\/posts\/74080","targetHints":{"allow":["GET"]}}],"collection":[{"href":"https:\/\/www.eliterent.com\/fr\/wp-json\/wp\/v2\/posts"}],"about":[{"href":"https:\/\/www.eliterent.com\/fr\/wp-json\/wp\/v2\/types\/post"}],"author":[{"embeddable":true,"href":"https:\/\/www.eliterent.com\/fr\/wp-json\/wp\/v2\/users\/6"}],"replies":[{"embeddable":true,"href":"https:\/\/www.eliterent.com\/fr\/wp-json\/wp\/v2\/comments?post=74080"}],"version-history":[{"count":0,"href":"https:\/\/www.eliterent.com\/fr\/wp-json\/wp\/v2\/posts\/74080\/revisions"}],"wp:featuredmedia":[{"embeddable":true,"href":"https:\/\/www.eliterent.com\/fr\/wp-json\/wp\/v2\/media\/27838"}],"wp:attachment":[{"href":"https:\/\/www.eliterent.com\/fr\/wp-json\/wp\/v2\/media?parent=74080"}],"wp:term":[{"taxonomy":"category","embeddable":true,"href":"https:\/\/www.eliterent.com\/fr\/wp-json\/wp\/v2\/categories?post=74080"},{"taxonomy":"post_tag","embeddable":true,"href":"https:\/\/www.eliterent.com\/fr\/wp-json\/wp\/v2\/tags?post=74080"}],"curies":[{"name":"wp","href":"https:\/\/api.w.org\/{rel}","templated":true}]}}