{"id":73870,"date":"2024-06-10T10:47:19","date_gmt":"2024-06-10T08:47:19","guid":{"rendered":"https:\/\/www.eliterent.com\/rent-a-bmw-in-rome\/"},"modified":"2024-06-10T12:06:00","modified_gmt":"2024-06-10T10:06:00","slug":"rent-a-bmw-in-rome","status":"publish","type":"post","link":"https:\/\/www.eliterent.com\/fr\/rent-a-bmw-in-rome\/","title":{"rendered":"Louer une BMW \u00e0 Rome"},"content":{"rendered":"<h5>Louer une BMW \u00e0 Rome avec Elite Rent-a-Car<\/h5>\n<p>Avec Elite Rent, vous pouvez louer une BMW \u00e0 Rome. Louez des mod\u00e8les tels que le X5, le X7, la S\u00e9rie 4 et la S\u00e9rie 7. Louez un SUV, une berline, un cabriolet ou une voiture de sport BMW. Service de livraison et de reprise sur mesure disponible \u00e0 Naples, Amalfi, Tivoli et Sienne.<\/p>\n<h5>Un m\u00e9lange parfait de luxe, de performance et de style \u00e0 Rome<\/h5>\n<p>La location d&rsquo;une BMW \u00e0 Rome offre un m\u00e9lange parfait de luxe, de performance et de style, vous permettant d&rsquo;explorer la ville historique et vibrante dans un confort in\u00e9gal\u00e9. Rome, avec son histoire riche, son architecture \u00e9tonnante et ses rues anim\u00e9es, offre un cadre id\u00e9al pour exp\u00e9rimenter la dynamique de conduite raffin\u00e9e d&rsquo;une BMW.<\/p>\n<p>Les locations de BMW \u00e0 Rome comprennent une gamme vari\u00e9e de mod\u00e8les, tels que la sportive BMW S\u00e9rie 3, l&rsquo;\u00e9l\u00e9gante S\u00e9rie 5 et la dynamique X5. Chaque v\u00e9hicule est m\u00e9ticuleusement entretenu pour garantir des performances, une s\u00e9curit\u00e9 et un confort de premier ordre. Avec une BMW, vous profiterez de moteurs puissants, d&rsquo;une technologie avanc\u00e9e et d&rsquo;int\u00e9rieurs luxueux, faisant de chaque trajet \u00e0 Rome un plaisir.<\/p>\n<p>Conduire une BMW \u00e0 Rome vous permet de naviguer dans les rues anciennes et les boulevards modernes de la ville avec facilit\u00e9 et sophistication. Imaginez-vous en train de visiter des sites tels que le Colis\u00e9e, le Vatican et la fontaine de Trevi dans le confort \u00e9l\u00e9gant d&rsquo;une BMW. Pour ceux qui souhaitent explorer au-del\u00e0 de la ville, une BMW est parfaite pour les trajets panoramiques vers la campagne toscane, la c\u00f4te amalfitaine ou les villes pittoresques du Latium.<\/p>\n<p>Les locations de BMW \u00e0 Rome s&rsquo;adressent aussi bien aux voyageurs d&rsquo;affaires qu&rsquo;aux touristes. Que vous soyez dans la ville pour une conf\u00e9rence, une escapade romantique ou simplement pour profiter des sites touristiques, la location d&rsquo;une BMW offre la combinaison parfaite de commodit\u00e9 et de luxe. De nombreux services de location \u00e0 Rome proposent des formules personnalis\u00e9es, y compris des options de livraison et de prise en charge, garantissant une exp\u00e9rience transparente et sans stress.<\/p>\n<p>En r\u00e9sum\u00e9, la location d&rsquo;une BMW \u00e0 Rome \u00e9l\u00e8ve votre exp\u00e9rience de voyage gr\u00e2ce \u00e0 son m\u00e9lange de luxe, de performance et de style. D\u00e9couvrez la Ville \u00c9ternelle et ses environs \u00e0 couper le souffle dans le confort et la sophistication avec une location de BMW, rendant votre voyage vraiment inoubliable.<\/p>\n<p>&nbsp;<\/p>\n","protected":false},"excerpt":{"rendered":"<p>Louer une BMW \u00e0 Rome avec Elite Rent-a-Car Avec Elite Rent, vous pouvez louer une BMW \u00e0 Rome. Louez des mod\u00e8les tels que le X5, le X7, la S\u00e9rie 4 et la S\u00e9rie 7. Louez un SUV, une berline, un cabriolet ou une voiture de sport BMW. Service de livraison et de reprise sur mesure [&hellip;]<\/p>\n","protected":false},"author":6,"featured_media":27856,"comment_status":"open","ping_status":"open","sticky":false,"template":"","format":"standard","meta":{"_acf_changed":false,"site-sidebar-layout":"default","site-content-layout":"default","ast-site-content-layout":"","site-content-style":"default","site-sidebar-style":"default","ast-global-header-display":"","ast-banner-title-visibility":"","ast-main-header-display":"","ast-hfb-above-header-display":"","ast-hfb-below-header-display":"","ast-hfb-mobile-header-display":"","site-post-title":"","ast-breadcrumbs-content":"","ast-featured-img":"","footer-sml-layout":"","theme-transparent-header-meta":"default","adv-header-id-meta":"","stick-header-meta":"","header-above-stick-meta":"","header-main-stick-meta":"","header-below-stick-meta":"","astra-migrate-meta-layouts":"default","ast-page-background-enabled":"default","ast-page-background-meta":{"desktop":{"background-color":"","background-image":"","background-repeat":"repeat","background-position":"center center","background-size":"auto","background-attachment":"scroll","background-type":"","background-media":"","overlay-type":"","overlay-color":"","overlay-opacity":"","overlay-gradient":""},"tablet":{"background-color":"","background-image":"","background-repeat":"repeat","background-position":"center center","background-size":"auto","background-attachment":"scroll","background-type":"","background-media":"","overlay-type":"","overlay-color":"","overlay-opacity":"","overlay-gradient":""},"mobile":{"background-color":"","background-image":"","background-repeat":"repeat","background-position":"center center","background-size":"auto","background-attachment":"scroll","background-type":"","background-media":"","overlay-type":"","overlay-color":"","overlay-opacity":"","overlay-gradient":""}},"ast-content-background-meta":{"desktop":{"background-color":"var(--ast-global-color-5)","background-image":"","background-repeat":"repeat","background-position":"center center","background-size":"auto","background-attachment":"scroll","background-type":"","background-media":"","overlay-type":"","overlay-color":"","overlay-opacity":"","overlay-gradient":""},"tablet":{"background-color":"var(--ast-global-color-5)","background-image":"","background-repeat":"repeat","background-position":"center center","background-size":"auto","background-attachment":"scroll","background-type":"","background-media":"","overlay-type":"","overlay-color":"","overlay-opacity":"","overlay-gradient":""},"mobile":{"background-color":"var(--ast-global-color-5)","background-image":"","background-repeat":"repeat","background-position":"center center","background-size":"auto","background-attachment":"scroll","background-type":"","background-media":"","overlay-type":"","overlay-color":"","overlay-opacity":"","overlay-gradient":""}},"footnotes":""},"categories":[820],"tags":[],"class_list":["post-73870","post","type-post","status-publish","format-standard","has-post-thumbnail","hentry","category-non-classifiee"],"acf":[],"yoast_head":"<!-- This site is optimized with the Yoast SEO plugin v27.4 - https:\/\/yoast.com\/product\/yoast-seo-wordpress\/ -->\n<title>Louer une BMW \u00e0 Rome avec Elite Rent<\/title>\n<meta name=\"description\" content=\"Louer une BMW \u00e0 Rome avec Elite Rent - Service de livraison et de reprise sur mesure disponible \u00e0 Naples, Amalfi, Tivoli et Sienne.\" \/>\n<meta name=\"robots\" content=\"index, follow, max-snippet:-1, max-image-preview:large, max-video-preview:-1\" \/>\n<link rel=\"canonical\" href=\"https:\/\/www.eliterent.com\/rent-a-bmw-in-rome\/\" \/>\n<meta property=\"og:locale\" content=\"fr_FR\" \/>\n<meta property=\"og:type\" content=\"article\" \/>\n<meta property=\"og:title\" content=\"Louer une BMW \u00e0 Rome avec Elite Rent\" \/>\n<meta property=\"og:description\" content=\"Louer une BMW \u00e0 Rome avec Elite Rent - Service de livraison et de reprise sur mesure disponible \u00e0 Naples, Amalfi, Tivoli et Sienne.\" \/>\n<meta property=\"og:url\" content=\"https:\/\/www.eliterent.com\/rent-a-bmw-in-rome\/\" \/>\n<meta property=\"og:site_name\" content=\"Elite Rent\" \/>\n<meta property=\"article:published_time\" content=\"2024-06-10T08:47:19+00:00\" \/>\n<meta property=\"article:modified_time\" content=\"2024-06-10T10:06:00+00:00\" \/>\n<meta property=\"og:image\" content=\"https:\/\/www.eliterent.com\/wp-content\/uploads\/2021\/06\/CB-bmw.png\" \/>\n\t<meta property=\"og:image:width\" content=\"512\" \/>\n\t<meta property=\"og:image:height\" content=\"512\" \/>\n\t<meta property=\"og:image:type\" content=\"image\/png\" \/>\n<meta name=\"author\" content=\"Anthony Eschler\" \/>\n<meta name=\"twitter:card\" content=\"summary_large_image\" \/>\n<script type=\"application\/ld+json\" class=\"yoast-schema-graph\">{\"@context\":\"https:\\\/\\\/schema.org\",\"@graph\":[{\"@type\":\"Article\",\"@id\":\"https:\\\/\\\/www.eliterent.com\\\/rent-a-bmw-in-rome\\\/#article\",\"isPartOf\":{\"@id\":\"https:\\\/\\\/www.eliterent.com\\\/rent-a-bmw-in-rome\\\/\"},\"author\":{\"name\":\"Anthony Eschler\",\"@id\":\"https:\\\/\\\/www.eliterent.com\\\/#\\\/schema\\\/person\\\/7afdc7b8834b55a1ed893961ab071a65\"},\"headline\":\"Louer une BMW \u00e0 Rome\",\"datePublished\":\"2024-06-10T08:47:19+00:00\",\"dateModified\":\"2024-06-10T10:06:00+00:00\",\"mainEntityOfPage\":{\"@id\":\"https:\\\/\\\/www.eliterent.com\\\/rent-a-bmw-in-rome\\\/\"},\"wordCount\":429,\"commentCount\":0,\"publisher\":{\"@id\":\"https:\\\/\\\/www.eliterent.com\\\/#organization\"},\"image\":{\"@id\":\"https:\\\/\\\/www.eliterent.com\\\/rent-a-bmw-in-rome\\\/#primaryimage\"},\"thumbnailUrl\":\"https:\\\/\\\/www.eliterent.com\\\/wp-content\\\/uploads\\\/2021\\\/06\\\/CB-bmw.png\",\"articleSection\":[\"Non classifi\u00e9(e)\"],\"inLanguage\":\"fr-FR\",\"potentialAction\":[{\"@type\":\"CommentAction\",\"name\":\"Comment\",\"target\":[\"https:\\\/\\\/www.eliterent.com\\\/rent-a-bmw-in-rome\\\/#respond\"]}]},{\"@type\":\"WebPage\",\"@id\":\"https:\\\/\\\/www.eliterent.com\\\/rent-a-bmw-in-rome\\\/\",\"url\":\"https:\\\/\\\/www.eliterent.com\\\/rent-a-bmw-in-rome\\\/\",\"name\":\"Louer une BMW \u00e0 Rome avec Elite Rent\",\"isPartOf\":{\"@id\":\"https:\\\/\\\/www.eliterent.com\\\/#website\"},\"primaryImageOfPage\":{\"@id\":\"https:\\\/\\\/www.eliterent.com\\\/rent-a-bmw-in-rome\\\/#primaryimage\"},\"image\":{\"@id\":\"https:\\\/\\\/www.eliterent.com\\\/rent-a-bmw-in-rome\\\/#primaryimage\"},\"thumbnailUrl\":\"https:\\\/\\\/www.eliterent.com\\\/wp-content\\\/uploads\\\/2021\\\/06\\\/CB-bmw.png\",\"datePublished\":\"2024-06-10T08:47:19+00:00\",\"dateModified\":\"2024-06-10T10:06:00+00:00\",\"description\":\"Louer une BMW \u00e0 Rome avec Elite Rent - Service de livraison et de reprise sur mesure disponible \u00e0 Naples, Amalfi, Tivoli et Sienne.\",\"breadcrumb\":{\"@id\":\"https:\\\/\\\/www.eliterent.com\\\/rent-a-bmw-in-rome\\\/#breadcrumb\"},\"inLanguage\":\"fr-FR\",\"potentialAction\":[{\"@type\":\"ReadAction\",\"target\":[\"https:\\\/\\\/www.eliterent.com\\\/rent-a-bmw-in-rome\\\/\"]}]},{\"@type\":\"ImageObject\",\"inLanguage\":\"fr-FR\",\"@id\":\"https:\\\/\\\/www.eliterent.com\\\/rent-a-bmw-in-rome\\\/#primaryimage\",\"url\":\"https:\\\/\\\/www.eliterent.com\\\/wp-content\\\/uploads\\\/2021\\\/06\\\/CB-bmw.png\",\"contentUrl\":\"https:\\\/\\\/www.eliterent.com\\\/wp-content\\\/uploads\\\/2021\\\/06\\\/CB-bmw.png\",\"width\":512,\"height\":512},{\"@type\":\"BreadcrumbList\",\"@id\":\"https:\\\/\\\/www.eliterent.com\\\/rent-a-bmw-in-rome\\\/#breadcrumb\",\"itemListElement\":[{\"@type\":\"ListItem\",\"position\":1,\"name\":\"Home\",\"item\":\"https:\\\/\\\/www.eliterent.com\\\/fr\\\/\"},{\"@type\":\"ListItem\",\"position\":2,\"name\":\"Louer une BMW \u00e0 Rome\"}]},{\"@type\":\"WebSite\",\"@id\":\"https:\\\/\\\/www.eliterent.com\\\/#website\",\"url\":\"https:\\\/\\\/www.eliterent.com\\\/\",\"name\":\"Elite Rent\",\"description\":\"Rent a Car\",\"publisher\":{\"@id\":\"https:\\\/\\\/www.eliterent.com\\\/#organization\"},\"potentialAction\":[{\"@type\":\"SearchAction\",\"target\":{\"@type\":\"EntryPoint\",\"urlTemplate\":\"https:\\\/\\\/www.eliterent.com\\\/?s={search_term_string}\"},\"query-input\":{\"@type\":\"PropertyValueSpecification\",\"valueRequired\":true,\"valueName\":\"search_term_string\"}}],\"inLanguage\":\"fr-FR\"},{\"@type\":\"Organization\",\"@id\":\"https:\\\/\\\/www.eliterent.com\\\/#organization\",\"name\":\"Elite Rent\",\"url\":\"https:\\\/\\\/www.eliterent.com\\\/\",\"logo\":{\"@type\":\"ImageObject\",\"inLanguage\":\"fr-FR\",\"@id\":\"https:\\\/\\\/www.eliterent.com\\\/#\\\/schema\\\/logo\\\/image\\\/\",\"url\":\"https:\\\/\\\/www.eliterent.com\\\/wp-content\\\/uploads\\\/2020\\\/03\\\/Elite_Logo_NEW_2023_Final-1.png\",\"contentUrl\":\"https:\\\/\\\/www.eliterent.com\\\/wp-content\\\/uploads\\\/2020\\\/03\\\/Elite_Logo_NEW_2023_Final-1.png\",\"width\":828,\"height\":313,\"caption\":\"Elite Rent\"},\"image\":{\"@id\":\"https:\\\/\\\/www.eliterent.com\\\/#\\\/schema\\\/logo\\\/image\\\/\"}},{\"@type\":\"Person\",\"@id\":\"https:\\\/\\\/www.eliterent.com\\\/#\\\/schema\\\/person\\\/7afdc7b8834b55a1ed893961ab071a65\",\"name\":\"Anthony Eschler\",\"image\":{\"@type\":\"ImageObject\",\"inLanguage\":\"fr-FR\",\"@id\":\"https:\\\/\\\/secure.gravatar.com\\\/avatar\\\/2a38fa365cdc8cfec3d87e394c80abeab0df6f7e4b52eda611492b6df9196c7f?s=96&d=mm&r=g\",\"url\":\"https:\\\/\\\/secure.gravatar.com\\\/avatar\\\/2a38fa365cdc8cfec3d87e394c80abeab0df6f7e4b52eda611492b6df9196c7f?s=96&d=mm&r=g\",\"contentUrl\":\"https:\\\/\\\/secure.gravatar.com\\\/avatar\\\/2a38fa365cdc8cfec3d87e394c80abeab0df6f7e4b52eda611492b6df9196c7f?s=96&d=mm&r=g\",\"caption\":\"Anthony Eschler\"}}]}<\/script>\n<!-- \/ Yoast SEO plugin. -->","yoast_head_json":{"title":"Louer une BMW \u00e0 Rome avec Elite Rent","description":"Louer une BMW \u00e0 Rome avec Elite Rent - Service de livraison et de reprise sur mesure disponible \u00e0 Naples, Amalfi, Tivoli et Sienne.","robots":{"index":"index","follow":"follow","max-snippet":"max-snippet:-1","max-image-preview":"max-image-preview:large","max-video-preview":"max-video-preview:-1"},"canonical":"https:\/\/www.eliterent.com\/rent-a-bmw-in-rome\/","og_locale":"fr_FR","og_type":"article","og_title":"Louer une BMW \u00e0 Rome avec Elite Rent","og_description":"Louer une BMW \u00e0 Rome avec Elite Rent - Service de livraison et de reprise sur mesure disponible \u00e0 Naples, Amalfi, Tivoli et Sienne.","og_url":"https:\/\/www.eliterent.com\/rent-a-bmw-in-rome\/","og_site_name":"Elite Rent","article_published_time":"2024-06-10T08:47:19+00:00","article_modified_time":"2024-06-10T10:06:00+00:00","og_image":[{"width":512,"height":512,"url":"https:\/\/www.eliterent.com\/wp-content\/uploads\/2021\/06\/CB-bmw.png","type":"image\/png"}],"author":"Anthony Eschler","twitter_card":"summary_large_image","schema":{"@context":"https:\/\/schema.org","@graph":[{"@type":"Article","@id":"https:\/\/www.eliterent.com\/rent-a-bmw-in-rome\/#article","isPartOf":{"@id":"https:\/\/www.eliterent.com\/rent-a-bmw-in-rome\/"},"author":{"name":"Anthony Eschler","@id":"https:\/\/www.eliterent.com\/#\/schema\/person\/7afdc7b8834b55a1ed893961ab071a65"},"headline":"Louer une BMW \u00e0 Rome","datePublished":"2024-06-10T08:47:19+00:00","dateModified":"2024-06-10T10:06:00+00:00","mainEntityOfPage":{"@id":"https:\/\/www.eliterent.com\/rent-a-bmw-in-rome\/"},"wordCount":429,"commentCount":0,"publisher":{"@id":"https:\/\/www.eliterent.com\/#organization"},"image":{"@id":"https:\/\/www.eliterent.com\/rent-a-bmw-in-rome\/#primaryimage"},"thumbnailUrl":"https:\/\/www.eliterent.com\/wp-content\/uploads\/2021\/06\/CB-bmw.png","articleSection":["Non classifi\u00e9(e)"],"inLanguage":"fr-FR","potentialAction":[{"@type":"CommentAction","name":"Comment","target":["https:\/\/www.eliterent.com\/rent-a-bmw-in-rome\/#respond"]}]},{"@type":"WebPage","@id":"https:\/\/www.eliterent.com\/rent-a-bmw-in-rome\/","url":"https:\/\/www.eliterent.com\/rent-a-bmw-in-rome\/","name":"Louer une BMW \u00e0 Rome avec Elite Rent","isPartOf":{"@id":"https:\/\/www.eliterent.com\/#website"},"primaryImageOfPage":{"@id":"https:\/\/www.eliterent.com\/rent-a-bmw-in-rome\/#primaryimage"},"image":{"@id":"https:\/\/www.eliterent.com\/rent-a-bmw-in-rome\/#primaryimage"},"thumbnailUrl":"https:\/\/www.eliterent.com\/wp-content\/uploads\/2021\/06\/CB-bmw.png","datePublished":"2024-06-10T08:47:19+00:00","dateModified":"2024-06-10T10:06:00+00:00","description":"Louer une BMW \u00e0 Rome avec Elite Rent - Service de livraison et de reprise sur mesure disponible \u00e0 Naples, Amalfi, Tivoli et Sienne.","breadcrumb":{"@id":"https:\/\/www.eliterent.com\/rent-a-bmw-in-rome\/#breadcrumb"},"inLanguage":"fr-FR","potentialAction":[{"@type":"ReadAction","target":["https:\/\/www.eliterent.com\/rent-a-bmw-in-rome\/"]}]},{"@type":"ImageObject","inLanguage":"fr-FR","@id":"https:\/\/www.eliterent.com\/rent-a-bmw-in-rome\/#primaryimage","url":"https:\/\/www.eliterent.com\/wp-content\/uploads\/2021\/06\/CB-bmw.png","contentUrl":"https:\/\/www.eliterent.com\/wp-content\/uploads\/2021\/06\/CB-bmw.png","width":512,"height":512},{"@type":"BreadcrumbList","@id":"https:\/\/www.eliterent.com\/rent-a-bmw-in-rome\/#breadcrumb","itemListElement":[{"@type":"ListItem","position":1,"name":"Home","item":"https:\/\/www.eliterent.com\/fr\/"},{"@type":"ListItem","position":2,"name":"Louer une BMW \u00e0 Rome"}]},{"@type":"WebSite","@id":"https:\/\/www.eliterent.com\/#website","url":"https:\/\/www.eliterent.com\/","name":"Elite Rent","description":"Rent a Car","publisher":{"@id":"https:\/\/www.eliterent.com\/#organization"},"potentialAction":[{"@type":"SearchAction","target":{"@type":"EntryPoint","urlTemplate":"https:\/\/www.eliterent.com\/?s={search_term_string}"},"query-input":{"@type":"PropertyValueSpecification","valueRequired":true,"valueName":"search_term_string"}}],"inLanguage":"fr-FR"},{"@type":"Organization","@id":"https:\/\/www.eliterent.com\/#organization","name":"Elite Rent","url":"https:\/\/www.eliterent.com\/","logo":{"@type":"ImageObject","inLanguage":"fr-FR","@id":"https:\/\/www.eliterent.com\/#\/schema\/logo\/image\/","url":"https:\/\/www.eliterent.com\/wp-content\/uploads\/2020\/03\/Elite_Logo_NEW_2023_Final-1.png","contentUrl":"https:\/\/www.eliterent.com\/wp-content\/uploads\/2020\/03\/Elite_Logo_NEW_2023_Final-1.png","width":828,"height":313,"caption":"Elite Rent"},"image":{"@id":"https:\/\/www.eliterent.com\/#\/schema\/logo\/image\/"}},{"@type":"Person","@id":"https:\/\/www.eliterent.com\/#\/schema\/person\/7afdc7b8834b55a1ed893961ab071a65","name":"Anthony Eschler","image":{"@type":"ImageObject","inLanguage":"fr-FR","@id":"https:\/\/secure.gravatar.com\/avatar\/2a38fa365cdc8cfec3d87e394c80abeab0df6f7e4b52eda611492b6df9196c7f?s=96&d=mm&r=g","url":"https:\/\/secure.gravatar.com\/avatar\/2a38fa365cdc8cfec3d87e394c80abeab0df6f7e4b52eda611492b6df9196c7f?s=96&d=mm&r=g","contentUrl":"https:\/\/secure.gravatar.com\/avatar\/2a38fa365cdc8cfec3d87e394c80abeab0df6f7e4b52eda611492b6df9196c7f?s=96&d=mm&r=g","caption":"Anthony Eschler"}}]}},"_links":{"self":[{"href":"https:\/\/www.eliterent.com\/fr\/wp-json\/wp\/v2\/posts\/73870","targetHints":{"allow":["GET"]}}],"collection":[{"href":"https:\/\/www.eliterent.com\/fr\/wp-json\/wp\/v2\/posts"}],"about":[{"href":"https:\/\/www.eliterent.com\/fr\/wp-json\/wp\/v2\/types\/post"}],"author":[{"embeddable":true,"href":"https:\/\/www.eliterent.com\/fr\/wp-json\/wp\/v2\/users\/6"}],"replies":[{"embeddable":true,"href":"https:\/\/www.eliterent.com\/fr\/wp-json\/wp\/v2\/comments?post=73870"}],"version-history":[{"count":0,"href":"https:\/\/www.eliterent.com\/fr\/wp-json\/wp\/v2\/posts\/73870\/revisions"}],"wp:featuredmedia":[{"embeddable":true,"href":"https:\/\/www.eliterent.com\/fr\/wp-json\/wp\/v2\/media\/27856"}],"wp:attachment":[{"href":"https:\/\/www.eliterent.com\/fr\/wp-json\/wp\/v2\/media?parent=73870"}],"wp:term":[{"taxonomy":"category","embeddable":true,"href":"https:\/\/www.eliterent.com\/fr\/wp-json\/wp\/v2\/categories?post=73870"},{"taxonomy":"post_tag","embeddable":true,"href":"https:\/\/www.eliterent.com\/fr\/wp-json\/wp\/v2\/tags?post=73870"}],"curies":[{"name":"wp","href":"https:\/\/api.w.org\/{rel}","templated":true}]}}