{"id":73789,"date":"2024-06-04T09:50:21","date_gmt":"2024-06-04T07:50:21","guid":{"rendered":"https:\/\/www.eliterent.com\/rent-a-porsche-in-milan\/"},"modified":"2024-06-04T10:03:13","modified_gmt":"2024-06-04T08:03:13","slug":"rent-a-porsche-in-milan","status":"publish","type":"post","link":"https:\/\/www.eliterent.com\/fr\/rent-a-porsche-in-milan\/","title":{"rendered":"Louer une Porsche \u00e0 Milan"},"content":{"rendered":"<h5>Louer une Porsche \u00e0 Milan avec Elite Rent-a-Car<\/h5>\n<p>Avec Elite Rent, vous pouvez louer une Porsche \u00e0 Milan. Louez des mod\u00e8les tels que Cayenne, Macan, 911 (992) Carrera, et 718 Boxster. Louez un SUV, une berline, une voiture de sport ou une d\u00e9capotable Porsche. Service de livraison et de reprise sur mesure disponible \u00e0 Florence, Turin, Venise et Cortina.<\/p>\n<h5>Une exp\u00e9rience sans pr\u00e9c\u00e9dent : Conduire une Porsche \u00e0 Milan<\/h5>\n<p>La location d&rsquo;une Porsche \u00e0 Milan offre une exp\u00e9rience de conduite in\u00e9gal\u00e9e, alliant luxe et performances \u00e0 l&rsquo;attrait de l&rsquo;une des villes les plus dynamiques d&rsquo;Italie. Milan, connue pour son riche patrimoine culturel, son ambiance branch\u00e9e et sa vie urbaine tr\u00e9pidante, constitue la toile de fond id\u00e9ale pour conduire une voiture de sport haut de gamme telle qu&rsquo;une Porsche.<\/p>\n<p>Lorsque vous louez une Porsche \u00e0 Milan, vous avez acc\u00e8s \u00e0 une flotte impressionnante de mod\u00e8les, dont l&#8217;embl\u00e9matique 911, le dynamique Cayenne et la sophistiqu\u00e9e Panamera. Chaque Porsche est m\u00e9ticuleusement entretenue pour garantir des performances et un confort optimaux, ce qui vous permet de profiter des moteurs puissants, de la maniabilit\u00e9 pr\u00e9cise et des int\u00e9rieurs luxueux de la voiture.<\/p>\n<p>Explorer Milan et ses environs \u00e0 bord d&rsquo;une Porsche, c&rsquo;est vivre une exp\u00e9rience de voyage unique. Imaginez que vous vous promeniez dans les rues \u00e9l\u00e9gantes de la ville et que vous visitiez des monuments tels que le Duomo di Milano, l&rsquo;op\u00e9ra La Scala et la Galleria Vittorio Emanuele II dans le confort d&rsquo;une Porsche. Pour ceux qui souhaitent s&rsquo;aventurer au-del\u00e0 de la ville, les routes panoramiques vers le lac de C\u00f4me ou les Alpes italiennes pittoresques sont encore plus exaltantes \u00e0 bord d&rsquo;une Porsche.<\/p>\n<p>La location d&rsquo;une Porsche \u00e0 Milan est \u00e9galement une option pratique et flexible pour les voyageurs d&rsquo;affaires et de loisirs. Que vous assistiez \u00e0 un \u00e9v\u00e9nement important, que vous cherchiez \u00e0 impressionner vos clients ou que vous souhaitiez simplement vous offrir une exp\u00e9rience de conduite luxueuse, la location d&rsquo;une Porsche est la solution id\u00e9ale. De nombreux services de location \u00e0 Milan proposent des formules personnalis\u00e9es, y compris des options de livraison et de prise en charge, garantissant une exp\u00e9rience transparente et sans stress.<\/p>\n<p>En r\u00e9sum\u00e9, la location d&rsquo;une Porsche \u00e0 Milan vous permet non seulement d&rsquo;am\u00e9liorer votre exp\u00e9rience de voyage gr\u00e2ce au luxe et aux performances, mais aussi d&rsquo;explorer avec style les paysages \u00e9poustouflants et la culture vibrante de la ville. Pour un voyage inoubliable, optez pour une location de Porsche et d\u00e9couvrez Milan sous un nouvel angle.<\/p>\n","protected":false},"excerpt":{"rendered":"<p>Louer une Porsche \u00e0 Milan avec Elite Rent-a-Car Avec Elite Rent, vous pouvez louer une Porsche \u00e0 Milan. Louez des mod\u00e8les tels que Cayenne, Macan, 911 (992) Carrera, et 718 Boxster. Louez un SUV, une berline, une voiture de sport ou une d\u00e9capotable Porsche. Service de livraison et de reprise sur mesure disponible \u00e0 Florence, [&hellip;]<\/p>\n","protected":false},"author":6,"featured_media":27841,"comment_status":"open","ping_status":"open","sticky":false,"template":"","format":"standard","meta":{"_acf_changed":false,"site-sidebar-layout":"default","site-content-layout":"default","ast-site-content-layout":"","site-content-style":"default","site-sidebar-style":"default","ast-global-header-display":"","ast-banner-title-visibility":"","ast-main-header-display":"","ast-hfb-above-header-display":"","ast-hfb-below-header-display":"","ast-hfb-mobile-header-display":"","site-post-title":"","ast-breadcrumbs-content":"","ast-featured-img":"","footer-sml-layout":"","theme-transparent-header-meta":"default","adv-header-id-meta":"","stick-header-meta":"","header-above-stick-meta":"","header-main-stick-meta":"","header-below-stick-meta":"","astra-migrate-meta-layouts":"default","ast-page-background-enabled":"default","ast-page-background-meta":{"desktop":{"background-color":"","background-image":"","background-repeat":"repeat","background-position":"center center","background-size":"auto","background-attachment":"scroll","background-type":"","background-media":"","overlay-type":"","overlay-color":"","overlay-opacity":"","overlay-gradient":""},"tablet":{"background-color":"","background-image":"","background-repeat":"repeat","background-position":"center center","background-size":"auto","background-attachment":"scroll","background-type":"","background-media":"","overlay-type":"","overlay-color":"","overlay-opacity":"","overlay-gradient":""},"mobile":{"background-color":"","background-image":"","background-repeat":"repeat","background-position":"center center","background-size":"auto","background-attachment":"scroll","background-type":"","background-media":"","overlay-type":"","overlay-color":"","overlay-opacity":"","overlay-gradient":""}},"ast-content-background-meta":{"desktop":{"background-color":"var(--ast-global-color-5)","background-image":"","background-repeat":"repeat","background-position":"center center","background-size":"auto","background-attachment":"scroll","background-type":"","background-media":"","overlay-type":"","overlay-color":"","overlay-opacity":"","overlay-gradient":""},"tablet":{"background-color":"var(--ast-global-color-5)","background-image":"","background-repeat":"repeat","background-position":"center center","background-size":"auto","background-attachment":"scroll","background-type":"","background-media":"","overlay-type":"","overlay-color":"","overlay-opacity":"","overlay-gradient":""},"mobile":{"background-color":"var(--ast-global-color-5)","background-image":"","background-repeat":"repeat","background-position":"center center","background-size":"auto","background-attachment":"scroll","background-type":"","background-media":"","overlay-type":"","overlay-color":"","overlay-opacity":"","overlay-gradient":""}},"footnotes":""},"categories":[820],"tags":[],"class_list":["post-73789","post","type-post","status-publish","format-standard","has-post-thumbnail","hentry","category-non-classifiee"],"acf":[],"yoast_head":"<!-- This site is optimized with the Yoast SEO plugin v27.4 - https:\/\/yoast.com\/product\/yoast-seo-wordpress\/ -->\n<title>Louer une Porsche \u00e0 Milan avec Elite Rent<\/title>\n<meta name=\"description\" content=\"Louer une Porsche \u00e0 Milan avec Elite Rent - Service de livraison et de reprise sur mesure disponible \u00e0 Florence, Turin, Venise et Cortina.\" \/>\n<meta name=\"robots\" content=\"index, follow, max-snippet:-1, max-image-preview:large, max-video-preview:-1\" \/>\n<link rel=\"canonical\" href=\"https:\/\/www.eliterent.com\/rent-a-porsche-in-milan\/\" \/>\n<meta property=\"og:locale\" content=\"fr_FR\" \/>\n<meta property=\"og:type\" content=\"article\" \/>\n<meta property=\"og:title\" content=\"Louer une Porsche \u00e0 Milan avec Elite Rent\" \/>\n<meta property=\"og:description\" content=\"Louer une Porsche \u00e0 Milan avec Elite Rent - Service de livraison et de reprise sur mesure disponible \u00e0 Florence, Turin, Venise et Cortina.\" \/>\n<meta property=\"og:url\" content=\"https:\/\/www.eliterent.com\/rent-a-porsche-in-milan\/\" \/>\n<meta property=\"og:site_name\" content=\"Elite Rent\" \/>\n<meta property=\"article:published_time\" content=\"2024-06-04T07:50:21+00:00\" \/>\n<meta property=\"article:modified_time\" content=\"2024-06-04T08:03:13+00:00\" \/>\n<meta property=\"og:image\" content=\"https:\/\/www.eliterent.com\/wp-content\/uploads\/2021\/06\/CB-porsche.png\" \/>\n\t<meta property=\"og:image:width\" content=\"512\" \/>\n\t<meta property=\"og:image:height\" content=\"512\" \/>\n\t<meta property=\"og:image:type\" content=\"image\/png\" \/>\n<meta name=\"author\" content=\"Anthony Eschler\" \/>\n<meta name=\"twitter:card\" content=\"summary_large_image\" \/>\n<script type=\"application\/ld+json\" class=\"yoast-schema-graph\">{\"@context\":\"https:\\\/\\\/schema.org\",\"@graph\":[{\"@type\":\"Article\",\"@id\":\"https:\\\/\\\/www.eliterent.com\\\/rent-a-porsche-in-milan\\\/#article\",\"isPartOf\":{\"@id\":\"https:\\\/\\\/www.eliterent.com\\\/rent-a-porsche-in-milan\\\/\"},\"author\":{\"name\":\"Anthony Eschler\",\"@id\":\"https:\\\/\\\/www.eliterent.com\\\/#\\\/schema\\\/person\\\/7afdc7b8834b55a1ed893961ab071a65\"},\"headline\":\"Louer une Porsche \u00e0 Milan\",\"datePublished\":\"2024-06-04T07:50:21+00:00\",\"dateModified\":\"2024-06-04T08:03:13+00:00\",\"mainEntityOfPage\":{\"@id\":\"https:\\\/\\\/www.eliterent.com\\\/rent-a-porsche-in-milan\\\/\"},\"wordCount\":443,\"commentCount\":0,\"publisher\":{\"@id\":\"https:\\\/\\\/www.eliterent.com\\\/#organization\"},\"image\":{\"@id\":\"https:\\\/\\\/www.eliterent.com\\\/rent-a-porsche-in-milan\\\/#primaryimage\"},\"thumbnailUrl\":\"https:\\\/\\\/www.eliterent.com\\\/wp-content\\\/uploads\\\/2021\\\/06\\\/CB-porsche.png\",\"articleSection\":[\"Non classifi\u00e9(e)\"],\"inLanguage\":\"fr-FR\",\"potentialAction\":[{\"@type\":\"CommentAction\",\"name\":\"Comment\",\"target\":[\"https:\\\/\\\/www.eliterent.com\\\/rent-a-porsche-in-milan\\\/#respond\"]}]},{\"@type\":\"WebPage\",\"@id\":\"https:\\\/\\\/www.eliterent.com\\\/rent-a-porsche-in-milan\\\/\",\"url\":\"https:\\\/\\\/www.eliterent.com\\\/rent-a-porsche-in-milan\\\/\",\"name\":\"Louer une Porsche \u00e0 Milan avec Elite Rent\",\"isPartOf\":{\"@id\":\"https:\\\/\\\/www.eliterent.com\\\/#website\"},\"primaryImageOfPage\":{\"@id\":\"https:\\\/\\\/www.eliterent.com\\\/rent-a-porsche-in-milan\\\/#primaryimage\"},\"image\":{\"@id\":\"https:\\\/\\\/www.eliterent.com\\\/rent-a-porsche-in-milan\\\/#primaryimage\"},\"thumbnailUrl\":\"https:\\\/\\\/www.eliterent.com\\\/wp-content\\\/uploads\\\/2021\\\/06\\\/CB-porsche.png\",\"datePublished\":\"2024-06-04T07:50:21+00:00\",\"dateModified\":\"2024-06-04T08:03:13+00:00\",\"description\":\"Louer une Porsche \u00e0 Milan avec Elite Rent - Service de livraison et de reprise sur mesure disponible \u00e0 Florence, Turin, Venise et Cortina.\",\"breadcrumb\":{\"@id\":\"https:\\\/\\\/www.eliterent.com\\\/rent-a-porsche-in-milan\\\/#breadcrumb\"},\"inLanguage\":\"fr-FR\",\"potentialAction\":[{\"@type\":\"ReadAction\",\"target\":[\"https:\\\/\\\/www.eliterent.com\\\/rent-a-porsche-in-milan\\\/\"]}]},{\"@type\":\"ImageObject\",\"inLanguage\":\"fr-FR\",\"@id\":\"https:\\\/\\\/www.eliterent.com\\\/rent-a-porsche-in-milan\\\/#primaryimage\",\"url\":\"https:\\\/\\\/www.eliterent.com\\\/wp-content\\\/uploads\\\/2021\\\/06\\\/CB-porsche.png\",\"contentUrl\":\"https:\\\/\\\/www.eliterent.com\\\/wp-content\\\/uploads\\\/2021\\\/06\\\/CB-porsche.png\",\"width\":512,\"height\":512},{\"@type\":\"BreadcrumbList\",\"@id\":\"https:\\\/\\\/www.eliterent.com\\\/rent-a-porsche-in-milan\\\/#breadcrumb\",\"itemListElement\":[{\"@type\":\"ListItem\",\"position\":1,\"name\":\"Home\",\"item\":\"https:\\\/\\\/www.eliterent.com\\\/fr\\\/\"},{\"@type\":\"ListItem\",\"position\":2,\"name\":\"Louer une Porsche \u00e0 Milan\"}]},{\"@type\":\"WebSite\",\"@id\":\"https:\\\/\\\/www.eliterent.com\\\/#website\",\"url\":\"https:\\\/\\\/www.eliterent.com\\\/\",\"name\":\"Elite Rent\",\"description\":\"Rent a Car\",\"publisher\":{\"@id\":\"https:\\\/\\\/www.eliterent.com\\\/#organization\"},\"potentialAction\":[{\"@type\":\"SearchAction\",\"target\":{\"@type\":\"EntryPoint\",\"urlTemplate\":\"https:\\\/\\\/www.eliterent.com\\\/?s={search_term_string}\"},\"query-input\":{\"@type\":\"PropertyValueSpecification\",\"valueRequired\":true,\"valueName\":\"search_term_string\"}}],\"inLanguage\":\"fr-FR\"},{\"@type\":\"Organization\",\"@id\":\"https:\\\/\\\/www.eliterent.com\\\/#organization\",\"name\":\"Elite Rent\",\"url\":\"https:\\\/\\\/www.eliterent.com\\\/\",\"logo\":{\"@type\":\"ImageObject\",\"inLanguage\":\"fr-FR\",\"@id\":\"https:\\\/\\\/www.eliterent.com\\\/#\\\/schema\\\/logo\\\/image\\\/\",\"url\":\"https:\\\/\\\/www.eliterent.com\\\/wp-content\\\/uploads\\\/2020\\\/03\\\/Elite_Logo_NEW_2023_Final-1.png\",\"contentUrl\":\"https:\\\/\\\/www.eliterent.com\\\/wp-content\\\/uploads\\\/2020\\\/03\\\/Elite_Logo_NEW_2023_Final-1.png\",\"width\":828,\"height\":313,\"caption\":\"Elite Rent\"},\"image\":{\"@id\":\"https:\\\/\\\/www.eliterent.com\\\/#\\\/schema\\\/logo\\\/image\\\/\"}},{\"@type\":\"Person\",\"@id\":\"https:\\\/\\\/www.eliterent.com\\\/#\\\/schema\\\/person\\\/7afdc7b8834b55a1ed893961ab071a65\",\"name\":\"Anthony Eschler\",\"image\":{\"@type\":\"ImageObject\",\"inLanguage\":\"fr-FR\",\"@id\":\"https:\\\/\\\/secure.gravatar.com\\\/avatar\\\/2a38fa365cdc8cfec3d87e394c80abeab0df6f7e4b52eda611492b6df9196c7f?s=96&d=mm&r=g\",\"url\":\"https:\\\/\\\/secure.gravatar.com\\\/avatar\\\/2a38fa365cdc8cfec3d87e394c80abeab0df6f7e4b52eda611492b6df9196c7f?s=96&d=mm&r=g\",\"contentUrl\":\"https:\\\/\\\/secure.gravatar.com\\\/avatar\\\/2a38fa365cdc8cfec3d87e394c80abeab0df6f7e4b52eda611492b6df9196c7f?s=96&d=mm&r=g\",\"caption\":\"Anthony Eschler\"}}]}<\/script>\n<!-- \/ Yoast SEO plugin. -->","yoast_head_json":{"title":"Louer une Porsche \u00e0 Milan avec Elite Rent","description":"Louer une Porsche \u00e0 Milan avec Elite Rent - Service de livraison et de reprise sur mesure disponible \u00e0 Florence, Turin, Venise et Cortina.","robots":{"index":"index","follow":"follow","max-snippet":"max-snippet:-1","max-image-preview":"max-image-preview:large","max-video-preview":"max-video-preview:-1"},"canonical":"https:\/\/www.eliterent.com\/rent-a-porsche-in-milan\/","og_locale":"fr_FR","og_type":"article","og_title":"Louer une Porsche \u00e0 Milan avec Elite Rent","og_description":"Louer une Porsche \u00e0 Milan avec Elite Rent - Service de livraison et de reprise sur mesure disponible \u00e0 Florence, Turin, Venise et Cortina.","og_url":"https:\/\/www.eliterent.com\/rent-a-porsche-in-milan\/","og_site_name":"Elite Rent","article_published_time":"2024-06-04T07:50:21+00:00","article_modified_time":"2024-06-04T08:03:13+00:00","og_image":[{"width":512,"height":512,"url":"https:\/\/www.eliterent.com\/wp-content\/uploads\/2021\/06\/CB-porsche.png","type":"image\/png"}],"author":"Anthony Eschler","twitter_card":"summary_large_image","schema":{"@context":"https:\/\/schema.org","@graph":[{"@type":"Article","@id":"https:\/\/www.eliterent.com\/rent-a-porsche-in-milan\/#article","isPartOf":{"@id":"https:\/\/www.eliterent.com\/rent-a-porsche-in-milan\/"},"author":{"name":"Anthony Eschler","@id":"https:\/\/www.eliterent.com\/#\/schema\/person\/7afdc7b8834b55a1ed893961ab071a65"},"headline":"Louer une Porsche \u00e0 Milan","datePublished":"2024-06-04T07:50:21+00:00","dateModified":"2024-06-04T08:03:13+00:00","mainEntityOfPage":{"@id":"https:\/\/www.eliterent.com\/rent-a-porsche-in-milan\/"},"wordCount":443,"commentCount":0,"publisher":{"@id":"https:\/\/www.eliterent.com\/#organization"},"image":{"@id":"https:\/\/www.eliterent.com\/rent-a-porsche-in-milan\/#primaryimage"},"thumbnailUrl":"https:\/\/www.eliterent.com\/wp-content\/uploads\/2021\/06\/CB-porsche.png","articleSection":["Non classifi\u00e9(e)"],"inLanguage":"fr-FR","potentialAction":[{"@type":"CommentAction","name":"Comment","target":["https:\/\/www.eliterent.com\/rent-a-porsche-in-milan\/#respond"]}]},{"@type":"WebPage","@id":"https:\/\/www.eliterent.com\/rent-a-porsche-in-milan\/","url":"https:\/\/www.eliterent.com\/rent-a-porsche-in-milan\/","name":"Louer une Porsche \u00e0 Milan avec Elite Rent","isPartOf":{"@id":"https:\/\/www.eliterent.com\/#website"},"primaryImageOfPage":{"@id":"https:\/\/www.eliterent.com\/rent-a-porsche-in-milan\/#primaryimage"},"image":{"@id":"https:\/\/www.eliterent.com\/rent-a-porsche-in-milan\/#primaryimage"},"thumbnailUrl":"https:\/\/www.eliterent.com\/wp-content\/uploads\/2021\/06\/CB-porsche.png","datePublished":"2024-06-04T07:50:21+00:00","dateModified":"2024-06-04T08:03:13+00:00","description":"Louer une Porsche \u00e0 Milan avec Elite Rent - Service de livraison et de reprise sur mesure disponible \u00e0 Florence, Turin, Venise et Cortina.","breadcrumb":{"@id":"https:\/\/www.eliterent.com\/rent-a-porsche-in-milan\/#breadcrumb"},"inLanguage":"fr-FR","potentialAction":[{"@type":"ReadAction","target":["https:\/\/www.eliterent.com\/rent-a-porsche-in-milan\/"]}]},{"@type":"ImageObject","inLanguage":"fr-FR","@id":"https:\/\/www.eliterent.com\/rent-a-porsche-in-milan\/#primaryimage","url":"https:\/\/www.eliterent.com\/wp-content\/uploads\/2021\/06\/CB-porsche.png","contentUrl":"https:\/\/www.eliterent.com\/wp-content\/uploads\/2021\/06\/CB-porsche.png","width":512,"height":512},{"@type":"BreadcrumbList","@id":"https:\/\/www.eliterent.com\/rent-a-porsche-in-milan\/#breadcrumb","itemListElement":[{"@type":"ListItem","position":1,"name":"Home","item":"https:\/\/www.eliterent.com\/fr\/"},{"@type":"ListItem","position":2,"name":"Louer une Porsche \u00e0 Milan"}]},{"@type":"WebSite","@id":"https:\/\/www.eliterent.com\/#website","url":"https:\/\/www.eliterent.com\/","name":"Elite Rent","description":"Rent a Car","publisher":{"@id":"https:\/\/www.eliterent.com\/#organization"},"potentialAction":[{"@type":"SearchAction","target":{"@type":"EntryPoint","urlTemplate":"https:\/\/www.eliterent.com\/?s={search_term_string}"},"query-input":{"@type":"PropertyValueSpecification","valueRequired":true,"valueName":"search_term_string"}}],"inLanguage":"fr-FR"},{"@type":"Organization","@id":"https:\/\/www.eliterent.com\/#organization","name":"Elite Rent","url":"https:\/\/www.eliterent.com\/","logo":{"@type":"ImageObject","inLanguage":"fr-FR","@id":"https:\/\/www.eliterent.com\/#\/schema\/logo\/image\/","url":"https:\/\/www.eliterent.com\/wp-content\/uploads\/2020\/03\/Elite_Logo_NEW_2023_Final-1.png","contentUrl":"https:\/\/www.eliterent.com\/wp-content\/uploads\/2020\/03\/Elite_Logo_NEW_2023_Final-1.png","width":828,"height":313,"caption":"Elite Rent"},"image":{"@id":"https:\/\/www.eliterent.com\/#\/schema\/logo\/image\/"}},{"@type":"Person","@id":"https:\/\/www.eliterent.com\/#\/schema\/person\/7afdc7b8834b55a1ed893961ab071a65","name":"Anthony Eschler","image":{"@type":"ImageObject","inLanguage":"fr-FR","@id":"https:\/\/secure.gravatar.com\/avatar\/2a38fa365cdc8cfec3d87e394c80abeab0df6f7e4b52eda611492b6df9196c7f?s=96&d=mm&r=g","url":"https:\/\/secure.gravatar.com\/avatar\/2a38fa365cdc8cfec3d87e394c80abeab0df6f7e4b52eda611492b6df9196c7f?s=96&d=mm&r=g","contentUrl":"https:\/\/secure.gravatar.com\/avatar\/2a38fa365cdc8cfec3d87e394c80abeab0df6f7e4b52eda611492b6df9196c7f?s=96&d=mm&r=g","caption":"Anthony Eschler"}}]}},"_links":{"self":[{"href":"https:\/\/www.eliterent.com\/fr\/wp-json\/wp\/v2\/posts\/73789","targetHints":{"allow":["GET"]}}],"collection":[{"href":"https:\/\/www.eliterent.com\/fr\/wp-json\/wp\/v2\/posts"}],"about":[{"href":"https:\/\/www.eliterent.com\/fr\/wp-json\/wp\/v2\/types\/post"}],"author":[{"embeddable":true,"href":"https:\/\/www.eliterent.com\/fr\/wp-json\/wp\/v2\/users\/6"}],"replies":[{"embeddable":true,"href":"https:\/\/www.eliterent.com\/fr\/wp-json\/wp\/v2\/comments?post=73789"}],"version-history":[{"count":0,"href":"https:\/\/www.eliterent.com\/fr\/wp-json\/wp\/v2\/posts\/73789\/revisions"}],"wp:featuredmedia":[{"embeddable":true,"href":"https:\/\/www.eliterent.com\/fr\/wp-json\/wp\/v2\/media\/27841"}],"wp:attachment":[{"href":"https:\/\/www.eliterent.com\/fr\/wp-json\/wp\/v2\/media?parent=73789"}],"wp:term":[{"taxonomy":"category","embeddable":true,"href":"https:\/\/www.eliterent.com\/fr\/wp-json\/wp\/v2\/categories?post=73789"},{"taxonomy":"post_tag","embeddable":true,"href":"https:\/\/www.eliterent.com\/fr\/wp-json\/wp\/v2\/tags?post=73789"}],"curies":[{"name":"wp","href":"https:\/\/api.w.org\/{rel}","templated":true}]}}