{"id":73728,"date":"2024-05-28T15:18:09","date_gmt":"2024-05-28T13:18:09","guid":{"rendered":"https:\/\/www.eliterent.com\/rent-a-bmw-in-milan\/"},"modified":"2024-05-28T15:49:25","modified_gmt":"2024-05-28T13:49:25","slug":"louer-une-bmw-a-milan","status":"publish","type":"post","link":"https:\/\/www.eliterent.com\/fr\/louer-une-bmw-a-milan\/","title":{"rendered":"Louer une BMW \u00e0 Milan"},"content":{"rendered":"<h5>Louer une BMW \u00e0 Milan avec Elite Rent-a-Car<\/h5>\n<p>Avec Elite Rent, vous pouvez louer une BMW \u00e0 Milan avec Elite Rent. Louez des mod\u00e8les tels que le X5, le X7, la S\u00e9rie 4 et la S\u00e9rie 7. Louez un SUV, une berline, un cabriolet ou une voiture de sport BMW. Service de livraison et de reprise sur mesure disponible \u00e0 Florence, Turin, Venise et Cortina.<\/p>\n<h5>Traversez Milan avec style gr\u00e2ce \u00e0 une BMW<\/h5>\n<p>D\u00e9couvrez l&rsquo;exp\u00e9rience de conduite ultime en louant une BMW \u00e0 Milan avec Elite Rent-a-Car. Imaginez naviguer dans les rues anim\u00e9es de la capitale italienne de la mode, explorer la campagne pittoresque, ou arriver \u00e0 l&#8217;embl\u00e9matique Duomo di Milano dans une BMW \u00e9l\u00e9gante et puissante. Notre service de location de premier ordre propose une flotte exclusive de v\u00e9hicules BMW, vous assurant de voyager dans le style et le confort.<\/p>\n<p>Choisissez parmi une vari\u00e9t\u00e9 de mod\u00e8les, dont la sportive BMW S\u00e9rie 3, la luxueuse BMW S\u00e9rie 5 et la polyvalente BMW X5. Que vous soyez en visite \u00e0 Milan pour affaires, que vous assistiez \u00e0 un \u00e9v\u00e9nement important ou que vous profitiez de vacances, nos locations de BMW offrent la combinaison parfaite d&rsquo;\u00e9l\u00e9gance et de performance pour agr\u00e9menter votre voyage.<\/p>\n<p>R\u00e9server la BMW de vos r\u00eaves est un jeu d&rsquo;enfant gr\u00e2ce \u00e0 notre plateforme en ligne conviviale. S\u00e9lectionnez le mod\u00e8le de votre choix, choisissez vos dates de location et confirmez votre r\u00e9servation en toute simplicit\u00e9. Nous offrons des dur\u00e9es de location flexibles et des tarifs comp\u00e9titifs, vous permettant de profiter du luxe d&rsquo;une BMW sans frais cach\u00e9s.<\/p>\n<p>Chez Elite Rent-a-Car, la satisfaction du client est notre priorit\u00e9. Notre \u00e9quipe d\u00e9vou\u00e9e s&rsquo;engage \u00e0 fournir un service exceptionnel, en veillant \u00e0 ce que votre exp\u00e9rience de location soit fluide et agr\u00e9able du d\u00e9but \u00e0 la fin. Nous nous effor\u00e7ons de d\u00e9passer vos attentes en vous offrant un service personnalis\u00e9 adapt\u00e9 \u00e0 vos besoins.<\/p>\n<p>Avec une couverture d&rsquo;assurance et une assistance 7\/7, vous pouvez conduire en toute confiance en sachant que vous \u00eates prot\u00e9g\u00e9 tout au long de votre voyage.<\/p>\n<p>Notre emplacement pratique \u00e0 Milan facilite la prise en charge et la restitution de votre BMW, ce qui vous permet d&rsquo;optimiser votre temps dans cette ville dynamique. \u00c9levez votre visite \u00e0 Milan avec le luxe et la performance in\u00e9gal\u00e9s d&rsquo;une location de BMW chez Elite Rent-a-Car. R\u00e9servez votre BMW aujourd&rsquo;hui et d\u00e9couvrez le m\u00e9lange ultime de style, de vitesse et de sophistication qui d\u00e9finit la marque BMW.<\/p>\n","protected":false},"excerpt":{"rendered":"<p>Louer une BMW \u00e0 Milan avec Elite Rent-a-Car Avec Elite Rent, vous pouvez louer une BMW \u00e0 Milan avec Elite Rent. Louez des mod\u00e8les tels que le X5, le X7, la S\u00e9rie 4 et la S\u00e9rie 7. Louez un SUV, une berline, un cabriolet ou une voiture de sport BMW. Service de livraison et de [&hellip;]<\/p>\n","protected":false},"author":6,"featured_media":27856,"comment_status":"open","ping_status":"open","sticky":false,"template":"","format":"standard","meta":{"_acf_changed":false,"site-sidebar-layout":"default","site-content-layout":"default","ast-site-content-layout":"","site-content-style":"default","site-sidebar-style":"default","ast-global-header-display":"","ast-banner-title-visibility":"","ast-main-header-display":"","ast-hfb-above-header-display":"","ast-hfb-below-header-display":"","ast-hfb-mobile-header-display":"","site-post-title":"","ast-breadcrumbs-content":"","ast-featured-img":"","footer-sml-layout":"","theme-transparent-header-meta":"default","adv-header-id-meta":"","stick-header-meta":"","header-above-stick-meta":"","header-main-stick-meta":"","header-below-stick-meta":"","astra-migrate-meta-layouts":"default","ast-page-background-enabled":"default","ast-page-background-meta":{"desktop":{"background-color":"","background-image":"","background-repeat":"repeat","background-position":"center center","background-size":"auto","background-attachment":"scroll","background-type":"","background-media":"","overlay-type":"","overlay-color":"","overlay-opacity":"","overlay-gradient":""},"tablet":{"background-color":"","background-image":"","background-repeat":"repeat","background-position":"center center","background-size":"auto","background-attachment":"scroll","background-type":"","background-media":"","overlay-type":"","overlay-color":"","overlay-opacity":"","overlay-gradient":""},"mobile":{"background-color":"","background-image":"","background-repeat":"repeat","background-position":"center center","background-size":"auto","background-attachment":"scroll","background-type":"","background-media":"","overlay-type":"","overlay-color":"","overlay-opacity":"","overlay-gradient":""}},"ast-content-background-meta":{"desktop":{"background-color":"var(--ast-global-color-5)","background-image":"","background-repeat":"repeat","background-position":"center center","background-size":"auto","background-attachment":"scroll","background-type":"","background-media":"","overlay-type":"","overlay-color":"","overlay-opacity":"","overlay-gradient":""},"tablet":{"background-color":"var(--ast-global-color-5)","background-image":"","background-repeat":"repeat","background-position":"center center","background-size":"auto","background-attachment":"scroll","background-type":"","background-media":"","overlay-type":"","overlay-color":"","overlay-opacity":"","overlay-gradient":""},"mobile":{"background-color":"var(--ast-global-color-5)","background-image":"","background-repeat":"repeat","background-position":"center center","background-size":"auto","background-attachment":"scroll","background-type":"","background-media":"","overlay-type":"","overlay-color":"","overlay-opacity":"","overlay-gradient":""}},"footnotes":""},"categories":[820],"tags":[],"class_list":["post-73728","post","type-post","status-publish","format-standard","has-post-thumbnail","hentry","category-non-classifiee"],"acf":[],"yoast_head":"<!-- This site is optimized with the Yoast SEO plugin v27.4 - https:\/\/yoast.com\/product\/yoast-seo-wordpress\/ -->\n<title>Louer une BMW \u00e0 Milan avec Elite Rent<\/title>\n<meta name=\"description\" content=\"Louer une BMW \u00e0 Milan avec Elite Rent - Service de livraison sur mesure disponible \u00e0 Florence, Turin, Venise et Cortina.\" \/>\n<meta name=\"robots\" content=\"index, follow, max-snippet:-1, max-image-preview:large, max-video-preview:-1\" \/>\n<link rel=\"canonical\" href=\"https:\/\/www.eliterent.com\/rent-a-bmw-in-milan\/\" \/>\n<meta property=\"og:locale\" content=\"fr_FR\" \/>\n<meta property=\"og:type\" content=\"article\" \/>\n<meta property=\"og:title\" content=\"Louer une BMW \u00e0 Milan avec Elite Rent\" \/>\n<meta property=\"og:description\" content=\"Louer une BMW \u00e0 Milan avec Elite Rent - Service de livraison sur mesure disponible \u00e0 Florence, Turin, Venise et Cortina.\" \/>\n<meta property=\"og:url\" content=\"https:\/\/www.eliterent.com\/rent-a-bmw-in-milan\/\" \/>\n<meta property=\"og:site_name\" content=\"Elite Rent\" \/>\n<meta property=\"article:published_time\" content=\"2024-05-28T13:18:09+00:00\" \/>\n<meta property=\"article:modified_time\" content=\"2024-05-28T13:49:25+00:00\" \/>\n<meta property=\"og:image\" content=\"https:\/\/www.eliterent.com\/wp-content\/uploads\/2021\/06\/CB-bmw.png\" \/>\n\t<meta property=\"og:image:width\" content=\"512\" \/>\n\t<meta property=\"og:image:height\" content=\"512\" \/>\n\t<meta property=\"og:image:type\" content=\"image\/png\" \/>\n<meta name=\"author\" content=\"Anthony Eschler\" \/>\n<meta name=\"twitter:card\" content=\"summary_large_image\" \/>\n<script type=\"application\/ld+json\" class=\"yoast-schema-graph\">{\"@context\":\"https:\\\/\\\/schema.org\",\"@graph\":[{\"@type\":\"Article\",\"@id\":\"https:\\\/\\\/www.eliterent.com\\\/rent-a-bmw-in-milan\\\/#article\",\"isPartOf\":{\"@id\":\"https:\\\/\\\/www.eliterent.com\\\/rent-a-bmw-in-milan\\\/\"},\"author\":{\"name\":\"Anthony Eschler\",\"@id\":\"https:\\\/\\\/www.eliterent.com\\\/#\\\/schema\\\/person\\\/7afdc7b8834b55a1ed893961ab071a65\"},\"headline\":\"Louer une BMW \u00e0 Milan\",\"datePublished\":\"2024-05-28T13:18:09+00:00\",\"dateModified\":\"2024-05-28T13:49:25+00:00\",\"mainEntityOfPage\":{\"@id\":\"https:\\\/\\\/www.eliterent.com\\\/rent-a-bmw-in-milan\\\/\"},\"wordCount\":439,\"commentCount\":0,\"publisher\":{\"@id\":\"https:\\\/\\\/www.eliterent.com\\\/#organization\"},\"image\":{\"@id\":\"https:\\\/\\\/www.eliterent.com\\\/rent-a-bmw-in-milan\\\/#primaryimage\"},\"thumbnailUrl\":\"https:\\\/\\\/www.eliterent.com\\\/wp-content\\\/uploads\\\/2021\\\/06\\\/CB-bmw.png\",\"articleSection\":[\"Non classifi\u00e9(e)\"],\"inLanguage\":\"fr-FR\",\"potentialAction\":[{\"@type\":\"CommentAction\",\"name\":\"Comment\",\"target\":[\"https:\\\/\\\/www.eliterent.com\\\/rent-a-bmw-in-milan\\\/#respond\"]}]},{\"@type\":\"WebPage\",\"@id\":\"https:\\\/\\\/www.eliterent.com\\\/rent-a-bmw-in-milan\\\/\",\"url\":\"https:\\\/\\\/www.eliterent.com\\\/rent-a-bmw-in-milan\\\/\",\"name\":\"Louer une BMW \u00e0 Milan avec Elite Rent\",\"isPartOf\":{\"@id\":\"https:\\\/\\\/www.eliterent.com\\\/#website\"},\"primaryImageOfPage\":{\"@id\":\"https:\\\/\\\/www.eliterent.com\\\/rent-a-bmw-in-milan\\\/#primaryimage\"},\"image\":{\"@id\":\"https:\\\/\\\/www.eliterent.com\\\/rent-a-bmw-in-milan\\\/#primaryimage\"},\"thumbnailUrl\":\"https:\\\/\\\/www.eliterent.com\\\/wp-content\\\/uploads\\\/2021\\\/06\\\/CB-bmw.png\",\"datePublished\":\"2024-05-28T13:18:09+00:00\",\"dateModified\":\"2024-05-28T13:49:25+00:00\",\"description\":\"Louer une BMW \u00e0 Milan avec Elite Rent - Service de livraison sur mesure disponible \u00e0 Florence, Turin, Venise et Cortina.\",\"breadcrumb\":{\"@id\":\"https:\\\/\\\/www.eliterent.com\\\/rent-a-bmw-in-milan\\\/#breadcrumb\"},\"inLanguage\":\"fr-FR\",\"potentialAction\":[{\"@type\":\"ReadAction\",\"target\":[\"https:\\\/\\\/www.eliterent.com\\\/rent-a-bmw-in-milan\\\/\"]}]},{\"@type\":\"ImageObject\",\"inLanguage\":\"fr-FR\",\"@id\":\"https:\\\/\\\/www.eliterent.com\\\/rent-a-bmw-in-milan\\\/#primaryimage\",\"url\":\"https:\\\/\\\/www.eliterent.com\\\/wp-content\\\/uploads\\\/2021\\\/06\\\/CB-bmw.png\",\"contentUrl\":\"https:\\\/\\\/www.eliterent.com\\\/wp-content\\\/uploads\\\/2021\\\/06\\\/CB-bmw.png\",\"width\":512,\"height\":512},{\"@type\":\"BreadcrumbList\",\"@id\":\"https:\\\/\\\/www.eliterent.com\\\/rent-a-bmw-in-milan\\\/#breadcrumb\",\"itemListElement\":[{\"@type\":\"ListItem\",\"position\":1,\"name\":\"Home\",\"item\":\"https:\\\/\\\/www.eliterent.com\\\/fr\\\/\"},{\"@type\":\"ListItem\",\"position\":2,\"name\":\"Louer une BMW \u00e0 Milan\"}]},{\"@type\":\"WebSite\",\"@id\":\"https:\\\/\\\/www.eliterent.com\\\/#website\",\"url\":\"https:\\\/\\\/www.eliterent.com\\\/\",\"name\":\"Elite Rent\",\"description\":\"Rent a Car\",\"publisher\":{\"@id\":\"https:\\\/\\\/www.eliterent.com\\\/#organization\"},\"potentialAction\":[{\"@type\":\"SearchAction\",\"target\":{\"@type\":\"EntryPoint\",\"urlTemplate\":\"https:\\\/\\\/www.eliterent.com\\\/?s={search_term_string}\"},\"query-input\":{\"@type\":\"PropertyValueSpecification\",\"valueRequired\":true,\"valueName\":\"search_term_string\"}}],\"inLanguage\":\"fr-FR\"},{\"@type\":\"Organization\",\"@id\":\"https:\\\/\\\/www.eliterent.com\\\/#organization\",\"name\":\"Elite Rent\",\"url\":\"https:\\\/\\\/www.eliterent.com\\\/\",\"logo\":{\"@type\":\"ImageObject\",\"inLanguage\":\"fr-FR\",\"@id\":\"https:\\\/\\\/www.eliterent.com\\\/#\\\/schema\\\/logo\\\/image\\\/\",\"url\":\"https:\\\/\\\/www.eliterent.com\\\/wp-content\\\/uploads\\\/2020\\\/03\\\/Elite_Logo_NEW_2023_Final-1.png\",\"contentUrl\":\"https:\\\/\\\/www.eliterent.com\\\/wp-content\\\/uploads\\\/2020\\\/03\\\/Elite_Logo_NEW_2023_Final-1.png\",\"width\":828,\"height\":313,\"caption\":\"Elite Rent\"},\"image\":{\"@id\":\"https:\\\/\\\/www.eliterent.com\\\/#\\\/schema\\\/logo\\\/image\\\/\"}},{\"@type\":\"Person\",\"@id\":\"https:\\\/\\\/www.eliterent.com\\\/#\\\/schema\\\/person\\\/7afdc7b8834b55a1ed893961ab071a65\",\"name\":\"Anthony Eschler\",\"image\":{\"@type\":\"ImageObject\",\"inLanguage\":\"fr-FR\",\"@id\":\"https:\\\/\\\/secure.gravatar.com\\\/avatar\\\/2a38fa365cdc8cfec3d87e394c80abeab0df6f7e4b52eda611492b6df9196c7f?s=96&d=mm&r=g\",\"url\":\"https:\\\/\\\/secure.gravatar.com\\\/avatar\\\/2a38fa365cdc8cfec3d87e394c80abeab0df6f7e4b52eda611492b6df9196c7f?s=96&d=mm&r=g\",\"contentUrl\":\"https:\\\/\\\/secure.gravatar.com\\\/avatar\\\/2a38fa365cdc8cfec3d87e394c80abeab0df6f7e4b52eda611492b6df9196c7f?s=96&d=mm&r=g\",\"caption\":\"Anthony Eschler\"}}]}<\/script>\n<!-- \/ Yoast SEO plugin. -->","yoast_head_json":{"title":"Louer une BMW \u00e0 Milan avec Elite Rent","description":"Louer une BMW \u00e0 Milan avec Elite Rent - Service de livraison sur mesure disponible \u00e0 Florence, Turin, Venise et Cortina.","robots":{"index":"index","follow":"follow","max-snippet":"max-snippet:-1","max-image-preview":"max-image-preview:large","max-video-preview":"max-video-preview:-1"},"canonical":"https:\/\/www.eliterent.com\/rent-a-bmw-in-milan\/","og_locale":"fr_FR","og_type":"article","og_title":"Louer une BMW \u00e0 Milan avec Elite Rent","og_description":"Louer une BMW \u00e0 Milan avec Elite Rent - Service de livraison sur mesure disponible \u00e0 Florence, Turin, Venise et Cortina.","og_url":"https:\/\/www.eliterent.com\/rent-a-bmw-in-milan\/","og_site_name":"Elite Rent","article_published_time":"2024-05-28T13:18:09+00:00","article_modified_time":"2024-05-28T13:49:25+00:00","og_image":[{"width":512,"height":512,"url":"https:\/\/www.eliterent.com\/wp-content\/uploads\/2021\/06\/CB-bmw.png","type":"image\/png"}],"author":"Anthony Eschler","twitter_card":"summary_large_image","schema":{"@context":"https:\/\/schema.org","@graph":[{"@type":"Article","@id":"https:\/\/www.eliterent.com\/rent-a-bmw-in-milan\/#article","isPartOf":{"@id":"https:\/\/www.eliterent.com\/rent-a-bmw-in-milan\/"},"author":{"name":"Anthony Eschler","@id":"https:\/\/www.eliterent.com\/#\/schema\/person\/7afdc7b8834b55a1ed893961ab071a65"},"headline":"Louer une BMW \u00e0 Milan","datePublished":"2024-05-28T13:18:09+00:00","dateModified":"2024-05-28T13:49:25+00:00","mainEntityOfPage":{"@id":"https:\/\/www.eliterent.com\/rent-a-bmw-in-milan\/"},"wordCount":439,"commentCount":0,"publisher":{"@id":"https:\/\/www.eliterent.com\/#organization"},"image":{"@id":"https:\/\/www.eliterent.com\/rent-a-bmw-in-milan\/#primaryimage"},"thumbnailUrl":"https:\/\/www.eliterent.com\/wp-content\/uploads\/2021\/06\/CB-bmw.png","articleSection":["Non classifi\u00e9(e)"],"inLanguage":"fr-FR","potentialAction":[{"@type":"CommentAction","name":"Comment","target":["https:\/\/www.eliterent.com\/rent-a-bmw-in-milan\/#respond"]}]},{"@type":"WebPage","@id":"https:\/\/www.eliterent.com\/rent-a-bmw-in-milan\/","url":"https:\/\/www.eliterent.com\/rent-a-bmw-in-milan\/","name":"Louer une BMW \u00e0 Milan avec Elite Rent","isPartOf":{"@id":"https:\/\/www.eliterent.com\/#website"},"primaryImageOfPage":{"@id":"https:\/\/www.eliterent.com\/rent-a-bmw-in-milan\/#primaryimage"},"image":{"@id":"https:\/\/www.eliterent.com\/rent-a-bmw-in-milan\/#primaryimage"},"thumbnailUrl":"https:\/\/www.eliterent.com\/wp-content\/uploads\/2021\/06\/CB-bmw.png","datePublished":"2024-05-28T13:18:09+00:00","dateModified":"2024-05-28T13:49:25+00:00","description":"Louer une BMW \u00e0 Milan avec Elite Rent - Service de livraison sur mesure disponible \u00e0 Florence, Turin, Venise et Cortina.","breadcrumb":{"@id":"https:\/\/www.eliterent.com\/rent-a-bmw-in-milan\/#breadcrumb"},"inLanguage":"fr-FR","potentialAction":[{"@type":"ReadAction","target":["https:\/\/www.eliterent.com\/rent-a-bmw-in-milan\/"]}]},{"@type":"ImageObject","inLanguage":"fr-FR","@id":"https:\/\/www.eliterent.com\/rent-a-bmw-in-milan\/#primaryimage","url":"https:\/\/www.eliterent.com\/wp-content\/uploads\/2021\/06\/CB-bmw.png","contentUrl":"https:\/\/www.eliterent.com\/wp-content\/uploads\/2021\/06\/CB-bmw.png","width":512,"height":512},{"@type":"BreadcrumbList","@id":"https:\/\/www.eliterent.com\/rent-a-bmw-in-milan\/#breadcrumb","itemListElement":[{"@type":"ListItem","position":1,"name":"Home","item":"https:\/\/www.eliterent.com\/fr\/"},{"@type":"ListItem","position":2,"name":"Louer une BMW \u00e0 Milan"}]},{"@type":"WebSite","@id":"https:\/\/www.eliterent.com\/#website","url":"https:\/\/www.eliterent.com\/","name":"Elite Rent","description":"Rent a Car","publisher":{"@id":"https:\/\/www.eliterent.com\/#organization"},"potentialAction":[{"@type":"SearchAction","target":{"@type":"EntryPoint","urlTemplate":"https:\/\/www.eliterent.com\/?s={search_term_string}"},"query-input":{"@type":"PropertyValueSpecification","valueRequired":true,"valueName":"search_term_string"}}],"inLanguage":"fr-FR"},{"@type":"Organization","@id":"https:\/\/www.eliterent.com\/#organization","name":"Elite Rent","url":"https:\/\/www.eliterent.com\/","logo":{"@type":"ImageObject","inLanguage":"fr-FR","@id":"https:\/\/www.eliterent.com\/#\/schema\/logo\/image\/","url":"https:\/\/www.eliterent.com\/wp-content\/uploads\/2020\/03\/Elite_Logo_NEW_2023_Final-1.png","contentUrl":"https:\/\/www.eliterent.com\/wp-content\/uploads\/2020\/03\/Elite_Logo_NEW_2023_Final-1.png","width":828,"height":313,"caption":"Elite Rent"},"image":{"@id":"https:\/\/www.eliterent.com\/#\/schema\/logo\/image\/"}},{"@type":"Person","@id":"https:\/\/www.eliterent.com\/#\/schema\/person\/7afdc7b8834b55a1ed893961ab071a65","name":"Anthony Eschler","image":{"@type":"ImageObject","inLanguage":"fr-FR","@id":"https:\/\/secure.gravatar.com\/avatar\/2a38fa365cdc8cfec3d87e394c80abeab0df6f7e4b52eda611492b6df9196c7f?s=96&d=mm&r=g","url":"https:\/\/secure.gravatar.com\/avatar\/2a38fa365cdc8cfec3d87e394c80abeab0df6f7e4b52eda611492b6df9196c7f?s=96&d=mm&r=g","contentUrl":"https:\/\/secure.gravatar.com\/avatar\/2a38fa365cdc8cfec3d87e394c80abeab0df6f7e4b52eda611492b6df9196c7f?s=96&d=mm&r=g","caption":"Anthony Eschler"}}]}},"_links":{"self":[{"href":"https:\/\/www.eliterent.com\/fr\/wp-json\/wp\/v2\/posts\/73728","targetHints":{"allow":["GET"]}}],"collection":[{"href":"https:\/\/www.eliterent.com\/fr\/wp-json\/wp\/v2\/posts"}],"about":[{"href":"https:\/\/www.eliterent.com\/fr\/wp-json\/wp\/v2\/types\/post"}],"author":[{"embeddable":true,"href":"https:\/\/www.eliterent.com\/fr\/wp-json\/wp\/v2\/users\/6"}],"replies":[{"embeddable":true,"href":"https:\/\/www.eliterent.com\/fr\/wp-json\/wp\/v2\/comments?post=73728"}],"version-history":[{"count":0,"href":"https:\/\/www.eliterent.com\/fr\/wp-json\/wp\/v2\/posts\/73728\/revisions"}],"wp:featuredmedia":[{"embeddable":true,"href":"https:\/\/www.eliterent.com\/fr\/wp-json\/wp\/v2\/media\/27856"}],"wp:attachment":[{"href":"https:\/\/www.eliterent.com\/fr\/wp-json\/wp\/v2\/media?parent=73728"}],"wp:term":[{"taxonomy":"category","embeddable":true,"href":"https:\/\/www.eliterent.com\/fr\/wp-json\/wp\/v2\/categories?post=73728"},{"taxonomy":"post_tag","embeddable":true,"href":"https:\/\/www.eliterent.com\/fr\/wp-json\/wp\/v2\/tags?post=73728"}],"curies":[{"name":"wp","href":"https:\/\/api.w.org\/{rel}","templated":true}]}}