{"id":73702,"date":"2024-05-28T09:41:44","date_gmt":"2024-05-28T07:41:44","guid":{"rendered":"https:\/\/www.eliterent.com\/rent-a-ferrari-in-monaco\/"},"modified":"2024-05-28T09:56:02","modified_gmt":"2024-05-28T07:56:02","slug":"louer-une-ferrari-a-monaco","status":"publish","type":"post","link":"https:\/\/www.eliterent.com\/fr\/louer-une-ferrari-a-monaco\/","title":{"rendered":"Louer une Ferrari \u00e0 Monaco"},"content":{"rendered":"<h5>Louer une Ferrari \u00e0 Monaco avec Elite Rent-a-Car<\/h5>\n<p>Avec Elite Rent, vous pouvez louer une Ferrari \u00e0 Monaco avec Elite Rent. Louez des mod\u00e8les tels que la Roma, la SF90, la 296 GTS et la F8 Spider. Louez une Ferrari voiture de luxe, voiture de sport, supercar, ou voiture GT. Service de livraison et de reprise sur mesure disponible \u00e0 Eze, Cap d&rsquo;Ail, Cap Martin et Menton.<\/p>\n<h5>Vivez l&rsquo;exp\u00e9rience mon\u00e9gasque avec une Ferrari<\/h5>\n<p>Profitez de votre exp\u00e9rience mon\u00e9gasque avec le luxe et les performances ultimes en louant une Ferrari aupr\u00e8s d&rsquo;Elite Rent-a-Car. Imaginez vous glisser le long de la c\u00f4te pittoresque de la C\u00f4te d&rsquo;Azur ou naviguer sur le c\u00e9l\u00e8bre circuit du Grand Prix de Monaco au volant d&rsquo;une superbe Ferrari. Notre premier service de location de Ferrari offre une flotte exclusive de mod\u00e8les haute performance, m\u00e9ticuleusement entretenus pour garantir une aventure de conduite sans pr\u00e9c\u00e9dent.<\/p>\n<p>De l&#8217;embl\u00e9matique Ferrari 488 GTB \u00e0 l&rsquo;exaltante Ferrari Portofino, nous avons une gamme de mod\u00e8les pour r\u00e9pondre \u00e0 vos d\u00e9sirs. Que vous visitiez Monaco pour un \u00e9v\u00e9nement sp\u00e9cial, un voyage d&rsquo;affaires ou simplement pour profiter d&rsquo;un style de vie somptueux, la location d&rsquo;une Ferrari ajoute une touche inoubliable de glamour et d&rsquo;excitation.<\/p>\n<p>R\u00e9server la Ferrari de vos r\u00eaves est un jeu d&rsquo;enfant gr\u00e2ce \u00e0 notre syst\u00e8me de r\u00e9servation en ligne simplifi\u00e9. Choisissez le mod\u00e8le de votre choix, s\u00e9lectionnez vos dates de location et profitez d&rsquo;un processus de r\u00e9servation sans tracas. Nous proposons des dur\u00e9es de location flexibles et des tarifs comp\u00e9titifs, ce qui vous permet de vivre l&rsquo;exp\u00e9rience d&rsquo;une Ferrari sans frais cach\u00e9s.<\/p>\n<p>Chez [Nom de l&rsquo;entreprise], la satisfaction du client est notre priorit\u00e9 absolue. Notre \u00e9quipe d\u00e9vou\u00e9e s&rsquo;engage \u00e0 fournir un service exceptionnel depuis votre demande initiale jusqu&rsquo;\u00e0 la fin de votre p\u00e9riode de location. Nous veillons \u00e0 ce que chaque aspect de votre exp\u00e9rience de location d\u00e9passe vos attentes, en vous offrant un service personnalis\u00e9 adapt\u00e9 \u00e0 vos besoins.<\/p>\n<p>Profitez d&rsquo;une tranquillit\u00e9 d&rsquo;esprit gr\u00e2ce \u00e0 notre couverture d&rsquo;assurance compl\u00e8te et \u00e0 notre assistance routi\u00e8re 24 heures sur 24, 7 jours sur 7, qui vous garantissent une protection totale tout au long de votre voyage. Id\u00e9alement situ\u00e9 \u00e0 Monaco, notre service de location facilite la prise en charge et la restitution de votre Ferrari, maximisant ainsi votre temps dans cette destination glamour.<\/p>\n<p>Pr\u00eat \u00e0 faire tourner les t\u00eates et \u00e0 cr\u00e9er des souvenirs inoubliables \u00e0 Monaco ? R\u00e9servez votre location de Ferrari avec Elite Rent-a-Car d\u00e8s aujourd&rsquo;hui et d\u00e9couvrez le m\u00e9lange in\u00e9gal\u00e9 de luxe et de performance que seule une Ferrari peut offrir.<\/p>\n","protected":false},"excerpt":{"rendered":"<p>Louer une Ferrari \u00e0 Monaco avec Elite Rent-a-Car Avec Elite Rent, vous pouvez louer une Ferrari \u00e0 Monaco avec Elite Rent. Louez des mod\u00e8les tels que la Roma, la SF90, la 296 GTS et la F8 Spider. Louez une Ferrari voiture de luxe, voiture de sport, supercar, ou voiture GT. Service de livraison et de [&hellip;]<\/p>\n","protected":false},"author":6,"featured_media":27844,"comment_status":"open","ping_status":"open","sticky":false,"template":"","format":"standard","meta":{"_acf_changed":false,"site-sidebar-layout":"default","site-content-layout":"default","ast-site-content-layout":"","site-content-style":"default","site-sidebar-style":"default","ast-global-header-display":"","ast-banner-title-visibility":"","ast-main-header-display":"","ast-hfb-above-header-display":"","ast-hfb-below-header-display":"","ast-hfb-mobile-header-display":"","site-post-title":"","ast-breadcrumbs-content":"","ast-featured-img":"","footer-sml-layout":"","theme-transparent-header-meta":"default","adv-header-id-meta":"","stick-header-meta":"","header-above-stick-meta":"","header-main-stick-meta":"","header-below-stick-meta":"","astra-migrate-meta-layouts":"default","ast-page-background-enabled":"default","ast-page-background-meta":{"desktop":{"background-color":"","background-image":"","background-repeat":"repeat","background-position":"center center","background-size":"auto","background-attachment":"scroll","background-type":"","background-media":"","overlay-type":"","overlay-color":"","overlay-opacity":"","overlay-gradient":""},"tablet":{"background-color":"","background-image":"","background-repeat":"repeat","background-position":"center center","background-size":"auto","background-attachment":"scroll","background-type":"","background-media":"","overlay-type":"","overlay-color":"","overlay-opacity":"","overlay-gradient":""},"mobile":{"background-color":"","background-image":"","background-repeat":"repeat","background-position":"center center","background-size":"auto","background-attachment":"scroll","background-type":"","background-media":"","overlay-type":"","overlay-color":"","overlay-opacity":"","overlay-gradient":""}},"ast-content-background-meta":{"desktop":{"background-color":"var(--ast-global-color-5)","background-image":"","background-repeat":"repeat","background-position":"center center","background-size":"auto","background-attachment":"scroll","background-type":"","background-media":"","overlay-type":"","overlay-color":"","overlay-opacity":"","overlay-gradient":""},"tablet":{"background-color":"var(--ast-global-color-5)","background-image":"","background-repeat":"repeat","background-position":"center center","background-size":"auto","background-attachment":"scroll","background-type":"","background-media":"","overlay-type":"","overlay-color":"","overlay-opacity":"","overlay-gradient":""},"mobile":{"background-color":"var(--ast-global-color-5)","background-image":"","background-repeat":"repeat","background-position":"center center","background-size":"auto","background-attachment":"scroll","background-type":"","background-media":"","overlay-type":"","overlay-color":"","overlay-opacity":"","overlay-gradient":""}},"footnotes":""},"categories":[820],"tags":[],"class_list":["post-73702","post","type-post","status-publish","format-standard","has-post-thumbnail","hentry","category-non-classifiee"],"acf":[],"yoast_head":"<!-- This site is optimized with the Yoast SEO plugin v27.4 - https:\/\/yoast.com\/product\/yoast-seo-wordpress\/ -->\n<title>Louer une Ferrari \u00e0 Monaco avec Elite Rent<\/title>\n<meta name=\"description\" content=\"Louer une Ferrari \u00e0 Monaco avec Elite Rent - Service de livraison sur mesure disponible \u00e0 Eze, Cap d&#039;Ail, Cap Martin et Menton.\" \/>\n<meta name=\"robots\" content=\"index, follow, max-snippet:-1, max-image-preview:large, max-video-preview:-1\" \/>\n<link rel=\"canonical\" href=\"https:\/\/www.eliterent.com\/fr\/louer-une-ferrari-a-monaco\/\" \/>\n<meta property=\"og:locale\" content=\"fr_FR\" \/>\n<meta property=\"og:type\" content=\"article\" \/>\n<meta property=\"og:title\" content=\"Louer une Ferrari \u00e0 Monaco avec Elite Rent\" \/>\n<meta property=\"og:description\" content=\"Louer une Ferrari \u00e0 Monaco avec Elite Rent - Service de livraison sur mesure disponible \u00e0 Eze, Cap d&#039;Ail, Cap Martin et Menton.\" \/>\n<meta property=\"og:url\" content=\"https:\/\/www.eliterent.com\/fr\/louer-une-ferrari-a-monaco\/\" \/>\n<meta property=\"og:site_name\" content=\"Elite Rent\" \/>\n<meta property=\"article:published_time\" content=\"2024-05-28T07:41:44+00:00\" \/>\n<meta property=\"article:modified_time\" content=\"2024-05-28T07:56:02+00:00\" \/>\n<meta property=\"og:image\" content=\"https:\/\/www.eliterent.com\/wp-content\/uploads\/2021\/06\/CB-ferrari.png\" \/>\n\t<meta property=\"og:image:width\" content=\"512\" \/>\n\t<meta property=\"og:image:height\" content=\"512\" \/>\n\t<meta property=\"og:image:type\" content=\"image\/png\" \/>\n<meta name=\"author\" content=\"Anthony Eschler\" \/>\n<meta name=\"twitter:card\" content=\"summary_large_image\" \/>\n<script type=\"application\/ld+json\" class=\"yoast-schema-graph\">{\"@context\":\"https:\\\/\\\/schema.org\",\"@graph\":[{\"@type\":\"Article\",\"@id\":\"https:\\\/\\\/www.eliterent.com\\\/fr\\\/louer-une-ferrari-a-monaco\\\/#article\",\"isPartOf\":{\"@id\":\"https:\\\/\\\/www.eliterent.com\\\/fr\\\/louer-une-ferrari-a-monaco\\\/\"},\"author\":{\"name\":\"Anthony Eschler\",\"@id\":\"https:\\\/\\\/www.eliterent.com\\\/#\\\/schema\\\/person\\\/7afdc7b8834b55a1ed893961ab071a65\"},\"headline\":\"Louer une Ferrari \u00e0 Monaco\",\"datePublished\":\"2024-05-28T07:41:44+00:00\",\"dateModified\":\"2024-05-28T07:56:02+00:00\",\"mainEntityOfPage\":{\"@id\":\"https:\\\/\\\/www.eliterent.com\\\/fr\\\/louer-une-ferrari-a-monaco\\\/\"},\"wordCount\":472,\"commentCount\":0,\"publisher\":{\"@id\":\"https:\\\/\\\/www.eliterent.com\\\/#organization\"},\"image\":{\"@id\":\"https:\\\/\\\/www.eliterent.com\\\/fr\\\/louer-une-ferrari-a-monaco\\\/#primaryimage\"},\"thumbnailUrl\":\"https:\\\/\\\/www.eliterent.com\\\/wp-content\\\/uploads\\\/2021\\\/06\\\/CB-ferrari.png\",\"articleSection\":[\"Non classifi\u00e9(e)\"],\"inLanguage\":\"fr-FR\",\"potentialAction\":[{\"@type\":\"CommentAction\",\"name\":\"Comment\",\"target\":[\"https:\\\/\\\/www.eliterent.com\\\/fr\\\/louer-une-ferrari-a-monaco\\\/#respond\"]}]},{\"@type\":\"WebPage\",\"@id\":\"https:\\\/\\\/www.eliterent.com\\\/fr\\\/louer-une-ferrari-a-monaco\\\/\",\"url\":\"https:\\\/\\\/www.eliterent.com\\\/fr\\\/louer-une-ferrari-a-monaco\\\/\",\"name\":\"Louer une Ferrari \u00e0 Monaco avec Elite Rent\",\"isPartOf\":{\"@id\":\"https:\\\/\\\/www.eliterent.com\\\/#website\"},\"primaryImageOfPage\":{\"@id\":\"https:\\\/\\\/www.eliterent.com\\\/fr\\\/louer-une-ferrari-a-monaco\\\/#primaryimage\"},\"image\":{\"@id\":\"https:\\\/\\\/www.eliterent.com\\\/fr\\\/louer-une-ferrari-a-monaco\\\/#primaryimage\"},\"thumbnailUrl\":\"https:\\\/\\\/www.eliterent.com\\\/wp-content\\\/uploads\\\/2021\\\/06\\\/CB-ferrari.png\",\"datePublished\":\"2024-05-28T07:41:44+00:00\",\"dateModified\":\"2024-05-28T07:56:02+00:00\",\"description\":\"Louer une Ferrari \u00e0 Monaco avec Elite Rent - Service de livraison sur mesure disponible \u00e0 Eze, Cap d'Ail, Cap Martin et Menton.\",\"breadcrumb\":{\"@id\":\"https:\\\/\\\/www.eliterent.com\\\/fr\\\/louer-une-ferrari-a-monaco\\\/#breadcrumb\"},\"inLanguage\":\"fr-FR\",\"potentialAction\":[{\"@type\":\"ReadAction\",\"target\":[\"https:\\\/\\\/www.eliterent.com\\\/fr\\\/louer-une-ferrari-a-monaco\\\/\"]}]},{\"@type\":\"ImageObject\",\"inLanguage\":\"fr-FR\",\"@id\":\"https:\\\/\\\/www.eliterent.com\\\/fr\\\/louer-une-ferrari-a-monaco\\\/#primaryimage\",\"url\":\"https:\\\/\\\/www.eliterent.com\\\/wp-content\\\/uploads\\\/2021\\\/06\\\/CB-ferrari.png\",\"contentUrl\":\"https:\\\/\\\/www.eliterent.com\\\/wp-content\\\/uploads\\\/2021\\\/06\\\/CB-ferrari.png\",\"width\":512,\"height\":512},{\"@type\":\"BreadcrumbList\",\"@id\":\"https:\\\/\\\/www.eliterent.com\\\/fr\\\/louer-une-ferrari-a-monaco\\\/#breadcrumb\",\"itemListElement\":[{\"@type\":\"ListItem\",\"position\":1,\"name\":\"Home\",\"item\":\"https:\\\/\\\/www.eliterent.com\\\/fr\\\/\"},{\"@type\":\"ListItem\",\"position\":2,\"name\":\"Louer une Ferrari \u00e0 Monaco\"}]},{\"@type\":\"WebSite\",\"@id\":\"https:\\\/\\\/www.eliterent.com\\\/#website\",\"url\":\"https:\\\/\\\/www.eliterent.com\\\/\",\"name\":\"Elite Rent\",\"description\":\"Rent a Car\",\"publisher\":{\"@id\":\"https:\\\/\\\/www.eliterent.com\\\/#organization\"},\"potentialAction\":[{\"@type\":\"SearchAction\",\"target\":{\"@type\":\"EntryPoint\",\"urlTemplate\":\"https:\\\/\\\/www.eliterent.com\\\/?s={search_term_string}\"},\"query-input\":{\"@type\":\"PropertyValueSpecification\",\"valueRequired\":true,\"valueName\":\"search_term_string\"}}],\"inLanguage\":\"fr-FR\"},{\"@type\":\"Organization\",\"@id\":\"https:\\\/\\\/www.eliterent.com\\\/#organization\",\"name\":\"Elite Rent\",\"url\":\"https:\\\/\\\/www.eliterent.com\\\/\",\"logo\":{\"@type\":\"ImageObject\",\"inLanguage\":\"fr-FR\",\"@id\":\"https:\\\/\\\/www.eliterent.com\\\/#\\\/schema\\\/logo\\\/image\\\/\",\"url\":\"https:\\\/\\\/www.eliterent.com\\\/wp-content\\\/uploads\\\/2020\\\/03\\\/Elite_Logo_NEW_2023_Final-1.png\",\"contentUrl\":\"https:\\\/\\\/www.eliterent.com\\\/wp-content\\\/uploads\\\/2020\\\/03\\\/Elite_Logo_NEW_2023_Final-1.png\",\"width\":828,\"height\":313,\"caption\":\"Elite Rent\"},\"image\":{\"@id\":\"https:\\\/\\\/www.eliterent.com\\\/#\\\/schema\\\/logo\\\/image\\\/\"}},{\"@type\":\"Person\",\"@id\":\"https:\\\/\\\/www.eliterent.com\\\/#\\\/schema\\\/person\\\/7afdc7b8834b55a1ed893961ab071a65\",\"name\":\"Anthony Eschler\",\"image\":{\"@type\":\"ImageObject\",\"inLanguage\":\"fr-FR\",\"@id\":\"https:\\\/\\\/secure.gravatar.com\\\/avatar\\\/2a38fa365cdc8cfec3d87e394c80abeab0df6f7e4b52eda611492b6df9196c7f?s=96&d=mm&r=g\",\"url\":\"https:\\\/\\\/secure.gravatar.com\\\/avatar\\\/2a38fa365cdc8cfec3d87e394c80abeab0df6f7e4b52eda611492b6df9196c7f?s=96&d=mm&r=g\",\"contentUrl\":\"https:\\\/\\\/secure.gravatar.com\\\/avatar\\\/2a38fa365cdc8cfec3d87e394c80abeab0df6f7e4b52eda611492b6df9196c7f?s=96&d=mm&r=g\",\"caption\":\"Anthony Eschler\"}}]}<\/script>\n<!-- \/ Yoast SEO plugin. -->","yoast_head_json":{"title":"Louer une Ferrari \u00e0 Monaco avec Elite Rent","description":"Louer une Ferrari \u00e0 Monaco avec Elite Rent - Service de livraison sur mesure disponible \u00e0 Eze, Cap d'Ail, Cap Martin et Menton.","robots":{"index":"index","follow":"follow","max-snippet":"max-snippet:-1","max-image-preview":"max-image-preview:large","max-video-preview":"max-video-preview:-1"},"canonical":"https:\/\/www.eliterent.com\/fr\/louer-une-ferrari-a-monaco\/","og_locale":"fr_FR","og_type":"article","og_title":"Louer une Ferrari \u00e0 Monaco avec Elite Rent","og_description":"Louer une Ferrari \u00e0 Monaco avec Elite Rent - Service de livraison sur mesure disponible \u00e0 Eze, Cap d'Ail, Cap Martin et Menton.","og_url":"https:\/\/www.eliterent.com\/fr\/louer-une-ferrari-a-monaco\/","og_site_name":"Elite Rent","article_published_time":"2024-05-28T07:41:44+00:00","article_modified_time":"2024-05-28T07:56:02+00:00","og_image":[{"width":512,"height":512,"url":"https:\/\/www.eliterent.com\/wp-content\/uploads\/2021\/06\/CB-ferrari.png","type":"image\/png"}],"author":"Anthony Eschler","twitter_card":"summary_large_image","schema":{"@context":"https:\/\/schema.org","@graph":[{"@type":"Article","@id":"https:\/\/www.eliterent.com\/fr\/louer-une-ferrari-a-monaco\/#article","isPartOf":{"@id":"https:\/\/www.eliterent.com\/fr\/louer-une-ferrari-a-monaco\/"},"author":{"name":"Anthony Eschler","@id":"https:\/\/www.eliterent.com\/#\/schema\/person\/7afdc7b8834b55a1ed893961ab071a65"},"headline":"Louer une Ferrari \u00e0 Monaco","datePublished":"2024-05-28T07:41:44+00:00","dateModified":"2024-05-28T07:56:02+00:00","mainEntityOfPage":{"@id":"https:\/\/www.eliterent.com\/fr\/louer-une-ferrari-a-monaco\/"},"wordCount":472,"commentCount":0,"publisher":{"@id":"https:\/\/www.eliterent.com\/#organization"},"image":{"@id":"https:\/\/www.eliterent.com\/fr\/louer-une-ferrari-a-monaco\/#primaryimage"},"thumbnailUrl":"https:\/\/www.eliterent.com\/wp-content\/uploads\/2021\/06\/CB-ferrari.png","articleSection":["Non classifi\u00e9(e)"],"inLanguage":"fr-FR","potentialAction":[{"@type":"CommentAction","name":"Comment","target":["https:\/\/www.eliterent.com\/fr\/louer-une-ferrari-a-monaco\/#respond"]}]},{"@type":"WebPage","@id":"https:\/\/www.eliterent.com\/fr\/louer-une-ferrari-a-monaco\/","url":"https:\/\/www.eliterent.com\/fr\/louer-une-ferrari-a-monaco\/","name":"Louer une Ferrari \u00e0 Monaco avec Elite Rent","isPartOf":{"@id":"https:\/\/www.eliterent.com\/#website"},"primaryImageOfPage":{"@id":"https:\/\/www.eliterent.com\/fr\/louer-une-ferrari-a-monaco\/#primaryimage"},"image":{"@id":"https:\/\/www.eliterent.com\/fr\/louer-une-ferrari-a-monaco\/#primaryimage"},"thumbnailUrl":"https:\/\/www.eliterent.com\/wp-content\/uploads\/2021\/06\/CB-ferrari.png","datePublished":"2024-05-28T07:41:44+00:00","dateModified":"2024-05-28T07:56:02+00:00","description":"Louer une Ferrari \u00e0 Monaco avec Elite Rent - Service de livraison sur mesure disponible \u00e0 Eze, Cap d'Ail, Cap Martin et Menton.","breadcrumb":{"@id":"https:\/\/www.eliterent.com\/fr\/louer-une-ferrari-a-monaco\/#breadcrumb"},"inLanguage":"fr-FR","potentialAction":[{"@type":"ReadAction","target":["https:\/\/www.eliterent.com\/fr\/louer-une-ferrari-a-monaco\/"]}]},{"@type":"ImageObject","inLanguage":"fr-FR","@id":"https:\/\/www.eliterent.com\/fr\/louer-une-ferrari-a-monaco\/#primaryimage","url":"https:\/\/www.eliterent.com\/wp-content\/uploads\/2021\/06\/CB-ferrari.png","contentUrl":"https:\/\/www.eliterent.com\/wp-content\/uploads\/2021\/06\/CB-ferrari.png","width":512,"height":512},{"@type":"BreadcrumbList","@id":"https:\/\/www.eliterent.com\/fr\/louer-une-ferrari-a-monaco\/#breadcrumb","itemListElement":[{"@type":"ListItem","position":1,"name":"Home","item":"https:\/\/www.eliterent.com\/fr\/"},{"@type":"ListItem","position":2,"name":"Louer une Ferrari \u00e0 Monaco"}]},{"@type":"WebSite","@id":"https:\/\/www.eliterent.com\/#website","url":"https:\/\/www.eliterent.com\/","name":"Elite Rent","description":"Rent a Car","publisher":{"@id":"https:\/\/www.eliterent.com\/#organization"},"potentialAction":[{"@type":"SearchAction","target":{"@type":"EntryPoint","urlTemplate":"https:\/\/www.eliterent.com\/?s={search_term_string}"},"query-input":{"@type":"PropertyValueSpecification","valueRequired":true,"valueName":"search_term_string"}}],"inLanguage":"fr-FR"},{"@type":"Organization","@id":"https:\/\/www.eliterent.com\/#organization","name":"Elite Rent","url":"https:\/\/www.eliterent.com\/","logo":{"@type":"ImageObject","inLanguage":"fr-FR","@id":"https:\/\/www.eliterent.com\/#\/schema\/logo\/image\/","url":"https:\/\/www.eliterent.com\/wp-content\/uploads\/2020\/03\/Elite_Logo_NEW_2023_Final-1.png","contentUrl":"https:\/\/www.eliterent.com\/wp-content\/uploads\/2020\/03\/Elite_Logo_NEW_2023_Final-1.png","width":828,"height":313,"caption":"Elite Rent"},"image":{"@id":"https:\/\/www.eliterent.com\/#\/schema\/logo\/image\/"}},{"@type":"Person","@id":"https:\/\/www.eliterent.com\/#\/schema\/person\/7afdc7b8834b55a1ed893961ab071a65","name":"Anthony Eschler","image":{"@type":"ImageObject","inLanguage":"fr-FR","@id":"https:\/\/secure.gravatar.com\/avatar\/2a38fa365cdc8cfec3d87e394c80abeab0df6f7e4b52eda611492b6df9196c7f?s=96&d=mm&r=g","url":"https:\/\/secure.gravatar.com\/avatar\/2a38fa365cdc8cfec3d87e394c80abeab0df6f7e4b52eda611492b6df9196c7f?s=96&d=mm&r=g","contentUrl":"https:\/\/secure.gravatar.com\/avatar\/2a38fa365cdc8cfec3d87e394c80abeab0df6f7e4b52eda611492b6df9196c7f?s=96&d=mm&r=g","caption":"Anthony Eschler"}}]}},"_links":{"self":[{"href":"https:\/\/www.eliterent.com\/fr\/wp-json\/wp\/v2\/posts\/73702","targetHints":{"allow":["GET"]}}],"collection":[{"href":"https:\/\/www.eliterent.com\/fr\/wp-json\/wp\/v2\/posts"}],"about":[{"href":"https:\/\/www.eliterent.com\/fr\/wp-json\/wp\/v2\/types\/post"}],"author":[{"embeddable":true,"href":"https:\/\/www.eliterent.com\/fr\/wp-json\/wp\/v2\/users\/6"}],"replies":[{"embeddable":true,"href":"https:\/\/www.eliterent.com\/fr\/wp-json\/wp\/v2\/comments?post=73702"}],"version-history":[{"count":0,"href":"https:\/\/www.eliterent.com\/fr\/wp-json\/wp\/v2\/posts\/73702\/revisions"}],"wp:featuredmedia":[{"embeddable":true,"href":"https:\/\/www.eliterent.com\/fr\/wp-json\/wp\/v2\/media\/27844"}],"wp:attachment":[{"href":"https:\/\/www.eliterent.com\/fr\/wp-json\/wp\/v2\/media?parent=73702"}],"wp:term":[{"taxonomy":"category","embeddable":true,"href":"https:\/\/www.eliterent.com\/fr\/wp-json\/wp\/v2\/categories?post=73702"},{"taxonomy":"post_tag","embeddable":true,"href":"https:\/\/www.eliterent.com\/fr\/wp-json\/wp\/v2\/tags?post=73702"}],"curies":[{"name":"wp","href":"https:\/\/api.w.org\/{rel}","templated":true}]}}