{"id":73689,"date":"2024-05-27T11:51:38","date_gmt":"2024-05-27T09:51:38","guid":{"rendered":"https:\/\/www.eliterent.com\/rent-a-porsche-in-cannes\/"},"modified":"2024-05-27T16:28:16","modified_gmt":"2024-05-27T14:28:16","slug":"rent-a-porsche-in-cannes","status":"publish","type":"post","link":"https:\/\/www.eliterent.com\/fr\/rent-a-porsche-in-cannes\/","title":{"rendered":"Louer une Porsche \u00e0 Cannes"},"content":{"rendered":"<h5>Louer une Porsche \u00e0 Cannes avec Elite Rent-a-Car<\/h5>\n<p>Avec Elite Rent, vous pouvez louer une Porsche \u00e0 Cannes avec Elite Rent. Louez des mod\u00e8les tels que le Cayenne, le Macan, la 911 (992) Carrera, et le 718 Boxster. Louez une Porsche SUV, une berline, une voiture de sport ou une d\u00e9capotable. Service de livraison et de reprise sur mesure disponible \u00e0 Antibes, St-Tropez, Mougins et Sainte Maxime.<\/p>\n<h5>D\u00e9couvrez l&rsquo;excellence de Porsche \u00e0 Cannes<\/h5>\n<p>Louer une Porsche \u00e0 Cannes, c&rsquo;est s&rsquo;offrir une exp\u00e9rience de conduite in\u00e9gal\u00e9e, alliant luxe et performances aux paysages \u00e9poustouflants de la C\u00f4te d&rsquo;Azur. Que vous veniez pour le Festival de Cannes ou pour des vacances relaxantes \u00e0 la plage, la conduite d&rsquo;une Porsche rendra votre s\u00e9jour m\u00e9morable et styl\u00e9.<\/p>\n<p>Cannes, r\u00e9put\u00e9e pour son glamour et sa sophistication, est la toile de fond id\u00e9ale pour rouler au volant d&rsquo;une Porsche hautes performances. Les routes c\u00f4ti\u00e8res sinueuses de la ville, bord\u00e9es de palmiers et offrant une vue imprenable sur la M\u00e9diterran\u00e9e, constituent un cadre id\u00e9al pour appr\u00e9cier la puissance et la pr\u00e9cision de ces v\u00e9hicules remarquables. De l&rsquo;\u00e9l\u00e9gante Porsche 911 au polyvalent Cayenne, il existe un mod\u00e8le adapt\u00e9 \u00e0 toutes les pr\u00e9f\u00e9rences et \u00e0 toutes les occasions.<\/p>\n<p>Lorsque vous louez une Porsche \u00e0 Cannes, vous avez acc\u00e8s \u00e0 une technologie automobile de pointe et \u00e0 un design exquis. Ces v\u00e9hicules sont \u00e9quip\u00e9s de fonctions avanc\u00e9es qui garantissent une conduite souple et exaltante. Avec une tenue de route r\u00e9active et une acc\u00e9l\u00e9ration impressionnante, une Porsche transforme m\u00eame un simple trajet en une exp\u00e9rience extraordinaire.<\/p>\n<p>Les services de location de voitures de luxe \u00e0 Cannes proposent des formules flexibles adapt\u00e9es \u00e0 vos besoins. Que vous ayez besoin d&rsquo;une Porsche pour une journ\u00e9e, un week-end ou un s\u00e9jour prolong\u00e9, il existe des options adapt\u00e9es \u00e0 votre emploi du temps et \u00e0 votre budget. De nombreuses soci\u00e9t\u00e9s de location proposent \u00e9galement des services de livraison et de prise en charge pratiques, vous permettant de commencer votre voyage sans encombre depuis votre h\u00f4tel ou l&rsquo;a\u00e9roport.<\/p>\n<p>Offrez-vous l&rsquo;exp\u00e9rience de conduite ultime en louant une Porsche \u00e0 Cannes. Explorez les paysages pittoresques, visitez les sites c\u00e9l\u00e8bres et plongez dans la culture vibrante de la C\u00f4te d&rsquo;Azur, le tout dans le confort et l&rsquo;\u00e9l\u00e9gance d&rsquo;une voiture de sport de classe mondiale. Rendez votre voyage \u00e0 Cannes inoubliable en profitant des sensations et du prestige de la conduite d&rsquo;une Porsche.<\/p>\n","protected":false},"excerpt":{"rendered":"<p>Louer une Porsche \u00e0 Cannes avec Elite Rent-a-Car Avec Elite Rent, vous pouvez louer une Porsche \u00e0 Cannes avec Elite Rent. Louez des mod\u00e8les tels que le Cayenne, le Macan, la 911 (992) Carrera, et le 718 Boxster. Louez une Porsche SUV, une berline, une voiture de sport ou une d\u00e9capotable. Service de livraison et [&hellip;]<\/p>\n","protected":false},"author":6,"featured_media":27841,"comment_status":"open","ping_status":"open","sticky":false,"template":"","format":"standard","meta":{"_acf_changed":false,"site-sidebar-layout":"default","site-content-layout":"default","ast-site-content-layout":"","site-content-style":"default","site-sidebar-style":"default","ast-global-header-display":"","ast-banner-title-visibility":"","ast-main-header-display":"","ast-hfb-above-header-display":"","ast-hfb-below-header-display":"","ast-hfb-mobile-header-display":"","site-post-title":"","ast-breadcrumbs-content":"","ast-featured-img":"","footer-sml-layout":"","theme-transparent-header-meta":"default","adv-header-id-meta":"","stick-header-meta":"","header-above-stick-meta":"","header-main-stick-meta":"","header-below-stick-meta":"","astra-migrate-meta-layouts":"default","ast-page-background-enabled":"default","ast-page-background-meta":{"desktop":{"background-color":"","background-image":"","background-repeat":"repeat","background-position":"center center","background-size":"auto","background-attachment":"scroll","background-type":"","background-media":"","overlay-type":"","overlay-color":"","overlay-opacity":"","overlay-gradient":""},"tablet":{"background-color":"","background-image":"","background-repeat":"repeat","background-position":"center center","background-size":"auto","background-attachment":"scroll","background-type":"","background-media":"","overlay-type":"","overlay-color":"","overlay-opacity":"","overlay-gradient":""},"mobile":{"background-color":"","background-image":"","background-repeat":"repeat","background-position":"center center","background-size":"auto","background-attachment":"scroll","background-type":"","background-media":"","overlay-type":"","overlay-color":"","overlay-opacity":"","overlay-gradient":""}},"ast-content-background-meta":{"desktop":{"background-color":"var(--ast-global-color-5)","background-image":"","background-repeat":"repeat","background-position":"center center","background-size":"auto","background-attachment":"scroll","background-type":"","background-media":"","overlay-type":"","overlay-color":"","overlay-opacity":"","overlay-gradient":""},"tablet":{"background-color":"var(--ast-global-color-5)","background-image":"","background-repeat":"repeat","background-position":"center center","background-size":"auto","background-attachment":"scroll","background-type":"","background-media":"","overlay-type":"","overlay-color":"","overlay-opacity":"","overlay-gradient":""},"mobile":{"background-color":"var(--ast-global-color-5)","background-image":"","background-repeat":"repeat","background-position":"center center","background-size":"auto","background-attachment":"scroll","background-type":"","background-media":"","overlay-type":"","overlay-color":"","overlay-opacity":"","overlay-gradient":""}},"footnotes":""},"categories":[820],"tags":[],"class_list":["post-73689","post","type-post","status-publish","format-standard","has-post-thumbnail","hentry","category-non-classifiee"],"acf":[],"yoast_head":"<!-- This site is optimized with the Yoast SEO plugin v27.4 - https:\/\/yoast.com\/product\/yoast-seo-wordpress\/ -->\n<title>Louer une Porsche \u00e0 Cannes avec Elite Rent<\/title>\n<meta name=\"description\" content=\"Louer une Porsche \u00e0 Cannes avec Elite Rent - Service de livraison sur mesure disponible \u00e0 Antibes, St-Tropez, Mougins et Sainte Maxime.\" \/>\n<meta name=\"robots\" content=\"index, follow, max-snippet:-1, max-image-preview:large, max-video-preview:-1\" \/>\n<link rel=\"canonical\" href=\"https:\/\/www.eliterent.com\/fr\/rent-a-porsche-in-cannes\/\" \/>\n<meta property=\"og:locale\" content=\"fr_FR\" \/>\n<meta property=\"og:type\" content=\"article\" \/>\n<meta property=\"og:title\" content=\"Louer une Porsche \u00e0 Cannes avec Elite Rent\" \/>\n<meta property=\"og:description\" content=\"Louer une Porsche \u00e0 Cannes avec Elite Rent - Service de livraison sur mesure disponible \u00e0 Antibes, St-Tropez, Mougins et Sainte Maxime.\" \/>\n<meta property=\"og:url\" content=\"https:\/\/www.eliterent.com\/fr\/rent-a-porsche-in-cannes\/\" \/>\n<meta property=\"og:site_name\" content=\"Elite Rent\" \/>\n<meta property=\"article:published_time\" content=\"2024-05-27T09:51:38+00:00\" \/>\n<meta property=\"article:modified_time\" content=\"2024-05-27T14:28:16+00:00\" \/>\n<meta property=\"og:image\" content=\"https:\/\/www.eliterent.com\/wp-content\/uploads\/2021\/06\/CB-porsche.png\" \/>\n\t<meta property=\"og:image:width\" content=\"512\" \/>\n\t<meta property=\"og:image:height\" content=\"512\" \/>\n\t<meta property=\"og:image:type\" content=\"image\/png\" \/>\n<meta name=\"author\" content=\"Anthony Eschler\" \/>\n<meta name=\"twitter:card\" content=\"summary_large_image\" \/>\n<script type=\"application\/ld+json\" class=\"yoast-schema-graph\">{\"@context\":\"https:\\\/\\\/schema.org\",\"@graph\":[{\"@type\":\"Article\",\"@id\":\"https:\\\/\\\/www.eliterent.com\\\/fr\\\/rent-a-porsche-in-cannes\\\/#article\",\"isPartOf\":{\"@id\":\"https:\\\/\\\/www.eliterent.com\\\/fr\\\/rent-a-porsche-in-cannes\\\/\"},\"author\":{\"name\":\"Anthony Eschler\",\"@id\":\"https:\\\/\\\/www.eliterent.com\\\/#\\\/schema\\\/person\\\/7afdc7b8834b55a1ed893961ab071a65\"},\"headline\":\"Louer une Porsche \u00e0 Cannes\",\"datePublished\":\"2024-05-27T09:51:38+00:00\",\"dateModified\":\"2024-05-27T14:28:16+00:00\",\"mainEntityOfPage\":{\"@id\":\"https:\\\/\\\/www.eliterent.com\\\/fr\\\/rent-a-porsche-in-cannes\\\/\"},\"wordCount\":436,\"commentCount\":0,\"publisher\":{\"@id\":\"https:\\\/\\\/www.eliterent.com\\\/#organization\"},\"image\":{\"@id\":\"https:\\\/\\\/www.eliterent.com\\\/fr\\\/rent-a-porsche-in-cannes\\\/#primaryimage\"},\"thumbnailUrl\":\"https:\\\/\\\/www.eliterent.com\\\/wp-content\\\/uploads\\\/2021\\\/06\\\/CB-porsche.png\",\"articleSection\":[\"Non classifi\u00e9(e)\"],\"inLanguage\":\"fr-FR\",\"potentialAction\":[{\"@type\":\"CommentAction\",\"name\":\"Comment\",\"target\":[\"https:\\\/\\\/www.eliterent.com\\\/fr\\\/rent-a-porsche-in-cannes\\\/#respond\"]}]},{\"@type\":\"WebPage\",\"@id\":\"https:\\\/\\\/www.eliterent.com\\\/fr\\\/rent-a-porsche-in-cannes\\\/\",\"url\":\"https:\\\/\\\/www.eliterent.com\\\/fr\\\/rent-a-porsche-in-cannes\\\/\",\"name\":\"Louer une Porsche \u00e0 Cannes avec Elite Rent\",\"isPartOf\":{\"@id\":\"https:\\\/\\\/www.eliterent.com\\\/#website\"},\"primaryImageOfPage\":{\"@id\":\"https:\\\/\\\/www.eliterent.com\\\/fr\\\/rent-a-porsche-in-cannes\\\/#primaryimage\"},\"image\":{\"@id\":\"https:\\\/\\\/www.eliterent.com\\\/fr\\\/rent-a-porsche-in-cannes\\\/#primaryimage\"},\"thumbnailUrl\":\"https:\\\/\\\/www.eliterent.com\\\/wp-content\\\/uploads\\\/2021\\\/06\\\/CB-porsche.png\",\"datePublished\":\"2024-05-27T09:51:38+00:00\",\"dateModified\":\"2024-05-27T14:28:16+00:00\",\"description\":\"Louer une Porsche \u00e0 Cannes avec Elite Rent - Service de livraison sur mesure disponible \u00e0 Antibes, St-Tropez, Mougins et Sainte Maxime.\",\"breadcrumb\":{\"@id\":\"https:\\\/\\\/www.eliterent.com\\\/fr\\\/rent-a-porsche-in-cannes\\\/#breadcrumb\"},\"inLanguage\":\"fr-FR\",\"potentialAction\":[{\"@type\":\"ReadAction\",\"target\":[\"https:\\\/\\\/www.eliterent.com\\\/fr\\\/rent-a-porsche-in-cannes\\\/\"]}]},{\"@type\":\"ImageObject\",\"inLanguage\":\"fr-FR\",\"@id\":\"https:\\\/\\\/www.eliterent.com\\\/fr\\\/rent-a-porsche-in-cannes\\\/#primaryimage\",\"url\":\"https:\\\/\\\/www.eliterent.com\\\/wp-content\\\/uploads\\\/2021\\\/06\\\/CB-porsche.png\",\"contentUrl\":\"https:\\\/\\\/www.eliterent.com\\\/wp-content\\\/uploads\\\/2021\\\/06\\\/CB-porsche.png\",\"width\":512,\"height\":512},{\"@type\":\"BreadcrumbList\",\"@id\":\"https:\\\/\\\/www.eliterent.com\\\/fr\\\/rent-a-porsche-in-cannes\\\/#breadcrumb\",\"itemListElement\":[{\"@type\":\"ListItem\",\"position\":1,\"name\":\"Home\",\"item\":\"https:\\\/\\\/www.eliterent.com\\\/fr\\\/\"},{\"@type\":\"ListItem\",\"position\":2,\"name\":\"Louer une Porsche \u00e0 Cannes\"}]},{\"@type\":\"WebSite\",\"@id\":\"https:\\\/\\\/www.eliterent.com\\\/#website\",\"url\":\"https:\\\/\\\/www.eliterent.com\\\/\",\"name\":\"Elite Rent\",\"description\":\"Rent a Car\",\"publisher\":{\"@id\":\"https:\\\/\\\/www.eliterent.com\\\/#organization\"},\"potentialAction\":[{\"@type\":\"SearchAction\",\"target\":{\"@type\":\"EntryPoint\",\"urlTemplate\":\"https:\\\/\\\/www.eliterent.com\\\/?s={search_term_string}\"},\"query-input\":{\"@type\":\"PropertyValueSpecification\",\"valueRequired\":true,\"valueName\":\"search_term_string\"}}],\"inLanguage\":\"fr-FR\"},{\"@type\":\"Organization\",\"@id\":\"https:\\\/\\\/www.eliterent.com\\\/#organization\",\"name\":\"Elite Rent\",\"url\":\"https:\\\/\\\/www.eliterent.com\\\/\",\"logo\":{\"@type\":\"ImageObject\",\"inLanguage\":\"fr-FR\",\"@id\":\"https:\\\/\\\/www.eliterent.com\\\/#\\\/schema\\\/logo\\\/image\\\/\",\"url\":\"https:\\\/\\\/www.eliterent.com\\\/wp-content\\\/uploads\\\/2020\\\/03\\\/Elite_Logo_NEW_2023_Final-1.png\",\"contentUrl\":\"https:\\\/\\\/www.eliterent.com\\\/wp-content\\\/uploads\\\/2020\\\/03\\\/Elite_Logo_NEW_2023_Final-1.png\",\"width\":828,\"height\":313,\"caption\":\"Elite Rent\"},\"image\":{\"@id\":\"https:\\\/\\\/www.eliterent.com\\\/#\\\/schema\\\/logo\\\/image\\\/\"}},{\"@type\":\"Person\",\"@id\":\"https:\\\/\\\/www.eliterent.com\\\/#\\\/schema\\\/person\\\/7afdc7b8834b55a1ed893961ab071a65\",\"name\":\"Anthony Eschler\",\"image\":{\"@type\":\"ImageObject\",\"inLanguage\":\"fr-FR\",\"@id\":\"https:\\\/\\\/secure.gravatar.com\\\/avatar\\\/2a38fa365cdc8cfec3d87e394c80abeab0df6f7e4b52eda611492b6df9196c7f?s=96&d=mm&r=g\",\"url\":\"https:\\\/\\\/secure.gravatar.com\\\/avatar\\\/2a38fa365cdc8cfec3d87e394c80abeab0df6f7e4b52eda611492b6df9196c7f?s=96&d=mm&r=g\",\"contentUrl\":\"https:\\\/\\\/secure.gravatar.com\\\/avatar\\\/2a38fa365cdc8cfec3d87e394c80abeab0df6f7e4b52eda611492b6df9196c7f?s=96&d=mm&r=g\",\"caption\":\"Anthony Eschler\"}}]}<\/script>\n<!-- \/ Yoast SEO plugin. -->","yoast_head_json":{"title":"Louer une Porsche \u00e0 Cannes avec Elite Rent","description":"Louer une Porsche \u00e0 Cannes avec Elite Rent - Service de livraison sur mesure disponible \u00e0 Antibes, St-Tropez, Mougins et Sainte Maxime.","robots":{"index":"index","follow":"follow","max-snippet":"max-snippet:-1","max-image-preview":"max-image-preview:large","max-video-preview":"max-video-preview:-1"},"canonical":"https:\/\/www.eliterent.com\/fr\/rent-a-porsche-in-cannes\/","og_locale":"fr_FR","og_type":"article","og_title":"Louer une Porsche \u00e0 Cannes avec Elite Rent","og_description":"Louer une Porsche \u00e0 Cannes avec Elite Rent - Service de livraison sur mesure disponible \u00e0 Antibes, St-Tropez, Mougins et Sainte Maxime.","og_url":"https:\/\/www.eliterent.com\/fr\/rent-a-porsche-in-cannes\/","og_site_name":"Elite Rent","article_published_time":"2024-05-27T09:51:38+00:00","article_modified_time":"2024-05-27T14:28:16+00:00","og_image":[{"width":512,"height":512,"url":"https:\/\/www.eliterent.com\/wp-content\/uploads\/2021\/06\/CB-porsche.png","type":"image\/png"}],"author":"Anthony Eschler","twitter_card":"summary_large_image","schema":{"@context":"https:\/\/schema.org","@graph":[{"@type":"Article","@id":"https:\/\/www.eliterent.com\/fr\/rent-a-porsche-in-cannes\/#article","isPartOf":{"@id":"https:\/\/www.eliterent.com\/fr\/rent-a-porsche-in-cannes\/"},"author":{"name":"Anthony Eschler","@id":"https:\/\/www.eliterent.com\/#\/schema\/person\/7afdc7b8834b55a1ed893961ab071a65"},"headline":"Louer une Porsche \u00e0 Cannes","datePublished":"2024-05-27T09:51:38+00:00","dateModified":"2024-05-27T14:28:16+00:00","mainEntityOfPage":{"@id":"https:\/\/www.eliterent.com\/fr\/rent-a-porsche-in-cannes\/"},"wordCount":436,"commentCount":0,"publisher":{"@id":"https:\/\/www.eliterent.com\/#organization"},"image":{"@id":"https:\/\/www.eliterent.com\/fr\/rent-a-porsche-in-cannes\/#primaryimage"},"thumbnailUrl":"https:\/\/www.eliterent.com\/wp-content\/uploads\/2021\/06\/CB-porsche.png","articleSection":["Non classifi\u00e9(e)"],"inLanguage":"fr-FR","potentialAction":[{"@type":"CommentAction","name":"Comment","target":["https:\/\/www.eliterent.com\/fr\/rent-a-porsche-in-cannes\/#respond"]}]},{"@type":"WebPage","@id":"https:\/\/www.eliterent.com\/fr\/rent-a-porsche-in-cannes\/","url":"https:\/\/www.eliterent.com\/fr\/rent-a-porsche-in-cannes\/","name":"Louer une Porsche \u00e0 Cannes avec Elite Rent","isPartOf":{"@id":"https:\/\/www.eliterent.com\/#website"},"primaryImageOfPage":{"@id":"https:\/\/www.eliterent.com\/fr\/rent-a-porsche-in-cannes\/#primaryimage"},"image":{"@id":"https:\/\/www.eliterent.com\/fr\/rent-a-porsche-in-cannes\/#primaryimage"},"thumbnailUrl":"https:\/\/www.eliterent.com\/wp-content\/uploads\/2021\/06\/CB-porsche.png","datePublished":"2024-05-27T09:51:38+00:00","dateModified":"2024-05-27T14:28:16+00:00","description":"Louer une Porsche \u00e0 Cannes avec Elite Rent - Service de livraison sur mesure disponible \u00e0 Antibes, St-Tropez, Mougins et Sainte Maxime.","breadcrumb":{"@id":"https:\/\/www.eliterent.com\/fr\/rent-a-porsche-in-cannes\/#breadcrumb"},"inLanguage":"fr-FR","potentialAction":[{"@type":"ReadAction","target":["https:\/\/www.eliterent.com\/fr\/rent-a-porsche-in-cannes\/"]}]},{"@type":"ImageObject","inLanguage":"fr-FR","@id":"https:\/\/www.eliterent.com\/fr\/rent-a-porsche-in-cannes\/#primaryimage","url":"https:\/\/www.eliterent.com\/wp-content\/uploads\/2021\/06\/CB-porsche.png","contentUrl":"https:\/\/www.eliterent.com\/wp-content\/uploads\/2021\/06\/CB-porsche.png","width":512,"height":512},{"@type":"BreadcrumbList","@id":"https:\/\/www.eliterent.com\/fr\/rent-a-porsche-in-cannes\/#breadcrumb","itemListElement":[{"@type":"ListItem","position":1,"name":"Home","item":"https:\/\/www.eliterent.com\/fr\/"},{"@type":"ListItem","position":2,"name":"Louer une Porsche \u00e0 Cannes"}]},{"@type":"WebSite","@id":"https:\/\/www.eliterent.com\/#website","url":"https:\/\/www.eliterent.com\/","name":"Elite Rent","description":"Rent a Car","publisher":{"@id":"https:\/\/www.eliterent.com\/#organization"},"potentialAction":[{"@type":"SearchAction","target":{"@type":"EntryPoint","urlTemplate":"https:\/\/www.eliterent.com\/?s={search_term_string}"},"query-input":{"@type":"PropertyValueSpecification","valueRequired":true,"valueName":"search_term_string"}}],"inLanguage":"fr-FR"},{"@type":"Organization","@id":"https:\/\/www.eliterent.com\/#organization","name":"Elite Rent","url":"https:\/\/www.eliterent.com\/","logo":{"@type":"ImageObject","inLanguage":"fr-FR","@id":"https:\/\/www.eliterent.com\/#\/schema\/logo\/image\/","url":"https:\/\/www.eliterent.com\/wp-content\/uploads\/2020\/03\/Elite_Logo_NEW_2023_Final-1.png","contentUrl":"https:\/\/www.eliterent.com\/wp-content\/uploads\/2020\/03\/Elite_Logo_NEW_2023_Final-1.png","width":828,"height":313,"caption":"Elite Rent"},"image":{"@id":"https:\/\/www.eliterent.com\/#\/schema\/logo\/image\/"}},{"@type":"Person","@id":"https:\/\/www.eliterent.com\/#\/schema\/person\/7afdc7b8834b55a1ed893961ab071a65","name":"Anthony Eschler","image":{"@type":"ImageObject","inLanguage":"fr-FR","@id":"https:\/\/secure.gravatar.com\/avatar\/2a38fa365cdc8cfec3d87e394c80abeab0df6f7e4b52eda611492b6df9196c7f?s=96&d=mm&r=g","url":"https:\/\/secure.gravatar.com\/avatar\/2a38fa365cdc8cfec3d87e394c80abeab0df6f7e4b52eda611492b6df9196c7f?s=96&d=mm&r=g","contentUrl":"https:\/\/secure.gravatar.com\/avatar\/2a38fa365cdc8cfec3d87e394c80abeab0df6f7e4b52eda611492b6df9196c7f?s=96&d=mm&r=g","caption":"Anthony Eschler"}}]}},"_links":{"self":[{"href":"https:\/\/www.eliterent.com\/fr\/wp-json\/wp\/v2\/posts\/73689","targetHints":{"allow":["GET"]}}],"collection":[{"href":"https:\/\/www.eliterent.com\/fr\/wp-json\/wp\/v2\/posts"}],"about":[{"href":"https:\/\/www.eliterent.com\/fr\/wp-json\/wp\/v2\/types\/post"}],"author":[{"embeddable":true,"href":"https:\/\/www.eliterent.com\/fr\/wp-json\/wp\/v2\/users\/6"}],"replies":[{"embeddable":true,"href":"https:\/\/www.eliterent.com\/fr\/wp-json\/wp\/v2\/comments?post=73689"}],"version-history":[{"count":0,"href":"https:\/\/www.eliterent.com\/fr\/wp-json\/wp\/v2\/posts\/73689\/revisions"}],"wp:featuredmedia":[{"embeddable":true,"href":"https:\/\/www.eliterent.com\/fr\/wp-json\/wp\/v2\/media\/27841"}],"wp:attachment":[{"href":"https:\/\/www.eliterent.com\/fr\/wp-json\/wp\/v2\/media?parent=73689"}],"wp:term":[{"taxonomy":"category","embeddable":true,"href":"https:\/\/www.eliterent.com\/fr\/wp-json\/wp\/v2\/categories?post=73689"},{"taxonomy":"post_tag","embeddable":true,"href":"https:\/\/www.eliterent.com\/fr\/wp-json\/wp\/v2\/tags?post=73689"}],"curies":[{"name":"wp","href":"https:\/\/api.w.org\/{rel}","templated":true}]}}