{"id":73167,"date":"2024-04-08T16:25:03","date_gmt":"2024-04-08T14:25:03","guid":{"rendered":"https:\/\/www.eliterent.com\/rent-a-bmw-in-zurich\/"},"modified":"2024-04-08T17:30:46","modified_gmt":"2024-04-08T15:30:46","slug":"rent-a-bmw-in-zurich","status":"publish","type":"post","link":"https:\/\/www.eliterent.com\/fr\/rent-a-bmw-in-zurich\/","title":{"rendered":"Louer une BMW \u00e0 Zurich"},"content":{"rendered":"<h5>Louer une BMW \u00e0 Zurich avec Elite Rent-a-Car<\/h5>\n<p>Louez une BMW \u00e0 Zurich avec Elite Rent. Louez des mod\u00e8les tels que le X5, le X7, la S\u00e9rie 4 et la S\u00e9rie 7. Louez un SUV, une berline, un cabriolet ou une voiture de sport BMW. Service de livraison et de reprise sur mesure disponible \u00e0 St Moritz, Gstaad, Bad Ragaz et Burgenstock.<\/p>\n<p>&nbsp;<\/p>\n<h5>D\u00e9couvrez les sensations du luxe et de la performance avec une location de BMW \u00e0 Zurich.<\/h5>\n<p>D\u00e9couvrez les sensations du luxe et de la performance avec nos services de location de BMW \u00e0 Zurich. Situ\u00e9e au c\u0153ur des magnifiques paysages suisses, Zurich vous invite \u00e0 explorer ses rues charmantes et ses autoroutes pittoresques dans le confort d&rsquo;un v\u00e9hicule BMW haut de gamme. Que vous soyez en ville pour les affaires ou pour le plaisir, notre flotte diversifi\u00e9e offre le m\u00e9lange parfait de style, d&rsquo;innovation et de dynamique de conduite pour votre aventure suisse.<\/p>\n<p>Louer une BMW \u00e0 Zurich est un jeu d&rsquo;enfant gr\u00e2ce \u00e0 notre processus de r\u00e9servation pratique. Choisissez parmi une s\u00e9lection de mod\u00e8les m\u00e9ticuleusement entretenus, y compris la dynamique BMW S\u00e9rie 3, le polyvalent SUV X5, ou la sophistiqu\u00e9e berline S\u00e9rie 7. Avec leur design embl\u00e9matique et leur technologie avanc\u00e9e, les locations de BMW garantissent une exp\u00e9rience de conduite inoubliable dans la ville anim\u00e9e de Zurich et ses environs.<\/p>\n<p>Embarquez pour un voyage d&rsquo;exploration et de d\u00e9couverte en naviguant sur les routes sinueuses de la campagne suisse ou en vous immergeant dans les d\u00e9lices culturels de Zurich. Gr\u00e2ce \u00e0 leur ing\u00e9nierie de pr\u00e9cision et \u00e0 leur maniabilit\u00e9, les v\u00e9hicules BMW offrent un plaisir de conduite ultime \u00e0 chaque virage.<\/p>\n<p>Faites-vous remarquer o\u00f9 que vous alliez avec une location de BMW \u00e0 Zurich. Que vous assistiez \u00e0 une conf\u00e9rence d&rsquo;affaires, que vous exploriez les sites touristiques locaux ou que vous profitiez simplement d&rsquo;une balade en voiture, arrivez avec style et sophistication gr\u00e2ce \u00e0 une BMW de notre flotte exclusive.<\/p>\n<p>Notre \u00e9quipe d\u00e9vou\u00e9e s&rsquo;engage \u00e0 fournir un service exceptionnel, en s&rsquo;assurant que votre exp\u00e9rience de location d\u00e9passe toutes les attentes. R\u00e9servez votre location de BMW d\u00e8s aujourd&rsquo;hui et faites de votre voyage \u00e0 Zurich l&rsquo;occasion d&rsquo;un voyage dans l&rsquo;incarnation du luxe et de la performance. Ne vous contentez pas de voyager, vivez l&rsquo;exp\u00e9rience de conduite ultime avec nos services de location de BMW \u00e0 Zurich.<\/p>\n","protected":false},"excerpt":{"rendered":"<p>Louer une BMW \u00e0 Zurich avec Elite Rent-a-Car Louez une BMW \u00e0 Zurich avec Elite Rent. Louez des mod\u00e8les tels que le X5, le X7, la S\u00e9rie 4 et la S\u00e9rie 7. Louez un SUV, une berline, un cabriolet ou une voiture de sport BMW. Service de livraison et de reprise sur mesure disponible \u00e0 [&hellip;]<\/p>\n","protected":false},"author":6,"featured_media":27856,"comment_status":"open","ping_status":"open","sticky":false,"template":"","format":"standard","meta":{"_acf_changed":false,"site-sidebar-layout":"default","site-content-layout":"default","ast-site-content-layout":"","site-content-style":"default","site-sidebar-style":"default","ast-global-header-display":"","ast-banner-title-visibility":"","ast-main-header-display":"","ast-hfb-above-header-display":"","ast-hfb-below-header-display":"","ast-hfb-mobile-header-display":"","site-post-title":"","ast-breadcrumbs-content":"","ast-featured-img":"","footer-sml-layout":"","theme-transparent-header-meta":"default","adv-header-id-meta":"","stick-header-meta":"","header-above-stick-meta":"","header-main-stick-meta":"","header-below-stick-meta":"","astra-migrate-meta-layouts":"default","ast-page-background-enabled":"default","ast-page-background-meta":{"desktop":{"background-color":"","background-image":"","background-repeat":"repeat","background-position":"center center","background-size":"auto","background-attachment":"scroll","background-type":"","background-media":"","overlay-type":"","overlay-color":"","overlay-opacity":"","overlay-gradient":""},"tablet":{"background-color":"","background-image":"","background-repeat":"repeat","background-position":"center center","background-size":"auto","background-attachment":"scroll","background-type":"","background-media":"","overlay-type":"","overlay-color":"","overlay-opacity":"","overlay-gradient":""},"mobile":{"background-color":"","background-image":"","background-repeat":"repeat","background-position":"center center","background-size":"auto","background-attachment":"scroll","background-type":"","background-media":"","overlay-type":"","overlay-color":"","overlay-opacity":"","overlay-gradient":""}},"ast-content-background-meta":{"desktop":{"background-color":"var(--ast-global-color-5)","background-image":"","background-repeat":"repeat","background-position":"center center","background-size":"auto","background-attachment":"scroll","background-type":"","background-media":"","overlay-type":"","overlay-color":"","overlay-opacity":"","overlay-gradient":""},"tablet":{"background-color":"var(--ast-global-color-5)","background-image":"","background-repeat":"repeat","background-position":"center center","background-size":"auto","background-attachment":"scroll","background-type":"","background-media":"","overlay-type":"","overlay-color":"","overlay-opacity":"","overlay-gradient":""},"mobile":{"background-color":"var(--ast-global-color-5)","background-image":"","background-repeat":"repeat","background-position":"center center","background-size":"auto","background-attachment":"scroll","background-type":"","background-media":"","overlay-type":"","overlay-color":"","overlay-opacity":"","overlay-gradient":""}},"footnotes":""},"categories":[820],"tags":[],"class_list":["post-73167","post","type-post","status-publish","format-standard","has-post-thumbnail","hentry","category-non-classifiee"],"acf":[],"yoast_head":"<!-- This site is optimized with the Yoast SEO plugin v27.4 - https:\/\/yoast.com\/product\/yoast-seo-wordpress\/ -->\n<title>Louer une BMW \u00e0 Zurich avec Elite Rent<\/title>\n<meta name=\"description\" content=\"Louer une BMW \u00e0 Zurich avec Elite Rent - Service de livraison et reprise sur mesure disponible \u00e0 St Moritz, Gstaad, Bad Ragaz et Burgenstock.\" \/>\n<meta name=\"robots\" content=\"index, follow, max-snippet:-1, max-image-preview:large, max-video-preview:-1\" \/>\n<link rel=\"canonical\" href=\"https:\/\/www.eliterent.com\/fr\/rent-a-bmw-in-zurich\/\" \/>\n<meta property=\"og:locale\" content=\"fr_FR\" \/>\n<meta property=\"og:type\" content=\"article\" \/>\n<meta property=\"og:title\" content=\"Louer une BMW \u00e0 Zurich avec Elite Rent\" \/>\n<meta property=\"og:description\" content=\"Louer une BMW \u00e0 Zurich avec Elite Rent - Service de livraison et reprise sur mesure disponible \u00e0 St Moritz, Gstaad, Bad Ragaz et Burgenstock.\" \/>\n<meta property=\"og:url\" content=\"https:\/\/www.eliterent.com\/fr\/rent-a-bmw-in-zurich\/\" \/>\n<meta property=\"og:site_name\" content=\"Elite Rent\" \/>\n<meta property=\"article:published_time\" content=\"2024-04-08T14:25:03+00:00\" \/>\n<meta property=\"article:modified_time\" content=\"2024-04-08T15:30:46+00:00\" \/>\n<meta property=\"og:image\" content=\"https:\/\/www.eliterent.com\/wp-content\/uploads\/2021\/06\/CB-bmw.png\" \/>\n\t<meta property=\"og:image:width\" content=\"512\" \/>\n\t<meta property=\"og:image:height\" content=\"512\" \/>\n\t<meta property=\"og:image:type\" content=\"image\/png\" \/>\n<meta name=\"author\" content=\"Anthony Eschler\" \/>\n<meta name=\"twitter:card\" content=\"summary_large_image\" \/>\n<script type=\"application\/ld+json\" class=\"yoast-schema-graph\">{\"@context\":\"https:\\\/\\\/schema.org\",\"@graph\":[{\"@type\":\"Article\",\"@id\":\"https:\\\/\\\/www.eliterent.com\\\/fr\\\/rent-a-bmw-in-zurich\\\/#article\",\"isPartOf\":{\"@id\":\"https:\\\/\\\/www.eliterent.com\\\/fr\\\/rent-a-bmw-in-zurich\\\/\"},\"author\":{\"name\":\"Anthony Eschler\",\"@id\":\"https:\\\/\\\/www.eliterent.com\\\/#\\\/schema\\\/person\\\/7afdc7b8834b55a1ed893961ab071a65\"},\"headline\":\"Louer une BMW \u00e0 Zurich\",\"datePublished\":\"2024-04-08T14:25:03+00:00\",\"dateModified\":\"2024-04-08T15:30:46+00:00\",\"mainEntityOfPage\":{\"@id\":\"https:\\\/\\\/www.eliterent.com\\\/fr\\\/rent-a-bmw-in-zurich\\\/\"},\"wordCount\":421,\"commentCount\":0,\"publisher\":{\"@id\":\"https:\\\/\\\/www.eliterent.com\\\/#organization\"},\"image\":{\"@id\":\"https:\\\/\\\/www.eliterent.com\\\/fr\\\/rent-a-bmw-in-zurich\\\/#primaryimage\"},\"thumbnailUrl\":\"https:\\\/\\\/www.eliterent.com\\\/wp-content\\\/uploads\\\/2021\\\/06\\\/CB-bmw.png\",\"articleSection\":[\"Non classifi\u00e9(e)\"],\"inLanguage\":\"fr-FR\",\"potentialAction\":[{\"@type\":\"CommentAction\",\"name\":\"Comment\",\"target\":[\"https:\\\/\\\/www.eliterent.com\\\/fr\\\/rent-a-bmw-in-zurich\\\/#respond\"]}]},{\"@type\":\"WebPage\",\"@id\":\"https:\\\/\\\/www.eliterent.com\\\/fr\\\/rent-a-bmw-in-zurich\\\/\",\"url\":\"https:\\\/\\\/www.eliterent.com\\\/fr\\\/rent-a-bmw-in-zurich\\\/\",\"name\":\"Louer une BMW \u00e0 Zurich avec Elite Rent\",\"isPartOf\":{\"@id\":\"https:\\\/\\\/www.eliterent.com\\\/#website\"},\"primaryImageOfPage\":{\"@id\":\"https:\\\/\\\/www.eliterent.com\\\/fr\\\/rent-a-bmw-in-zurich\\\/#primaryimage\"},\"image\":{\"@id\":\"https:\\\/\\\/www.eliterent.com\\\/fr\\\/rent-a-bmw-in-zurich\\\/#primaryimage\"},\"thumbnailUrl\":\"https:\\\/\\\/www.eliterent.com\\\/wp-content\\\/uploads\\\/2021\\\/06\\\/CB-bmw.png\",\"datePublished\":\"2024-04-08T14:25:03+00:00\",\"dateModified\":\"2024-04-08T15:30:46+00:00\",\"description\":\"Louer une BMW \u00e0 Zurich avec Elite Rent - Service de livraison et reprise sur mesure disponible \u00e0 St Moritz, Gstaad, Bad Ragaz et Burgenstock.\",\"breadcrumb\":{\"@id\":\"https:\\\/\\\/www.eliterent.com\\\/fr\\\/rent-a-bmw-in-zurich\\\/#breadcrumb\"},\"inLanguage\":\"fr-FR\",\"potentialAction\":[{\"@type\":\"ReadAction\",\"target\":[\"https:\\\/\\\/www.eliterent.com\\\/fr\\\/rent-a-bmw-in-zurich\\\/\"]}]},{\"@type\":\"ImageObject\",\"inLanguage\":\"fr-FR\",\"@id\":\"https:\\\/\\\/www.eliterent.com\\\/fr\\\/rent-a-bmw-in-zurich\\\/#primaryimage\",\"url\":\"https:\\\/\\\/www.eliterent.com\\\/wp-content\\\/uploads\\\/2021\\\/06\\\/CB-bmw.png\",\"contentUrl\":\"https:\\\/\\\/www.eliterent.com\\\/wp-content\\\/uploads\\\/2021\\\/06\\\/CB-bmw.png\",\"width\":512,\"height\":512},{\"@type\":\"BreadcrumbList\",\"@id\":\"https:\\\/\\\/www.eliterent.com\\\/fr\\\/rent-a-bmw-in-zurich\\\/#breadcrumb\",\"itemListElement\":[{\"@type\":\"ListItem\",\"position\":1,\"name\":\"Home\",\"item\":\"https:\\\/\\\/www.eliterent.com\\\/fr\\\/\"},{\"@type\":\"ListItem\",\"position\":2,\"name\":\"Louer une BMW \u00e0 Zurich\"}]},{\"@type\":\"WebSite\",\"@id\":\"https:\\\/\\\/www.eliterent.com\\\/#website\",\"url\":\"https:\\\/\\\/www.eliterent.com\\\/\",\"name\":\"Elite Rent\",\"description\":\"Rent a Car\",\"publisher\":{\"@id\":\"https:\\\/\\\/www.eliterent.com\\\/#organization\"},\"potentialAction\":[{\"@type\":\"SearchAction\",\"target\":{\"@type\":\"EntryPoint\",\"urlTemplate\":\"https:\\\/\\\/www.eliterent.com\\\/?s={search_term_string}\"},\"query-input\":{\"@type\":\"PropertyValueSpecification\",\"valueRequired\":true,\"valueName\":\"search_term_string\"}}],\"inLanguage\":\"fr-FR\"},{\"@type\":\"Organization\",\"@id\":\"https:\\\/\\\/www.eliterent.com\\\/#organization\",\"name\":\"Elite Rent\",\"url\":\"https:\\\/\\\/www.eliterent.com\\\/\",\"logo\":{\"@type\":\"ImageObject\",\"inLanguage\":\"fr-FR\",\"@id\":\"https:\\\/\\\/www.eliterent.com\\\/#\\\/schema\\\/logo\\\/image\\\/\",\"url\":\"https:\\\/\\\/www.eliterent.com\\\/wp-content\\\/uploads\\\/2020\\\/03\\\/Elite_Logo_NEW_2023_Final-1.png\",\"contentUrl\":\"https:\\\/\\\/www.eliterent.com\\\/wp-content\\\/uploads\\\/2020\\\/03\\\/Elite_Logo_NEW_2023_Final-1.png\",\"width\":828,\"height\":313,\"caption\":\"Elite Rent\"},\"image\":{\"@id\":\"https:\\\/\\\/www.eliterent.com\\\/#\\\/schema\\\/logo\\\/image\\\/\"}},{\"@type\":\"Person\",\"@id\":\"https:\\\/\\\/www.eliterent.com\\\/#\\\/schema\\\/person\\\/7afdc7b8834b55a1ed893961ab071a65\",\"name\":\"Anthony Eschler\",\"image\":{\"@type\":\"ImageObject\",\"inLanguage\":\"fr-FR\",\"@id\":\"https:\\\/\\\/secure.gravatar.com\\\/avatar\\\/2a38fa365cdc8cfec3d87e394c80abeab0df6f7e4b52eda611492b6df9196c7f?s=96&d=mm&r=g\",\"url\":\"https:\\\/\\\/secure.gravatar.com\\\/avatar\\\/2a38fa365cdc8cfec3d87e394c80abeab0df6f7e4b52eda611492b6df9196c7f?s=96&d=mm&r=g\",\"contentUrl\":\"https:\\\/\\\/secure.gravatar.com\\\/avatar\\\/2a38fa365cdc8cfec3d87e394c80abeab0df6f7e4b52eda611492b6df9196c7f?s=96&d=mm&r=g\",\"caption\":\"Anthony Eschler\"}}]}<\/script>\n<!-- \/ Yoast SEO plugin. -->","yoast_head_json":{"title":"Louer une BMW \u00e0 Zurich avec Elite Rent","description":"Louer une BMW \u00e0 Zurich avec Elite Rent - Service de livraison et reprise sur mesure disponible \u00e0 St Moritz, Gstaad, Bad Ragaz et Burgenstock.","robots":{"index":"index","follow":"follow","max-snippet":"max-snippet:-1","max-image-preview":"max-image-preview:large","max-video-preview":"max-video-preview:-1"},"canonical":"https:\/\/www.eliterent.com\/fr\/rent-a-bmw-in-zurich\/","og_locale":"fr_FR","og_type":"article","og_title":"Louer une BMW \u00e0 Zurich avec Elite Rent","og_description":"Louer une BMW \u00e0 Zurich avec Elite Rent - Service de livraison et reprise sur mesure disponible \u00e0 St Moritz, Gstaad, Bad Ragaz et Burgenstock.","og_url":"https:\/\/www.eliterent.com\/fr\/rent-a-bmw-in-zurich\/","og_site_name":"Elite Rent","article_published_time":"2024-04-08T14:25:03+00:00","article_modified_time":"2024-04-08T15:30:46+00:00","og_image":[{"width":512,"height":512,"url":"https:\/\/www.eliterent.com\/wp-content\/uploads\/2021\/06\/CB-bmw.png","type":"image\/png"}],"author":"Anthony Eschler","twitter_card":"summary_large_image","schema":{"@context":"https:\/\/schema.org","@graph":[{"@type":"Article","@id":"https:\/\/www.eliterent.com\/fr\/rent-a-bmw-in-zurich\/#article","isPartOf":{"@id":"https:\/\/www.eliterent.com\/fr\/rent-a-bmw-in-zurich\/"},"author":{"name":"Anthony Eschler","@id":"https:\/\/www.eliterent.com\/#\/schema\/person\/7afdc7b8834b55a1ed893961ab071a65"},"headline":"Louer une BMW \u00e0 Zurich","datePublished":"2024-04-08T14:25:03+00:00","dateModified":"2024-04-08T15:30:46+00:00","mainEntityOfPage":{"@id":"https:\/\/www.eliterent.com\/fr\/rent-a-bmw-in-zurich\/"},"wordCount":421,"commentCount":0,"publisher":{"@id":"https:\/\/www.eliterent.com\/#organization"},"image":{"@id":"https:\/\/www.eliterent.com\/fr\/rent-a-bmw-in-zurich\/#primaryimage"},"thumbnailUrl":"https:\/\/www.eliterent.com\/wp-content\/uploads\/2021\/06\/CB-bmw.png","articleSection":["Non classifi\u00e9(e)"],"inLanguage":"fr-FR","potentialAction":[{"@type":"CommentAction","name":"Comment","target":["https:\/\/www.eliterent.com\/fr\/rent-a-bmw-in-zurich\/#respond"]}]},{"@type":"WebPage","@id":"https:\/\/www.eliterent.com\/fr\/rent-a-bmw-in-zurich\/","url":"https:\/\/www.eliterent.com\/fr\/rent-a-bmw-in-zurich\/","name":"Louer une BMW \u00e0 Zurich avec Elite Rent","isPartOf":{"@id":"https:\/\/www.eliterent.com\/#website"},"primaryImageOfPage":{"@id":"https:\/\/www.eliterent.com\/fr\/rent-a-bmw-in-zurich\/#primaryimage"},"image":{"@id":"https:\/\/www.eliterent.com\/fr\/rent-a-bmw-in-zurich\/#primaryimage"},"thumbnailUrl":"https:\/\/www.eliterent.com\/wp-content\/uploads\/2021\/06\/CB-bmw.png","datePublished":"2024-04-08T14:25:03+00:00","dateModified":"2024-04-08T15:30:46+00:00","description":"Louer une BMW \u00e0 Zurich avec Elite Rent - Service de livraison et reprise sur mesure disponible \u00e0 St Moritz, Gstaad, Bad Ragaz et Burgenstock.","breadcrumb":{"@id":"https:\/\/www.eliterent.com\/fr\/rent-a-bmw-in-zurich\/#breadcrumb"},"inLanguage":"fr-FR","potentialAction":[{"@type":"ReadAction","target":["https:\/\/www.eliterent.com\/fr\/rent-a-bmw-in-zurich\/"]}]},{"@type":"ImageObject","inLanguage":"fr-FR","@id":"https:\/\/www.eliterent.com\/fr\/rent-a-bmw-in-zurich\/#primaryimage","url":"https:\/\/www.eliterent.com\/wp-content\/uploads\/2021\/06\/CB-bmw.png","contentUrl":"https:\/\/www.eliterent.com\/wp-content\/uploads\/2021\/06\/CB-bmw.png","width":512,"height":512},{"@type":"BreadcrumbList","@id":"https:\/\/www.eliterent.com\/fr\/rent-a-bmw-in-zurich\/#breadcrumb","itemListElement":[{"@type":"ListItem","position":1,"name":"Home","item":"https:\/\/www.eliterent.com\/fr\/"},{"@type":"ListItem","position":2,"name":"Louer une BMW \u00e0 Zurich"}]},{"@type":"WebSite","@id":"https:\/\/www.eliterent.com\/#website","url":"https:\/\/www.eliterent.com\/","name":"Elite Rent","description":"Rent a Car","publisher":{"@id":"https:\/\/www.eliterent.com\/#organization"},"potentialAction":[{"@type":"SearchAction","target":{"@type":"EntryPoint","urlTemplate":"https:\/\/www.eliterent.com\/?s={search_term_string}"},"query-input":{"@type":"PropertyValueSpecification","valueRequired":true,"valueName":"search_term_string"}}],"inLanguage":"fr-FR"},{"@type":"Organization","@id":"https:\/\/www.eliterent.com\/#organization","name":"Elite Rent","url":"https:\/\/www.eliterent.com\/","logo":{"@type":"ImageObject","inLanguage":"fr-FR","@id":"https:\/\/www.eliterent.com\/#\/schema\/logo\/image\/","url":"https:\/\/www.eliterent.com\/wp-content\/uploads\/2020\/03\/Elite_Logo_NEW_2023_Final-1.png","contentUrl":"https:\/\/www.eliterent.com\/wp-content\/uploads\/2020\/03\/Elite_Logo_NEW_2023_Final-1.png","width":828,"height":313,"caption":"Elite Rent"},"image":{"@id":"https:\/\/www.eliterent.com\/#\/schema\/logo\/image\/"}},{"@type":"Person","@id":"https:\/\/www.eliterent.com\/#\/schema\/person\/7afdc7b8834b55a1ed893961ab071a65","name":"Anthony Eschler","image":{"@type":"ImageObject","inLanguage":"fr-FR","@id":"https:\/\/secure.gravatar.com\/avatar\/2a38fa365cdc8cfec3d87e394c80abeab0df6f7e4b52eda611492b6df9196c7f?s=96&d=mm&r=g","url":"https:\/\/secure.gravatar.com\/avatar\/2a38fa365cdc8cfec3d87e394c80abeab0df6f7e4b52eda611492b6df9196c7f?s=96&d=mm&r=g","contentUrl":"https:\/\/secure.gravatar.com\/avatar\/2a38fa365cdc8cfec3d87e394c80abeab0df6f7e4b52eda611492b6df9196c7f?s=96&d=mm&r=g","caption":"Anthony Eschler"}}]}},"_links":{"self":[{"href":"https:\/\/www.eliterent.com\/fr\/wp-json\/wp\/v2\/posts\/73167","targetHints":{"allow":["GET"]}}],"collection":[{"href":"https:\/\/www.eliterent.com\/fr\/wp-json\/wp\/v2\/posts"}],"about":[{"href":"https:\/\/www.eliterent.com\/fr\/wp-json\/wp\/v2\/types\/post"}],"author":[{"embeddable":true,"href":"https:\/\/www.eliterent.com\/fr\/wp-json\/wp\/v2\/users\/6"}],"replies":[{"embeddable":true,"href":"https:\/\/www.eliterent.com\/fr\/wp-json\/wp\/v2\/comments?post=73167"}],"version-history":[{"count":0,"href":"https:\/\/www.eliterent.com\/fr\/wp-json\/wp\/v2\/posts\/73167\/revisions"}],"wp:featuredmedia":[{"embeddable":true,"href":"https:\/\/www.eliterent.com\/fr\/wp-json\/wp\/v2\/media\/27856"}],"wp:attachment":[{"href":"https:\/\/www.eliterent.com\/fr\/wp-json\/wp\/v2\/media?parent=73167"}],"wp:term":[{"taxonomy":"category","embeddable":true,"href":"https:\/\/www.eliterent.com\/fr\/wp-json\/wp\/v2\/categories?post=73167"},{"taxonomy":"post_tag","embeddable":true,"href":"https:\/\/www.eliterent.com\/fr\/wp-json\/wp\/v2\/tags?post=73167"}],"curies":[{"name":"wp","href":"https:\/\/api.w.org\/{rel}","templated":true}]}}