{"id":73157,"date":"2024-04-08T16:15:44","date_gmt":"2024-04-08T14:15:44","guid":{"rendered":"https:\/\/www.eliterent.com\/rent-a-mercedes-benz-in-zurich\/"},"modified":"2024-04-08T16:20:29","modified_gmt":"2024-04-08T14:20:29","slug":"rent-a-mercedes-benz-in-zurich","status":"publish","type":"post","link":"https:\/\/www.eliterent.com\/fr\/rent-a-mercedes-benz-in-zurich\/","title":{"rendered":"Louer une Mercedes-Benz \u00e0 Zurich"},"content":{"rendered":"<h5>Louer une Mercedes-Benz \u00e0 Zurich avec Elite Rent-a-Car<\/h5>\n<p>Louez une Mercedes-Benz \u00e0 Zurich avec Elite Rent. Louez des mod\u00e8les tels que la G 63 AMG, la Classe S, la SL 63 AMG et la E 53 AMG Cabriolet. Louez un SUV, une berline, une voiture de sport ou un cabriolet Mercedes-Benz. Service de livraison et de reprise sur mesure disponible \u00e0 St Moritz, Gstaad, Bad Ragaz et Burgenstock.<\/p>\n<p>&nbsp;<\/p>\n<h5>D\u00e9couvrez le luxe et l&rsquo;\u00e9l\u00e9gance dans les rues de Zurich<\/h5>\n<p>D\u00e9couvrez le luxe et l&rsquo;\u00e9l\u00e9gance sur les routes de Zurich gr\u00e2ce \u00e0 nos services de location de Mercedes-Benz. Nich\u00e9e au c\u0153ur de la Suisse, Zurich est la destination id\u00e9ale \u00e0 explorer avec style gr\u00e2ce \u00e0 l&rsquo;un de nos v\u00e9hicules Mercedes-Benz haut de gamme. Que vous soyez en visite pour affaires ou pour le plaisir, notre flotte diversifi\u00e9e offre le m\u00e9lange parfait de sophistication, de performance et de confort pour votre voyage.<\/p>\n<p>La location d&rsquo;une Mercedes-Benz \u00e0 Zurich est un processus transparent gr\u00e2ce \u00e0 notre plateforme de r\u00e9servation conviviale. Choisissez parmi une gamme de mod\u00e8les m\u00e9ticuleusement entretenus, notamment l&#8217;embl\u00e9matique Mercedes-Benz Classe E, le polyvalent SUV GLC ou la luxueuse berline Classe S. Avec leur technologie de pointe et leur finition impeccable, les locations Mercedes-Benz promettent une exp\u00e9rience de conduite inoubliable dans les rues de Zurich et au-del\u00e0.<\/p>\n<p>Naviguez sur les rives du lac de Zurich ou aventurez-vous dans les Alpes suisses, en sachant que vous voyagez dans le summum de l&rsquo;excellence automobile. Avec leur conduite souple et leur int\u00e9rieur raffin\u00e9, les v\u00e9hicules Mercedes-Benz garantissent un voyage d&rsquo;un confort et d&rsquo;un raffinement in\u00e9gal\u00e9s.<\/p>\n<p>Faites une impression durable o\u00f9 que vous alliez avec une location de Mercedes-Benz \u00e0 Zurich. Que vous assistiez \u00e0 une r\u00e9union d&rsquo;affaires, que vous exploriez les attractions culturelles de la ville ou que vous profitiez simplement d&rsquo;une balade en voiture, arrivez en beaut\u00e9 avec une Mercedes-Benz de notre flotte exclusive.<\/p>\n<p>Notre \u00e9quipe d\u00e9vou\u00e9e s&rsquo;engage \u00e0 fournir un service exceptionnel, en s&rsquo;assurant que votre exp\u00e9rience de location d\u00e9passe toutes les attentes. R\u00e9servez votre location de Mercedes-Benz d\u00e8s aujourd&rsquo;hui et faites de votre voyage \u00e0 Zurich l&rsquo;incarnation du luxe et de la sophistication. Ne vous contentez pas de l&rsquo;ordinaire &#8211; vivez l&rsquo;extraordinaire avec nos services de location de Mercedes-Benz \u00e0 Zurich.<\/p>\n","protected":false},"excerpt":{"rendered":"<p>Louer une Mercedes-Benz \u00e0 Zurich avec Elite Rent-a-Car Louez une Mercedes-Benz \u00e0 Zurich avec Elite Rent. Louez des mod\u00e8les tels que la G 63 AMG, la Classe S, la SL 63 AMG et la E 53 AMG Cabriolet. Louez un SUV, une berline, une voiture de sport ou un cabriolet Mercedes-Benz. Service de livraison et [&hellip;]<\/p>\n","protected":false},"author":6,"featured_media":27838,"comment_status":"open","ping_status":"open","sticky":false,"template":"","format":"standard","meta":{"_acf_changed":false,"site-sidebar-layout":"default","site-content-layout":"default","ast-site-content-layout":"","site-content-style":"default","site-sidebar-style":"default","ast-global-header-display":"","ast-banner-title-visibility":"","ast-main-header-display":"","ast-hfb-above-header-display":"","ast-hfb-below-header-display":"","ast-hfb-mobile-header-display":"","site-post-title":"","ast-breadcrumbs-content":"","ast-featured-img":"","footer-sml-layout":"","theme-transparent-header-meta":"default","adv-header-id-meta":"","stick-header-meta":"","header-above-stick-meta":"","header-main-stick-meta":"","header-below-stick-meta":"","astra-migrate-meta-layouts":"default","ast-page-background-enabled":"default","ast-page-background-meta":{"desktop":{"background-color":"","background-image":"","background-repeat":"repeat","background-position":"center center","background-size":"auto","background-attachment":"scroll","background-type":"","background-media":"","overlay-type":"","overlay-color":"","overlay-opacity":"","overlay-gradient":""},"tablet":{"background-color":"","background-image":"","background-repeat":"repeat","background-position":"center center","background-size":"auto","background-attachment":"scroll","background-type":"","background-media":"","overlay-type":"","overlay-color":"","overlay-opacity":"","overlay-gradient":""},"mobile":{"background-color":"","background-image":"","background-repeat":"repeat","background-position":"center center","background-size":"auto","background-attachment":"scroll","background-type":"","background-media":"","overlay-type":"","overlay-color":"","overlay-opacity":"","overlay-gradient":""}},"ast-content-background-meta":{"desktop":{"background-color":"var(--ast-global-color-5)","background-image":"","background-repeat":"repeat","background-position":"center center","background-size":"auto","background-attachment":"scroll","background-type":"","background-media":"","overlay-type":"","overlay-color":"","overlay-opacity":"","overlay-gradient":""},"tablet":{"background-color":"var(--ast-global-color-5)","background-image":"","background-repeat":"repeat","background-position":"center center","background-size":"auto","background-attachment":"scroll","background-type":"","background-media":"","overlay-type":"","overlay-color":"","overlay-opacity":"","overlay-gradient":""},"mobile":{"background-color":"var(--ast-global-color-5)","background-image":"","background-repeat":"repeat","background-position":"center center","background-size":"auto","background-attachment":"scroll","background-type":"","background-media":"","overlay-type":"","overlay-color":"","overlay-opacity":"","overlay-gradient":""}},"footnotes":""},"categories":[820],"tags":[],"class_list":["post-73157","post","type-post","status-publish","format-standard","has-post-thumbnail","hentry","category-non-classifiee"],"acf":[],"yoast_head":"<!-- This site is optimized with the Yoast SEO plugin v27.4 - https:\/\/yoast.com\/product\/yoast-seo-wordpress\/ -->\n<title>Louer une Mercedes-Benz \u00e0 Zurich avec Elite Rent<\/title>\n<meta name=\"description\" content=\"Louer une Mercedes-Benz \u00e0 Zurich avec Elite Rent - Service de livraison sur mesure disponible \u00e0 St Moritz, Gstaad, Bad Ragaz et Burgenstock.\" \/>\n<meta name=\"robots\" content=\"index, follow, max-snippet:-1, max-image-preview:large, max-video-preview:-1\" \/>\n<link rel=\"canonical\" href=\"https:\/\/www.eliterent.com\/rent-a-mercedes-benz-in-zurich\/\" \/>\n<meta property=\"og:locale\" content=\"fr_FR\" \/>\n<meta property=\"og:type\" content=\"article\" \/>\n<meta property=\"og:title\" content=\"Louer une Mercedes-Benz \u00e0 Zurich avec Elite Rent\" \/>\n<meta property=\"og:description\" content=\"Louer une Mercedes-Benz \u00e0 Zurich avec Elite Rent - Service de livraison sur mesure disponible \u00e0 St Moritz, Gstaad, Bad Ragaz et Burgenstock.\" \/>\n<meta property=\"og:url\" content=\"https:\/\/www.eliterent.com\/rent-a-mercedes-benz-in-zurich\/\" \/>\n<meta property=\"og:site_name\" content=\"Elite Rent\" \/>\n<meta property=\"article:published_time\" content=\"2024-04-08T14:15:44+00:00\" \/>\n<meta property=\"article:modified_time\" content=\"2024-04-08T14:20:29+00:00\" \/>\n<meta property=\"og:image\" content=\"https:\/\/www.eliterent.com\/wp-content\/uploads\/2021\/06\/CB-mercedes-benz.png\" \/>\n\t<meta property=\"og:image:width\" content=\"512\" \/>\n\t<meta property=\"og:image:height\" content=\"512\" \/>\n\t<meta property=\"og:image:type\" content=\"image\/png\" \/>\n<meta name=\"author\" content=\"Anthony Eschler\" \/>\n<meta name=\"twitter:card\" content=\"summary_large_image\" \/>\n<script type=\"application\/ld+json\" class=\"yoast-schema-graph\">{\"@context\":\"https:\\\/\\\/schema.org\",\"@graph\":[{\"@type\":\"Article\",\"@id\":\"https:\\\/\\\/www.eliterent.com\\\/rent-a-mercedes-benz-in-zurich\\\/#article\",\"isPartOf\":{\"@id\":\"https:\\\/\\\/www.eliterent.com\\\/rent-a-mercedes-benz-in-zurich\\\/\"},\"author\":{\"name\":\"Anthony Eschler\",\"@id\":\"https:\\\/\\\/www.eliterent.com\\\/#\\\/schema\\\/person\\\/7afdc7b8834b55a1ed893961ab071a65\"},\"headline\":\"Louer une Mercedes-Benz \u00e0 Zurich\",\"datePublished\":\"2024-04-08T14:15:44+00:00\",\"dateModified\":\"2024-04-08T14:20:29+00:00\",\"mainEntityOfPage\":{\"@id\":\"https:\\\/\\\/www.eliterent.com\\\/rent-a-mercedes-benz-in-zurich\\\/\"},\"wordCount\":403,\"commentCount\":0,\"publisher\":{\"@id\":\"https:\\\/\\\/www.eliterent.com\\\/#organization\"},\"image\":{\"@id\":\"https:\\\/\\\/www.eliterent.com\\\/rent-a-mercedes-benz-in-zurich\\\/#primaryimage\"},\"thumbnailUrl\":\"https:\\\/\\\/www.eliterent.com\\\/wp-content\\\/uploads\\\/2021\\\/06\\\/CB-mercedes-benz.png\",\"articleSection\":[\"Non classifi\u00e9(e)\"],\"inLanguage\":\"fr-FR\",\"potentialAction\":[{\"@type\":\"CommentAction\",\"name\":\"Comment\",\"target\":[\"https:\\\/\\\/www.eliterent.com\\\/rent-a-mercedes-benz-in-zurich\\\/#respond\"]}]},{\"@type\":\"WebPage\",\"@id\":\"https:\\\/\\\/www.eliterent.com\\\/rent-a-mercedes-benz-in-zurich\\\/\",\"url\":\"https:\\\/\\\/www.eliterent.com\\\/rent-a-mercedes-benz-in-zurich\\\/\",\"name\":\"Louer une Mercedes-Benz \u00e0 Zurich avec Elite Rent\",\"isPartOf\":{\"@id\":\"https:\\\/\\\/www.eliterent.com\\\/#website\"},\"primaryImageOfPage\":{\"@id\":\"https:\\\/\\\/www.eliterent.com\\\/rent-a-mercedes-benz-in-zurich\\\/#primaryimage\"},\"image\":{\"@id\":\"https:\\\/\\\/www.eliterent.com\\\/rent-a-mercedes-benz-in-zurich\\\/#primaryimage\"},\"thumbnailUrl\":\"https:\\\/\\\/www.eliterent.com\\\/wp-content\\\/uploads\\\/2021\\\/06\\\/CB-mercedes-benz.png\",\"datePublished\":\"2024-04-08T14:15:44+00:00\",\"dateModified\":\"2024-04-08T14:20:29+00:00\",\"description\":\"Louer une Mercedes-Benz \u00e0 Zurich avec Elite Rent - Service de livraison sur mesure disponible \u00e0 St Moritz, Gstaad, Bad Ragaz et Burgenstock.\",\"breadcrumb\":{\"@id\":\"https:\\\/\\\/www.eliterent.com\\\/rent-a-mercedes-benz-in-zurich\\\/#breadcrumb\"},\"inLanguage\":\"fr-FR\",\"potentialAction\":[{\"@type\":\"ReadAction\",\"target\":[\"https:\\\/\\\/www.eliterent.com\\\/rent-a-mercedes-benz-in-zurich\\\/\"]}]},{\"@type\":\"ImageObject\",\"inLanguage\":\"fr-FR\",\"@id\":\"https:\\\/\\\/www.eliterent.com\\\/rent-a-mercedes-benz-in-zurich\\\/#primaryimage\",\"url\":\"https:\\\/\\\/www.eliterent.com\\\/wp-content\\\/uploads\\\/2021\\\/06\\\/CB-mercedes-benz.png\",\"contentUrl\":\"https:\\\/\\\/www.eliterent.com\\\/wp-content\\\/uploads\\\/2021\\\/06\\\/CB-mercedes-benz.png\",\"width\":512,\"height\":512},{\"@type\":\"BreadcrumbList\",\"@id\":\"https:\\\/\\\/www.eliterent.com\\\/rent-a-mercedes-benz-in-zurich\\\/#breadcrumb\",\"itemListElement\":[{\"@type\":\"ListItem\",\"position\":1,\"name\":\"Home\",\"item\":\"https:\\\/\\\/www.eliterent.com\\\/fr\\\/\"},{\"@type\":\"ListItem\",\"position\":2,\"name\":\"Louer une Mercedes-Benz \u00e0 Zurich\"}]},{\"@type\":\"WebSite\",\"@id\":\"https:\\\/\\\/www.eliterent.com\\\/#website\",\"url\":\"https:\\\/\\\/www.eliterent.com\\\/\",\"name\":\"Elite Rent\",\"description\":\"Rent a Car\",\"publisher\":{\"@id\":\"https:\\\/\\\/www.eliterent.com\\\/#organization\"},\"potentialAction\":[{\"@type\":\"SearchAction\",\"target\":{\"@type\":\"EntryPoint\",\"urlTemplate\":\"https:\\\/\\\/www.eliterent.com\\\/?s={search_term_string}\"},\"query-input\":{\"@type\":\"PropertyValueSpecification\",\"valueRequired\":true,\"valueName\":\"search_term_string\"}}],\"inLanguage\":\"fr-FR\"},{\"@type\":\"Organization\",\"@id\":\"https:\\\/\\\/www.eliterent.com\\\/#organization\",\"name\":\"Elite Rent\",\"url\":\"https:\\\/\\\/www.eliterent.com\\\/\",\"logo\":{\"@type\":\"ImageObject\",\"inLanguage\":\"fr-FR\",\"@id\":\"https:\\\/\\\/www.eliterent.com\\\/#\\\/schema\\\/logo\\\/image\\\/\",\"url\":\"https:\\\/\\\/www.eliterent.com\\\/wp-content\\\/uploads\\\/2020\\\/03\\\/Elite_Logo_NEW_2023_Final-1.png\",\"contentUrl\":\"https:\\\/\\\/www.eliterent.com\\\/wp-content\\\/uploads\\\/2020\\\/03\\\/Elite_Logo_NEW_2023_Final-1.png\",\"width\":828,\"height\":313,\"caption\":\"Elite Rent\"},\"image\":{\"@id\":\"https:\\\/\\\/www.eliterent.com\\\/#\\\/schema\\\/logo\\\/image\\\/\"}},{\"@type\":\"Person\",\"@id\":\"https:\\\/\\\/www.eliterent.com\\\/#\\\/schema\\\/person\\\/7afdc7b8834b55a1ed893961ab071a65\",\"name\":\"Anthony Eschler\",\"image\":{\"@type\":\"ImageObject\",\"inLanguage\":\"fr-FR\",\"@id\":\"https:\\\/\\\/secure.gravatar.com\\\/avatar\\\/2a38fa365cdc8cfec3d87e394c80abeab0df6f7e4b52eda611492b6df9196c7f?s=96&d=mm&r=g\",\"url\":\"https:\\\/\\\/secure.gravatar.com\\\/avatar\\\/2a38fa365cdc8cfec3d87e394c80abeab0df6f7e4b52eda611492b6df9196c7f?s=96&d=mm&r=g\",\"contentUrl\":\"https:\\\/\\\/secure.gravatar.com\\\/avatar\\\/2a38fa365cdc8cfec3d87e394c80abeab0df6f7e4b52eda611492b6df9196c7f?s=96&d=mm&r=g\",\"caption\":\"Anthony Eschler\"}}]}<\/script>\n<!-- \/ Yoast SEO plugin. -->","yoast_head_json":{"title":"Louer une Mercedes-Benz \u00e0 Zurich avec Elite Rent","description":"Louer une Mercedes-Benz \u00e0 Zurich avec Elite Rent - Service de livraison sur mesure disponible \u00e0 St Moritz, Gstaad, Bad Ragaz et Burgenstock.","robots":{"index":"index","follow":"follow","max-snippet":"max-snippet:-1","max-image-preview":"max-image-preview:large","max-video-preview":"max-video-preview:-1"},"canonical":"https:\/\/www.eliterent.com\/rent-a-mercedes-benz-in-zurich\/","og_locale":"fr_FR","og_type":"article","og_title":"Louer une Mercedes-Benz \u00e0 Zurich avec Elite Rent","og_description":"Louer une Mercedes-Benz \u00e0 Zurich avec Elite Rent - Service de livraison sur mesure disponible \u00e0 St Moritz, Gstaad, Bad Ragaz et Burgenstock.","og_url":"https:\/\/www.eliterent.com\/rent-a-mercedes-benz-in-zurich\/","og_site_name":"Elite Rent","article_published_time":"2024-04-08T14:15:44+00:00","article_modified_time":"2024-04-08T14:20:29+00:00","og_image":[{"width":512,"height":512,"url":"https:\/\/www.eliterent.com\/wp-content\/uploads\/2021\/06\/CB-mercedes-benz.png","type":"image\/png"}],"author":"Anthony Eschler","twitter_card":"summary_large_image","schema":{"@context":"https:\/\/schema.org","@graph":[{"@type":"Article","@id":"https:\/\/www.eliterent.com\/rent-a-mercedes-benz-in-zurich\/#article","isPartOf":{"@id":"https:\/\/www.eliterent.com\/rent-a-mercedes-benz-in-zurich\/"},"author":{"name":"Anthony Eschler","@id":"https:\/\/www.eliterent.com\/#\/schema\/person\/7afdc7b8834b55a1ed893961ab071a65"},"headline":"Louer une Mercedes-Benz \u00e0 Zurich","datePublished":"2024-04-08T14:15:44+00:00","dateModified":"2024-04-08T14:20:29+00:00","mainEntityOfPage":{"@id":"https:\/\/www.eliterent.com\/rent-a-mercedes-benz-in-zurich\/"},"wordCount":403,"commentCount":0,"publisher":{"@id":"https:\/\/www.eliterent.com\/#organization"},"image":{"@id":"https:\/\/www.eliterent.com\/rent-a-mercedes-benz-in-zurich\/#primaryimage"},"thumbnailUrl":"https:\/\/www.eliterent.com\/wp-content\/uploads\/2021\/06\/CB-mercedes-benz.png","articleSection":["Non classifi\u00e9(e)"],"inLanguage":"fr-FR","potentialAction":[{"@type":"CommentAction","name":"Comment","target":["https:\/\/www.eliterent.com\/rent-a-mercedes-benz-in-zurich\/#respond"]}]},{"@type":"WebPage","@id":"https:\/\/www.eliterent.com\/rent-a-mercedes-benz-in-zurich\/","url":"https:\/\/www.eliterent.com\/rent-a-mercedes-benz-in-zurich\/","name":"Louer une Mercedes-Benz \u00e0 Zurich avec Elite Rent","isPartOf":{"@id":"https:\/\/www.eliterent.com\/#website"},"primaryImageOfPage":{"@id":"https:\/\/www.eliterent.com\/rent-a-mercedes-benz-in-zurich\/#primaryimage"},"image":{"@id":"https:\/\/www.eliterent.com\/rent-a-mercedes-benz-in-zurich\/#primaryimage"},"thumbnailUrl":"https:\/\/www.eliterent.com\/wp-content\/uploads\/2021\/06\/CB-mercedes-benz.png","datePublished":"2024-04-08T14:15:44+00:00","dateModified":"2024-04-08T14:20:29+00:00","description":"Louer une Mercedes-Benz \u00e0 Zurich avec Elite Rent - Service de livraison sur mesure disponible \u00e0 St Moritz, Gstaad, Bad Ragaz et Burgenstock.","breadcrumb":{"@id":"https:\/\/www.eliterent.com\/rent-a-mercedes-benz-in-zurich\/#breadcrumb"},"inLanguage":"fr-FR","potentialAction":[{"@type":"ReadAction","target":["https:\/\/www.eliterent.com\/rent-a-mercedes-benz-in-zurich\/"]}]},{"@type":"ImageObject","inLanguage":"fr-FR","@id":"https:\/\/www.eliterent.com\/rent-a-mercedes-benz-in-zurich\/#primaryimage","url":"https:\/\/www.eliterent.com\/wp-content\/uploads\/2021\/06\/CB-mercedes-benz.png","contentUrl":"https:\/\/www.eliterent.com\/wp-content\/uploads\/2021\/06\/CB-mercedes-benz.png","width":512,"height":512},{"@type":"BreadcrumbList","@id":"https:\/\/www.eliterent.com\/rent-a-mercedes-benz-in-zurich\/#breadcrumb","itemListElement":[{"@type":"ListItem","position":1,"name":"Home","item":"https:\/\/www.eliterent.com\/fr\/"},{"@type":"ListItem","position":2,"name":"Louer une Mercedes-Benz \u00e0 Zurich"}]},{"@type":"WebSite","@id":"https:\/\/www.eliterent.com\/#website","url":"https:\/\/www.eliterent.com\/","name":"Elite Rent","description":"Rent a Car","publisher":{"@id":"https:\/\/www.eliterent.com\/#organization"},"potentialAction":[{"@type":"SearchAction","target":{"@type":"EntryPoint","urlTemplate":"https:\/\/www.eliterent.com\/?s={search_term_string}"},"query-input":{"@type":"PropertyValueSpecification","valueRequired":true,"valueName":"search_term_string"}}],"inLanguage":"fr-FR"},{"@type":"Organization","@id":"https:\/\/www.eliterent.com\/#organization","name":"Elite Rent","url":"https:\/\/www.eliterent.com\/","logo":{"@type":"ImageObject","inLanguage":"fr-FR","@id":"https:\/\/www.eliterent.com\/#\/schema\/logo\/image\/","url":"https:\/\/www.eliterent.com\/wp-content\/uploads\/2020\/03\/Elite_Logo_NEW_2023_Final-1.png","contentUrl":"https:\/\/www.eliterent.com\/wp-content\/uploads\/2020\/03\/Elite_Logo_NEW_2023_Final-1.png","width":828,"height":313,"caption":"Elite Rent"},"image":{"@id":"https:\/\/www.eliterent.com\/#\/schema\/logo\/image\/"}},{"@type":"Person","@id":"https:\/\/www.eliterent.com\/#\/schema\/person\/7afdc7b8834b55a1ed893961ab071a65","name":"Anthony Eschler","image":{"@type":"ImageObject","inLanguage":"fr-FR","@id":"https:\/\/secure.gravatar.com\/avatar\/2a38fa365cdc8cfec3d87e394c80abeab0df6f7e4b52eda611492b6df9196c7f?s=96&d=mm&r=g","url":"https:\/\/secure.gravatar.com\/avatar\/2a38fa365cdc8cfec3d87e394c80abeab0df6f7e4b52eda611492b6df9196c7f?s=96&d=mm&r=g","contentUrl":"https:\/\/secure.gravatar.com\/avatar\/2a38fa365cdc8cfec3d87e394c80abeab0df6f7e4b52eda611492b6df9196c7f?s=96&d=mm&r=g","caption":"Anthony Eschler"}}]}},"_links":{"self":[{"href":"https:\/\/www.eliterent.com\/fr\/wp-json\/wp\/v2\/posts\/73157","targetHints":{"allow":["GET"]}}],"collection":[{"href":"https:\/\/www.eliterent.com\/fr\/wp-json\/wp\/v2\/posts"}],"about":[{"href":"https:\/\/www.eliterent.com\/fr\/wp-json\/wp\/v2\/types\/post"}],"author":[{"embeddable":true,"href":"https:\/\/www.eliterent.com\/fr\/wp-json\/wp\/v2\/users\/6"}],"replies":[{"embeddable":true,"href":"https:\/\/www.eliterent.com\/fr\/wp-json\/wp\/v2\/comments?post=73157"}],"version-history":[{"count":0,"href":"https:\/\/www.eliterent.com\/fr\/wp-json\/wp\/v2\/posts\/73157\/revisions"}],"wp:featuredmedia":[{"embeddable":true,"href":"https:\/\/www.eliterent.com\/fr\/wp-json\/wp\/v2\/media\/27838"}],"wp:attachment":[{"href":"https:\/\/www.eliterent.com\/fr\/wp-json\/wp\/v2\/media?parent=73157"}],"wp:term":[{"taxonomy":"category","embeddable":true,"href":"https:\/\/www.eliterent.com\/fr\/wp-json\/wp\/v2\/categories?post=73157"},{"taxonomy":"post_tag","embeddable":true,"href":"https:\/\/www.eliterent.com\/fr\/wp-json\/wp\/v2\/tags?post=73157"}],"curies":[{"name":"wp","href":"https:\/\/api.w.org\/{rel}","templated":true}]}}