{"id":72988,"date":"2024-03-19T15:16:24","date_gmt":"2024-03-19T14:16:24","guid":{"rendered":"https:\/\/www.eliterent.com\/rent-a-mini-in-geneva\/"},"modified":"2024-06-26T10:53:29","modified_gmt":"2024-06-26T08:53:29","slug":"rent-a-mini-in-geneva","status":"publish","type":"post","link":"https:\/\/www.eliterent.com\/fr\/rent-a-mini-in-geneva\/","title":{"rendered":"Louer une Mini \u00e0 Gen\u00e8ve"},"content":{"rendered":"<h5>Louer une Mini \u00e0 Gen\u00e8ve avec Elite Rent-a-Car<\/h5>\n<p>Avec EliteRent, vous pouvez louer une Mini \u00e0 Gen\u00e8ve. Louez des mod\u00e8les tels que la Cooper, Countryman, JCW, et Cooper convertible. Louez une Mini Petite voiture, Citadine, Crossover, ou Hatchback. Service de livraison et de collecte sur mesure disponible \u00e0 Lausanne, Montreux, Crans-Montana et Verbier.<\/p>\n<h5>Style et plaisir pour votre aventure : location de Minis \u00e0 Gen\u00e8ve<\/h5>\n<p>Embarquez pour une aventure styl\u00e9e et amusante avec nos services de location de Mini \u00e0 Gen\u00e8ve. Situ\u00e9e au milieu des paysages pittoresques de la Suisse, Gen\u00e8ve offre une toile de fond parfaite pour l&rsquo;exploration en Mini. Que vous soyez en visite pour les affaires ou pour le plaisir, notre flotte vari\u00e9e de v\u00e9hicules Mini vous assure de trouver le v\u00e9hicule parfait pour vos besoins de voyage.<\/p>\n<p>Louer une Mini \u00e0 Gen\u00e8ve est un jeu d&rsquo;enfant gr\u00e2ce \u00e0 notre processus de r\u00e9servation sans tracas. Parcourez notre s\u00e9lection de mod\u00e8les m\u00e9ticuleusement entretenus, y compris l&#8217;embl\u00e9matique Mini Cooper, la polyvalente Mini Countryman, ou l&rsquo;\u00e9l\u00e9gante Mini Cabriolet, et s\u00e9lectionnez le v\u00e9hicule id\u00e9al pour votre voyage. Avec leur taille compacte et leur maniabilit\u00e9, les locations de Mini offrent un moyen excitant et efficace d&rsquo;explorer la ville et au-del\u00e0.<\/p>\n<p>D\u00e9couvrez le plaisir de conduire en naviguant dans les charmantes rues de Gen\u00e8ve et en vous aventurant dans la campagne environnante \u00e0 bord de votre Mini de location. Que vous naviguiez le long des rives du lac L\u00e9man ou que vous d\u00e9couvriez des joyaux cach\u00e9s dans des villages suisses pittoresques, les v\u00e9hicules Mini vous promettent un voyage d\u00e9licieux et m\u00e9morable \u00e0 chaque tournant.<\/p>\n<p>Faites-vous remarquer o\u00f9 que vous alliez avec une location de Mini \u00e0 Gen\u00e8ve. Que ce soit pour d\u00e9couvrir les attractions locales, faire des courses ou simplement profiter d&rsquo;un trajet tranquille, arrivez dans le style et le confort avec une Mini de notre flotte exclusive. Notre \u00e9quipe d\u00e9vou\u00e9e s&rsquo;engage \u00e0 fournir un service exceptionnel, en s&rsquo;assurant que votre exp\u00e9rience de location d\u00e9passe toutes les attentes.<\/p>\n<p>\u00c9levez votre aventure avec une location de Mini \u00e0 Gen\u00e8ve. R\u00e9servez votre Mini d\u00e8s aujourd&rsquo;hui et d\u00e9couvrez le m\u00e9lange parfait de style, d&rsquo;agilit\u00e9 et de charme dans l&rsquo;une des destinations les plus enchanteresses d&rsquo;Europe. Faites l&rsquo;exp\u00e9rience de la conduite d&rsquo;une Mini gr\u00e2ce \u00e0 nos services de location haut de gamme \u00e0 Gen\u00e8ve.<\/p>\n","protected":false},"excerpt":{"rendered":"<p>Louer une Mini \u00e0 Gen\u00e8ve avec Elite Rent-a-Car Avec EliteRent, vous pouvez louer une Mini \u00e0 Gen\u00e8ve. Louez des mod\u00e8les tels que la Cooper, Countryman, JCW, et Cooper convertible. Louez une Mini Petite voiture, Citadine, Crossover, ou Hatchback. Service de livraison et de collecte sur mesure disponible \u00e0 Lausanne, Montreux, Crans-Montana et Verbier. Style et [&hellip;]<\/p>\n","protected":false},"author":6,"featured_media":27859,"comment_status":"open","ping_status":"open","sticky":false,"template":"","format":"standard","meta":{"_acf_changed":false,"site-sidebar-layout":"default","site-content-layout":"default","ast-site-content-layout":"","site-content-style":"default","site-sidebar-style":"default","ast-global-header-display":"","ast-banner-title-visibility":"","ast-main-header-display":"","ast-hfb-above-header-display":"","ast-hfb-below-header-display":"","ast-hfb-mobile-header-display":"","site-post-title":"","ast-breadcrumbs-content":"","ast-featured-img":"","footer-sml-layout":"","theme-transparent-header-meta":"default","adv-header-id-meta":"","stick-header-meta":"","header-above-stick-meta":"","header-main-stick-meta":"","header-below-stick-meta":"","astra-migrate-meta-layouts":"default","ast-page-background-enabled":"default","ast-page-background-meta":{"desktop":{"background-color":"","background-image":"","background-repeat":"repeat","background-position":"center center","background-size":"auto","background-attachment":"scroll","background-type":"","background-media":"","overlay-type":"","overlay-color":"","overlay-opacity":"","overlay-gradient":""},"tablet":{"background-color":"","background-image":"","background-repeat":"repeat","background-position":"center center","background-size":"auto","background-attachment":"scroll","background-type":"","background-media":"","overlay-type":"","overlay-color":"","overlay-opacity":"","overlay-gradient":""},"mobile":{"background-color":"","background-image":"","background-repeat":"repeat","background-position":"center center","background-size":"auto","background-attachment":"scroll","background-type":"","background-media":"","overlay-type":"","overlay-color":"","overlay-opacity":"","overlay-gradient":""}},"ast-content-background-meta":{"desktop":{"background-color":"var(--ast-global-color-5)","background-image":"","background-repeat":"repeat","background-position":"center center","background-size":"auto","background-attachment":"scroll","background-type":"","background-media":"","overlay-type":"","overlay-color":"","overlay-opacity":"","overlay-gradient":""},"tablet":{"background-color":"var(--ast-global-color-5)","background-image":"","background-repeat":"repeat","background-position":"center center","background-size":"auto","background-attachment":"scroll","background-type":"","background-media":"","overlay-type":"","overlay-color":"","overlay-opacity":"","overlay-gradient":""},"mobile":{"background-color":"var(--ast-global-color-5)","background-image":"","background-repeat":"repeat","background-position":"center center","background-size":"auto","background-attachment":"scroll","background-type":"","background-media":"","overlay-type":"","overlay-color":"","overlay-opacity":"","overlay-gradient":""}},"footnotes":""},"categories":[820],"tags":[],"class_list":["post-72988","post","type-post","status-publish","format-standard","has-post-thumbnail","hentry","category-non-classifiee"],"acf":[],"yoast_head":"<!-- This site is optimized with the Yoast SEO plugin v27.4 - https:\/\/yoast.com\/product\/yoast-seo-wordpress\/ -->\n<title>Louer une Mini \u00e0 Gen\u00e8ve avec Elite Rent<\/title>\n<meta name=\"description\" content=\"Louer une Mini \u00e0 Gen\u00e8ve avec Elite Rent - Louez la Cooper, Countryman, JCW, et cabriolet. Louez une petite voiture, citadine ou crossover.\" \/>\n<meta name=\"robots\" content=\"index, follow, max-snippet:-1, max-image-preview:large, max-video-preview:-1\" \/>\n<link rel=\"canonical\" href=\"https:\/\/www.eliterent.com\/fr\/rent-a-mini-in-geneva\/\" \/>\n<meta property=\"og:locale\" content=\"fr_FR\" \/>\n<meta property=\"og:type\" content=\"article\" \/>\n<meta property=\"og:title\" content=\"Louer une Mini \u00e0 Gen\u00e8ve avec Elite Rent\" \/>\n<meta property=\"og:description\" content=\"Louer une Mini \u00e0 Gen\u00e8ve avec Elite Rent - Louez la Cooper, Countryman, JCW, et cabriolet. Louez une petite voiture, citadine ou crossover.\" \/>\n<meta property=\"og:url\" content=\"https:\/\/www.eliterent.com\/fr\/rent-a-mini-in-geneva\/\" \/>\n<meta property=\"og:site_name\" content=\"Elite Rent\" \/>\n<meta property=\"article:published_time\" content=\"2024-03-19T14:16:24+00:00\" \/>\n<meta property=\"article:modified_time\" content=\"2024-06-26T08:53:29+00:00\" \/>\n<meta property=\"og:image\" content=\"https:\/\/www.eliterent.com\/wp-content\/uploads\/2021\/06\/CB-mini.png\" \/>\n\t<meta property=\"og:image:width\" content=\"512\" \/>\n\t<meta property=\"og:image:height\" content=\"512\" \/>\n\t<meta property=\"og:image:type\" content=\"image\/png\" \/>\n<meta name=\"author\" content=\"Anthony Eschler\" \/>\n<meta name=\"twitter:card\" content=\"summary_large_image\" \/>\n<script type=\"application\/ld+json\" class=\"yoast-schema-graph\">{\"@context\":\"https:\\\/\\\/schema.org\",\"@graph\":[{\"@type\":\"Article\",\"@id\":\"https:\\\/\\\/www.eliterent.com\\\/fr\\\/rent-a-mini-in-geneva\\\/#article\",\"isPartOf\":{\"@id\":\"https:\\\/\\\/www.eliterent.com\\\/fr\\\/rent-a-mini-in-geneva\\\/\"},\"author\":{\"name\":\"Anthony Eschler\",\"@id\":\"https:\\\/\\\/www.eliterent.com\\\/#\\\/schema\\\/person\\\/7afdc7b8834b55a1ed893961ab071a65\"},\"headline\":\"Louer une Mini \u00e0 Gen\u00e8ve\",\"datePublished\":\"2024-03-19T14:16:24+00:00\",\"dateModified\":\"2024-06-26T08:53:29+00:00\",\"mainEntityOfPage\":{\"@id\":\"https:\\\/\\\/www.eliterent.com\\\/fr\\\/rent-a-mini-in-geneva\\\/\"},\"wordCount\":425,\"commentCount\":0,\"publisher\":{\"@id\":\"https:\\\/\\\/www.eliterent.com\\\/#organization\"},\"image\":{\"@id\":\"https:\\\/\\\/www.eliterent.com\\\/fr\\\/rent-a-mini-in-geneva\\\/#primaryimage\"},\"thumbnailUrl\":\"https:\\\/\\\/www.eliterent.com\\\/wp-content\\\/uploads\\\/2021\\\/06\\\/CB-mini.png\",\"articleSection\":[\"Non classifi\u00e9(e)\"],\"inLanguage\":\"fr-FR\",\"potentialAction\":[{\"@type\":\"CommentAction\",\"name\":\"Comment\",\"target\":[\"https:\\\/\\\/www.eliterent.com\\\/fr\\\/rent-a-mini-in-geneva\\\/#respond\"]}]},{\"@type\":\"WebPage\",\"@id\":\"https:\\\/\\\/www.eliterent.com\\\/fr\\\/rent-a-mini-in-geneva\\\/\",\"url\":\"https:\\\/\\\/www.eliterent.com\\\/fr\\\/rent-a-mini-in-geneva\\\/\",\"name\":\"Louer une Mini \u00e0 Gen\u00e8ve avec Elite Rent\",\"isPartOf\":{\"@id\":\"https:\\\/\\\/www.eliterent.com\\\/#website\"},\"primaryImageOfPage\":{\"@id\":\"https:\\\/\\\/www.eliterent.com\\\/fr\\\/rent-a-mini-in-geneva\\\/#primaryimage\"},\"image\":{\"@id\":\"https:\\\/\\\/www.eliterent.com\\\/fr\\\/rent-a-mini-in-geneva\\\/#primaryimage\"},\"thumbnailUrl\":\"https:\\\/\\\/www.eliterent.com\\\/wp-content\\\/uploads\\\/2021\\\/06\\\/CB-mini.png\",\"datePublished\":\"2024-03-19T14:16:24+00:00\",\"dateModified\":\"2024-06-26T08:53:29+00:00\",\"description\":\"Louer une Mini \u00e0 Gen\u00e8ve avec Elite Rent - Louez la Cooper, Countryman, JCW, et cabriolet. Louez une petite voiture, citadine ou crossover.\",\"breadcrumb\":{\"@id\":\"https:\\\/\\\/www.eliterent.com\\\/fr\\\/rent-a-mini-in-geneva\\\/#breadcrumb\"},\"inLanguage\":\"fr-FR\",\"potentialAction\":[{\"@type\":\"ReadAction\",\"target\":[\"https:\\\/\\\/www.eliterent.com\\\/fr\\\/rent-a-mini-in-geneva\\\/\"]}]},{\"@type\":\"ImageObject\",\"inLanguage\":\"fr-FR\",\"@id\":\"https:\\\/\\\/www.eliterent.com\\\/fr\\\/rent-a-mini-in-geneva\\\/#primaryimage\",\"url\":\"https:\\\/\\\/www.eliterent.com\\\/wp-content\\\/uploads\\\/2021\\\/06\\\/CB-mini.png\",\"contentUrl\":\"https:\\\/\\\/www.eliterent.com\\\/wp-content\\\/uploads\\\/2021\\\/06\\\/CB-mini.png\",\"width\":512,\"height\":512},{\"@type\":\"BreadcrumbList\",\"@id\":\"https:\\\/\\\/www.eliterent.com\\\/fr\\\/rent-a-mini-in-geneva\\\/#breadcrumb\",\"itemListElement\":[{\"@type\":\"ListItem\",\"position\":1,\"name\":\"Home\",\"item\":\"https:\\\/\\\/www.eliterent.com\\\/fr\\\/\"},{\"@type\":\"ListItem\",\"position\":2,\"name\":\"Louer une Mini \u00e0 Gen\u00e8ve\"}]},{\"@type\":\"WebSite\",\"@id\":\"https:\\\/\\\/www.eliterent.com\\\/#website\",\"url\":\"https:\\\/\\\/www.eliterent.com\\\/\",\"name\":\"Elite Rent\",\"description\":\"Rent a Car\",\"publisher\":{\"@id\":\"https:\\\/\\\/www.eliterent.com\\\/#organization\"},\"potentialAction\":[{\"@type\":\"SearchAction\",\"target\":{\"@type\":\"EntryPoint\",\"urlTemplate\":\"https:\\\/\\\/www.eliterent.com\\\/?s={search_term_string}\"},\"query-input\":{\"@type\":\"PropertyValueSpecification\",\"valueRequired\":true,\"valueName\":\"search_term_string\"}}],\"inLanguage\":\"fr-FR\"},{\"@type\":\"Organization\",\"@id\":\"https:\\\/\\\/www.eliterent.com\\\/#organization\",\"name\":\"Elite Rent\",\"url\":\"https:\\\/\\\/www.eliterent.com\\\/\",\"logo\":{\"@type\":\"ImageObject\",\"inLanguage\":\"fr-FR\",\"@id\":\"https:\\\/\\\/www.eliterent.com\\\/#\\\/schema\\\/logo\\\/image\\\/\",\"url\":\"https:\\\/\\\/www.eliterent.com\\\/wp-content\\\/uploads\\\/2020\\\/03\\\/Elite_Logo_NEW_2023_Final-1.png\",\"contentUrl\":\"https:\\\/\\\/www.eliterent.com\\\/wp-content\\\/uploads\\\/2020\\\/03\\\/Elite_Logo_NEW_2023_Final-1.png\",\"width\":828,\"height\":313,\"caption\":\"Elite Rent\"},\"image\":{\"@id\":\"https:\\\/\\\/www.eliterent.com\\\/#\\\/schema\\\/logo\\\/image\\\/\"}},{\"@type\":\"Person\",\"@id\":\"https:\\\/\\\/www.eliterent.com\\\/#\\\/schema\\\/person\\\/7afdc7b8834b55a1ed893961ab071a65\",\"name\":\"Anthony Eschler\",\"image\":{\"@type\":\"ImageObject\",\"inLanguage\":\"fr-FR\",\"@id\":\"https:\\\/\\\/secure.gravatar.com\\\/avatar\\\/2a38fa365cdc8cfec3d87e394c80abeab0df6f7e4b52eda611492b6df9196c7f?s=96&d=mm&r=g\",\"url\":\"https:\\\/\\\/secure.gravatar.com\\\/avatar\\\/2a38fa365cdc8cfec3d87e394c80abeab0df6f7e4b52eda611492b6df9196c7f?s=96&d=mm&r=g\",\"contentUrl\":\"https:\\\/\\\/secure.gravatar.com\\\/avatar\\\/2a38fa365cdc8cfec3d87e394c80abeab0df6f7e4b52eda611492b6df9196c7f?s=96&d=mm&r=g\",\"caption\":\"Anthony Eschler\"}}]}<\/script>\n<!-- \/ Yoast SEO plugin. -->","yoast_head_json":{"title":"Louer une Mini \u00e0 Gen\u00e8ve avec Elite Rent","description":"Louer une Mini \u00e0 Gen\u00e8ve avec Elite Rent - Louez la Cooper, Countryman, JCW, et cabriolet. Louez une petite voiture, citadine ou crossover.","robots":{"index":"index","follow":"follow","max-snippet":"max-snippet:-1","max-image-preview":"max-image-preview:large","max-video-preview":"max-video-preview:-1"},"canonical":"https:\/\/www.eliterent.com\/fr\/rent-a-mini-in-geneva\/","og_locale":"fr_FR","og_type":"article","og_title":"Louer une Mini \u00e0 Gen\u00e8ve avec Elite Rent","og_description":"Louer une Mini \u00e0 Gen\u00e8ve avec Elite Rent - Louez la Cooper, Countryman, JCW, et cabriolet. Louez une petite voiture, citadine ou crossover.","og_url":"https:\/\/www.eliterent.com\/fr\/rent-a-mini-in-geneva\/","og_site_name":"Elite Rent","article_published_time":"2024-03-19T14:16:24+00:00","article_modified_time":"2024-06-26T08:53:29+00:00","og_image":[{"width":512,"height":512,"url":"https:\/\/www.eliterent.com\/wp-content\/uploads\/2021\/06\/CB-mini.png","type":"image\/png"}],"author":"Anthony Eschler","twitter_card":"summary_large_image","schema":{"@context":"https:\/\/schema.org","@graph":[{"@type":"Article","@id":"https:\/\/www.eliterent.com\/fr\/rent-a-mini-in-geneva\/#article","isPartOf":{"@id":"https:\/\/www.eliterent.com\/fr\/rent-a-mini-in-geneva\/"},"author":{"name":"Anthony Eschler","@id":"https:\/\/www.eliterent.com\/#\/schema\/person\/7afdc7b8834b55a1ed893961ab071a65"},"headline":"Louer une Mini \u00e0 Gen\u00e8ve","datePublished":"2024-03-19T14:16:24+00:00","dateModified":"2024-06-26T08:53:29+00:00","mainEntityOfPage":{"@id":"https:\/\/www.eliterent.com\/fr\/rent-a-mini-in-geneva\/"},"wordCount":425,"commentCount":0,"publisher":{"@id":"https:\/\/www.eliterent.com\/#organization"},"image":{"@id":"https:\/\/www.eliterent.com\/fr\/rent-a-mini-in-geneva\/#primaryimage"},"thumbnailUrl":"https:\/\/www.eliterent.com\/wp-content\/uploads\/2021\/06\/CB-mini.png","articleSection":["Non classifi\u00e9(e)"],"inLanguage":"fr-FR","potentialAction":[{"@type":"CommentAction","name":"Comment","target":["https:\/\/www.eliterent.com\/fr\/rent-a-mini-in-geneva\/#respond"]}]},{"@type":"WebPage","@id":"https:\/\/www.eliterent.com\/fr\/rent-a-mini-in-geneva\/","url":"https:\/\/www.eliterent.com\/fr\/rent-a-mini-in-geneva\/","name":"Louer une Mini \u00e0 Gen\u00e8ve avec Elite Rent","isPartOf":{"@id":"https:\/\/www.eliterent.com\/#website"},"primaryImageOfPage":{"@id":"https:\/\/www.eliterent.com\/fr\/rent-a-mini-in-geneva\/#primaryimage"},"image":{"@id":"https:\/\/www.eliterent.com\/fr\/rent-a-mini-in-geneva\/#primaryimage"},"thumbnailUrl":"https:\/\/www.eliterent.com\/wp-content\/uploads\/2021\/06\/CB-mini.png","datePublished":"2024-03-19T14:16:24+00:00","dateModified":"2024-06-26T08:53:29+00:00","description":"Louer une Mini \u00e0 Gen\u00e8ve avec Elite Rent - Louez la Cooper, Countryman, JCW, et cabriolet. Louez une petite voiture, citadine ou crossover.","breadcrumb":{"@id":"https:\/\/www.eliterent.com\/fr\/rent-a-mini-in-geneva\/#breadcrumb"},"inLanguage":"fr-FR","potentialAction":[{"@type":"ReadAction","target":["https:\/\/www.eliterent.com\/fr\/rent-a-mini-in-geneva\/"]}]},{"@type":"ImageObject","inLanguage":"fr-FR","@id":"https:\/\/www.eliterent.com\/fr\/rent-a-mini-in-geneva\/#primaryimage","url":"https:\/\/www.eliterent.com\/wp-content\/uploads\/2021\/06\/CB-mini.png","contentUrl":"https:\/\/www.eliterent.com\/wp-content\/uploads\/2021\/06\/CB-mini.png","width":512,"height":512},{"@type":"BreadcrumbList","@id":"https:\/\/www.eliterent.com\/fr\/rent-a-mini-in-geneva\/#breadcrumb","itemListElement":[{"@type":"ListItem","position":1,"name":"Home","item":"https:\/\/www.eliterent.com\/fr\/"},{"@type":"ListItem","position":2,"name":"Louer une Mini \u00e0 Gen\u00e8ve"}]},{"@type":"WebSite","@id":"https:\/\/www.eliterent.com\/#website","url":"https:\/\/www.eliterent.com\/","name":"Elite Rent","description":"Rent a Car","publisher":{"@id":"https:\/\/www.eliterent.com\/#organization"},"potentialAction":[{"@type":"SearchAction","target":{"@type":"EntryPoint","urlTemplate":"https:\/\/www.eliterent.com\/?s={search_term_string}"},"query-input":{"@type":"PropertyValueSpecification","valueRequired":true,"valueName":"search_term_string"}}],"inLanguage":"fr-FR"},{"@type":"Organization","@id":"https:\/\/www.eliterent.com\/#organization","name":"Elite Rent","url":"https:\/\/www.eliterent.com\/","logo":{"@type":"ImageObject","inLanguage":"fr-FR","@id":"https:\/\/www.eliterent.com\/#\/schema\/logo\/image\/","url":"https:\/\/www.eliterent.com\/wp-content\/uploads\/2020\/03\/Elite_Logo_NEW_2023_Final-1.png","contentUrl":"https:\/\/www.eliterent.com\/wp-content\/uploads\/2020\/03\/Elite_Logo_NEW_2023_Final-1.png","width":828,"height":313,"caption":"Elite Rent"},"image":{"@id":"https:\/\/www.eliterent.com\/#\/schema\/logo\/image\/"}},{"@type":"Person","@id":"https:\/\/www.eliterent.com\/#\/schema\/person\/7afdc7b8834b55a1ed893961ab071a65","name":"Anthony Eschler","image":{"@type":"ImageObject","inLanguage":"fr-FR","@id":"https:\/\/secure.gravatar.com\/avatar\/2a38fa365cdc8cfec3d87e394c80abeab0df6f7e4b52eda611492b6df9196c7f?s=96&d=mm&r=g","url":"https:\/\/secure.gravatar.com\/avatar\/2a38fa365cdc8cfec3d87e394c80abeab0df6f7e4b52eda611492b6df9196c7f?s=96&d=mm&r=g","contentUrl":"https:\/\/secure.gravatar.com\/avatar\/2a38fa365cdc8cfec3d87e394c80abeab0df6f7e4b52eda611492b6df9196c7f?s=96&d=mm&r=g","caption":"Anthony Eschler"}}]}},"_links":{"self":[{"href":"https:\/\/www.eliterent.com\/fr\/wp-json\/wp\/v2\/posts\/72988","targetHints":{"allow":["GET"]}}],"collection":[{"href":"https:\/\/www.eliterent.com\/fr\/wp-json\/wp\/v2\/posts"}],"about":[{"href":"https:\/\/www.eliterent.com\/fr\/wp-json\/wp\/v2\/types\/post"}],"author":[{"embeddable":true,"href":"https:\/\/www.eliterent.com\/fr\/wp-json\/wp\/v2\/users\/6"}],"replies":[{"embeddable":true,"href":"https:\/\/www.eliterent.com\/fr\/wp-json\/wp\/v2\/comments?post=72988"}],"version-history":[{"count":0,"href":"https:\/\/www.eliterent.com\/fr\/wp-json\/wp\/v2\/posts\/72988\/revisions"}],"wp:featuredmedia":[{"embeddable":true,"href":"https:\/\/www.eliterent.com\/fr\/wp-json\/wp\/v2\/media\/27859"}],"wp:attachment":[{"href":"https:\/\/www.eliterent.com\/fr\/wp-json\/wp\/v2\/media?parent=72988"}],"wp:term":[{"taxonomy":"category","embeddable":true,"href":"https:\/\/www.eliterent.com\/fr\/wp-json\/wp\/v2\/categories?post=72988"},{"taxonomy":"post_tag","embeddable":true,"href":"https:\/\/www.eliterent.com\/fr\/wp-json\/wp\/v2\/tags?post=72988"}],"curies":[{"name":"wp","href":"https:\/\/api.w.org\/{rel}","templated":true}]}}