{"id":72976,"date":"2024-03-19T10:09:35","date_gmt":"2024-03-19T09:09:35","guid":{"rendered":"https:\/\/www.eliterent.com\/rent-a-mercedes-benz-in-geneva\/"},"modified":"2024-03-19T10:24:59","modified_gmt":"2024-03-19T09:24:59","slug":"louer-une-mercedes-benz-a-geneve","status":"publish","type":"post","link":"https:\/\/www.eliterent.com\/fr\/louer-une-mercedes-benz-a-geneve\/","title":{"rendered":"Louer une Mercedes-Benz \u00e0 Gen\u00e8ve"},"content":{"rendered":"<h5>Louer une Mercedes-Benz \u00e0 Gen\u00e8ve avec Elite Rent-a-Car<\/h5>\n<p>Louez une Mercedes-Benz \u00e0 Gen\u00e8ve avec Elite Rent. Louez des mod\u00e8les tels que la G 63 AMG, la Classe S, la SL 63 AMG, et la E 53 AMG Cabriolet. Louez une Mercedes-Benz SUV, berline, voiture de sport ou cabriolet. Service de livraison et de collecte sur mesure disponible \u00e0 Lausanne, Montreux, Crans-Montana et Verbier.<\/p>\n<h5>Sophistication et luxe, louer des voitures Mercedes-Benz \u00e0 Gen\u00e8ve<\/h5>\n<p>D\u00e9couvrez le summum du luxe et de la sophistication avec nos services de location de Mercedes-Benz \u00e0 Gen\u00e8ve. Avec la Suisse en toile de fond, Gen\u00e8ve est le terrain de jeu id\u00e9al pour s&rsquo;offrir l&rsquo;opulence d&rsquo;une Mercedes-Benz. Que vous soyez en visite pour les affaires ou pour le plaisir, notre vaste flotte de v\u00e9hicules Mercedes-Benz vous garantit de trouver le v\u00e9hicule qui correspondra parfaitement \u00e0 vos go\u00fbts et \u00e0 vos besoins de voyage.<\/p>\n<p>Louer une Mercedes-Benz \u00e0 Gen\u00e8ve est un processus transparent et sans effort gr\u00e2ce \u00e0 notre plateforme de r\u00e9servation intuitive. Parcourez notre s\u00e9lection vari\u00e9e de mod\u00e8les m\u00e9ticuleusement entretenus, y compris l&#8217;embl\u00e9matique Mercedes-Benz Classe E, le spacieux SUV GLC ou la luxueuse berline Classe S, et s\u00e9lectionnez le v\u00e9hicule id\u00e9al pour votre voyage. Que vous recherchiez des performances sup\u00e9rieures, une technologie avanc\u00e9e ou un confort in\u00e9gal\u00e9, nos locations Mercedes-Benz sont \u00e0 la hauteur.<\/p>\n<p>Explorez Gen\u00e8ve et ses environs enchanteurs dans un style et une \u00e9l\u00e9gance in\u00e9gal\u00e9s, en vous promenant dans les rues de la ville ou en empruntant une route panoramique \u00e0 travers la campagne suisse. Avec leur m\u00e9lange in\u00e9gal\u00e9 de raffinement et de performance, les v\u00e9hicules Mercedes-Benz vous garantissent une exp\u00e9rience de conduite inoubliable.<\/p>\n<p>Faites-vous remarquer o\u00f9 que vous alliez avec une location de Mercedes-Benz \u00e0 Gen\u00e8ve. Que vous assistiez \u00e0 un \u00e9v\u00e9nement important, que vous d\u00e9couvriez les attractions culturelles de la ville ou que vous partiez en excursion, arrivez avec style et sophistication avec une Mercedes-Benz de notre flotte exclusive. Notre \u00e9quipe d\u00e9vou\u00e9e s&rsquo;engage \u00e0 vous fournir un service personnalis\u00e9 et \u00e0 s&rsquo;assurer que votre exp\u00e9rience de location d\u00e9passe toutes vos attentes.<\/p>\n<p>\u00c9levez votre voyage avec une location de Mercedes-Benz \u00e0 Gen\u00e8ve. R\u00e9servez votre Mercedes-Benz d\u00e8s aujourd&rsquo;hui et laissez-vous s\u00e9duire par le luxe, le confort et le prestige de l&rsquo;une des marques automobiles les plus renomm\u00e9es au monde. D\u00e9couvrez la quintessence de l&rsquo;excellence automobile avec nos services de location de Mercedes-Benz \u00e0 Gen\u00e8ve.<\/p>\n","protected":false},"excerpt":{"rendered":"<p>Louer une Mercedes-Benz \u00e0 Gen\u00e8ve avec Elite Rent-a-Car Louez une Mercedes-Benz \u00e0 Gen\u00e8ve avec Elite Rent. Louez des mod\u00e8les tels que la G 63 AMG, la Classe S, la SL 63 AMG, et la E 53 AMG Cabriolet. Louez une Mercedes-Benz SUV, berline, voiture de sport ou cabriolet. Service de livraison et de collecte sur [&hellip;]<\/p>\n","protected":false},"author":6,"featured_media":27838,"comment_status":"open","ping_status":"open","sticky":false,"template":"","format":"standard","meta":{"_acf_changed":false,"site-sidebar-layout":"default","site-content-layout":"default","ast-site-content-layout":"","site-content-style":"default","site-sidebar-style":"default","ast-global-header-display":"","ast-banner-title-visibility":"","ast-main-header-display":"","ast-hfb-above-header-display":"","ast-hfb-below-header-display":"","ast-hfb-mobile-header-display":"","site-post-title":"","ast-breadcrumbs-content":"","ast-featured-img":"","footer-sml-layout":"","theme-transparent-header-meta":"default","adv-header-id-meta":"","stick-header-meta":"","header-above-stick-meta":"","header-main-stick-meta":"","header-below-stick-meta":"","astra-migrate-meta-layouts":"default","ast-page-background-enabled":"default","ast-page-background-meta":{"desktop":{"background-color":"","background-image":"","background-repeat":"repeat","background-position":"center center","background-size":"auto","background-attachment":"scroll","background-type":"","background-media":"","overlay-type":"","overlay-color":"","overlay-opacity":"","overlay-gradient":""},"tablet":{"background-color":"","background-image":"","background-repeat":"repeat","background-position":"center center","background-size":"auto","background-attachment":"scroll","background-type":"","background-media":"","overlay-type":"","overlay-color":"","overlay-opacity":"","overlay-gradient":""},"mobile":{"background-color":"","background-image":"","background-repeat":"repeat","background-position":"center center","background-size":"auto","background-attachment":"scroll","background-type":"","background-media":"","overlay-type":"","overlay-color":"","overlay-opacity":"","overlay-gradient":""}},"ast-content-background-meta":{"desktop":{"background-color":"var(--ast-global-color-5)","background-image":"","background-repeat":"repeat","background-position":"center center","background-size":"auto","background-attachment":"scroll","background-type":"","background-media":"","overlay-type":"","overlay-color":"","overlay-opacity":"","overlay-gradient":""},"tablet":{"background-color":"var(--ast-global-color-5)","background-image":"","background-repeat":"repeat","background-position":"center center","background-size":"auto","background-attachment":"scroll","background-type":"","background-media":"","overlay-type":"","overlay-color":"","overlay-opacity":"","overlay-gradient":""},"mobile":{"background-color":"var(--ast-global-color-5)","background-image":"","background-repeat":"repeat","background-position":"center center","background-size":"auto","background-attachment":"scroll","background-type":"","background-media":"","overlay-type":"","overlay-color":"","overlay-opacity":"","overlay-gradient":""}},"footnotes":""},"categories":[820],"tags":[],"class_list":["post-72976","post","type-post","status-publish","format-standard","has-post-thumbnail","hentry","category-non-classifiee"],"acf":[],"yoast_head":"<!-- This site is optimized with the Yoast SEO plugin v27.4 - https:\/\/yoast.com\/product\/yoast-seo-wordpress\/ -->\n<title>Louer une Mercedes-Benz \u00e0 Gen\u00e8ve avec Elite Rent<\/title>\n<meta name=\"description\" content=\"Louer une Mercedes-Benz \u00e0 Gen\u00e8ve avec Elite Rent Louez le G63 AMG, la Classe S, la SL63, et la E53. Louez un SUV, une berline, sportive ou cabriolet Mercedes.\" \/>\n<meta name=\"robots\" content=\"index, follow, max-snippet:-1, max-image-preview:large, max-video-preview:-1\" \/>\n<link rel=\"canonical\" href=\"https:\/\/www.eliterent.com\/fr\/louer-une-mercedes-benz-a-geneve\/\" \/>\n<meta property=\"og:locale\" content=\"fr_FR\" \/>\n<meta property=\"og:type\" content=\"article\" \/>\n<meta property=\"og:title\" content=\"Louer une Mercedes-Benz \u00e0 Gen\u00e8ve avec Elite Rent\" \/>\n<meta property=\"og:description\" content=\"Louer une Mercedes-Benz \u00e0 Gen\u00e8ve avec Elite Rent Louez le G63 AMG, la Classe S, la SL63, et la E53. Louez un SUV, une berline, sportive ou cabriolet Mercedes.\" \/>\n<meta property=\"og:url\" content=\"https:\/\/www.eliterent.com\/fr\/louer-une-mercedes-benz-a-geneve\/\" \/>\n<meta property=\"og:site_name\" content=\"Elite Rent\" \/>\n<meta property=\"article:published_time\" content=\"2024-03-19T09:09:35+00:00\" \/>\n<meta property=\"article:modified_time\" content=\"2024-03-19T09:24:59+00:00\" \/>\n<meta property=\"og:image\" content=\"https:\/\/www.eliterent.com\/wp-content\/uploads\/2021\/06\/CB-mercedes-benz.png\" \/>\n\t<meta property=\"og:image:width\" content=\"512\" \/>\n\t<meta property=\"og:image:height\" content=\"512\" \/>\n\t<meta property=\"og:image:type\" content=\"image\/png\" \/>\n<meta name=\"author\" content=\"Anthony Eschler\" \/>\n<meta name=\"twitter:card\" content=\"summary_large_image\" \/>\n<script type=\"application\/ld+json\" class=\"yoast-schema-graph\">{\"@context\":\"https:\\\/\\\/schema.org\",\"@graph\":[{\"@type\":\"Article\",\"@id\":\"https:\\\/\\\/www.eliterent.com\\\/fr\\\/louer-une-mercedes-benz-a-geneve\\\/#article\",\"isPartOf\":{\"@id\":\"https:\\\/\\\/www.eliterent.com\\\/fr\\\/louer-une-mercedes-benz-a-geneve\\\/\"},\"author\":{\"name\":\"Anthony Eschler\",\"@id\":\"https:\\\/\\\/www.eliterent.com\\\/#\\\/schema\\\/person\\\/7afdc7b8834b55a1ed893961ab071a65\"},\"headline\":\"Louer une Mercedes-Benz \u00e0 Gen\u00e8ve\",\"datePublished\":\"2024-03-19T09:09:35+00:00\",\"dateModified\":\"2024-03-19T09:24:59+00:00\",\"mainEntityOfPage\":{\"@id\":\"https:\\\/\\\/www.eliterent.com\\\/fr\\\/louer-une-mercedes-benz-a-geneve\\\/\"},\"wordCount\":429,\"commentCount\":0,\"publisher\":{\"@id\":\"https:\\\/\\\/www.eliterent.com\\\/#organization\"},\"image\":{\"@id\":\"https:\\\/\\\/www.eliterent.com\\\/fr\\\/louer-une-mercedes-benz-a-geneve\\\/#primaryimage\"},\"thumbnailUrl\":\"https:\\\/\\\/www.eliterent.com\\\/wp-content\\\/uploads\\\/2021\\\/06\\\/CB-mercedes-benz.png\",\"articleSection\":[\"Non classifi\u00e9(e)\"],\"inLanguage\":\"fr-FR\",\"potentialAction\":[{\"@type\":\"CommentAction\",\"name\":\"Comment\",\"target\":[\"https:\\\/\\\/www.eliterent.com\\\/fr\\\/louer-une-mercedes-benz-a-geneve\\\/#respond\"]}]},{\"@type\":\"WebPage\",\"@id\":\"https:\\\/\\\/www.eliterent.com\\\/fr\\\/louer-une-mercedes-benz-a-geneve\\\/\",\"url\":\"https:\\\/\\\/www.eliterent.com\\\/fr\\\/louer-une-mercedes-benz-a-geneve\\\/\",\"name\":\"Louer une Mercedes-Benz \u00e0 Gen\u00e8ve avec Elite Rent\",\"isPartOf\":{\"@id\":\"https:\\\/\\\/www.eliterent.com\\\/#website\"},\"primaryImageOfPage\":{\"@id\":\"https:\\\/\\\/www.eliterent.com\\\/fr\\\/louer-une-mercedes-benz-a-geneve\\\/#primaryimage\"},\"image\":{\"@id\":\"https:\\\/\\\/www.eliterent.com\\\/fr\\\/louer-une-mercedes-benz-a-geneve\\\/#primaryimage\"},\"thumbnailUrl\":\"https:\\\/\\\/www.eliterent.com\\\/wp-content\\\/uploads\\\/2021\\\/06\\\/CB-mercedes-benz.png\",\"datePublished\":\"2024-03-19T09:09:35+00:00\",\"dateModified\":\"2024-03-19T09:24:59+00:00\",\"description\":\"Louer une Mercedes-Benz \u00e0 Gen\u00e8ve avec Elite Rent Louez le G63 AMG, la Classe S, la SL63, et la E53. Louez un SUV, une berline, sportive ou cabriolet Mercedes.\",\"breadcrumb\":{\"@id\":\"https:\\\/\\\/www.eliterent.com\\\/fr\\\/louer-une-mercedes-benz-a-geneve\\\/#breadcrumb\"},\"inLanguage\":\"fr-FR\",\"potentialAction\":[{\"@type\":\"ReadAction\",\"target\":[\"https:\\\/\\\/www.eliterent.com\\\/fr\\\/louer-une-mercedes-benz-a-geneve\\\/\"]}]},{\"@type\":\"ImageObject\",\"inLanguage\":\"fr-FR\",\"@id\":\"https:\\\/\\\/www.eliterent.com\\\/fr\\\/louer-une-mercedes-benz-a-geneve\\\/#primaryimage\",\"url\":\"https:\\\/\\\/www.eliterent.com\\\/wp-content\\\/uploads\\\/2021\\\/06\\\/CB-mercedes-benz.png\",\"contentUrl\":\"https:\\\/\\\/www.eliterent.com\\\/wp-content\\\/uploads\\\/2021\\\/06\\\/CB-mercedes-benz.png\",\"width\":512,\"height\":512},{\"@type\":\"BreadcrumbList\",\"@id\":\"https:\\\/\\\/www.eliterent.com\\\/fr\\\/louer-une-mercedes-benz-a-geneve\\\/#breadcrumb\",\"itemListElement\":[{\"@type\":\"ListItem\",\"position\":1,\"name\":\"Home\",\"item\":\"https:\\\/\\\/www.eliterent.com\\\/fr\\\/\"},{\"@type\":\"ListItem\",\"position\":2,\"name\":\"Louer une Mercedes-Benz \u00e0 Gen\u00e8ve\"}]},{\"@type\":\"WebSite\",\"@id\":\"https:\\\/\\\/www.eliterent.com\\\/#website\",\"url\":\"https:\\\/\\\/www.eliterent.com\\\/\",\"name\":\"Elite Rent\",\"description\":\"Rent a Car\",\"publisher\":{\"@id\":\"https:\\\/\\\/www.eliterent.com\\\/#organization\"},\"potentialAction\":[{\"@type\":\"SearchAction\",\"target\":{\"@type\":\"EntryPoint\",\"urlTemplate\":\"https:\\\/\\\/www.eliterent.com\\\/?s={search_term_string}\"},\"query-input\":{\"@type\":\"PropertyValueSpecification\",\"valueRequired\":true,\"valueName\":\"search_term_string\"}}],\"inLanguage\":\"fr-FR\"},{\"@type\":\"Organization\",\"@id\":\"https:\\\/\\\/www.eliterent.com\\\/#organization\",\"name\":\"Elite Rent\",\"url\":\"https:\\\/\\\/www.eliterent.com\\\/\",\"logo\":{\"@type\":\"ImageObject\",\"inLanguage\":\"fr-FR\",\"@id\":\"https:\\\/\\\/www.eliterent.com\\\/#\\\/schema\\\/logo\\\/image\\\/\",\"url\":\"https:\\\/\\\/www.eliterent.com\\\/wp-content\\\/uploads\\\/2020\\\/03\\\/Elite_Logo_NEW_2023_Final-1.png\",\"contentUrl\":\"https:\\\/\\\/www.eliterent.com\\\/wp-content\\\/uploads\\\/2020\\\/03\\\/Elite_Logo_NEW_2023_Final-1.png\",\"width\":828,\"height\":313,\"caption\":\"Elite Rent\"},\"image\":{\"@id\":\"https:\\\/\\\/www.eliterent.com\\\/#\\\/schema\\\/logo\\\/image\\\/\"}},{\"@type\":\"Person\",\"@id\":\"https:\\\/\\\/www.eliterent.com\\\/#\\\/schema\\\/person\\\/7afdc7b8834b55a1ed893961ab071a65\",\"name\":\"Anthony Eschler\",\"image\":{\"@type\":\"ImageObject\",\"inLanguage\":\"fr-FR\",\"@id\":\"https:\\\/\\\/secure.gravatar.com\\\/avatar\\\/2a38fa365cdc8cfec3d87e394c80abeab0df6f7e4b52eda611492b6df9196c7f?s=96&d=mm&r=g\",\"url\":\"https:\\\/\\\/secure.gravatar.com\\\/avatar\\\/2a38fa365cdc8cfec3d87e394c80abeab0df6f7e4b52eda611492b6df9196c7f?s=96&d=mm&r=g\",\"contentUrl\":\"https:\\\/\\\/secure.gravatar.com\\\/avatar\\\/2a38fa365cdc8cfec3d87e394c80abeab0df6f7e4b52eda611492b6df9196c7f?s=96&d=mm&r=g\",\"caption\":\"Anthony Eschler\"}}]}<\/script>\n<!-- \/ Yoast SEO plugin. -->","yoast_head_json":{"title":"Louer une Mercedes-Benz \u00e0 Gen\u00e8ve avec Elite Rent","description":"Louer une Mercedes-Benz \u00e0 Gen\u00e8ve avec Elite Rent Louez le G63 AMG, la Classe S, la SL63, et la E53. Louez un SUV, une berline, sportive ou cabriolet Mercedes.","robots":{"index":"index","follow":"follow","max-snippet":"max-snippet:-1","max-image-preview":"max-image-preview:large","max-video-preview":"max-video-preview:-1"},"canonical":"https:\/\/www.eliterent.com\/fr\/louer-une-mercedes-benz-a-geneve\/","og_locale":"fr_FR","og_type":"article","og_title":"Louer une Mercedes-Benz \u00e0 Gen\u00e8ve avec Elite Rent","og_description":"Louer une Mercedes-Benz \u00e0 Gen\u00e8ve avec Elite Rent Louez le G63 AMG, la Classe S, la SL63, et la E53. Louez un SUV, une berline, sportive ou cabriolet Mercedes.","og_url":"https:\/\/www.eliterent.com\/fr\/louer-une-mercedes-benz-a-geneve\/","og_site_name":"Elite Rent","article_published_time":"2024-03-19T09:09:35+00:00","article_modified_time":"2024-03-19T09:24:59+00:00","og_image":[{"width":512,"height":512,"url":"https:\/\/www.eliterent.com\/wp-content\/uploads\/2021\/06\/CB-mercedes-benz.png","type":"image\/png"}],"author":"Anthony Eschler","twitter_card":"summary_large_image","schema":{"@context":"https:\/\/schema.org","@graph":[{"@type":"Article","@id":"https:\/\/www.eliterent.com\/fr\/louer-une-mercedes-benz-a-geneve\/#article","isPartOf":{"@id":"https:\/\/www.eliterent.com\/fr\/louer-une-mercedes-benz-a-geneve\/"},"author":{"name":"Anthony Eschler","@id":"https:\/\/www.eliterent.com\/#\/schema\/person\/7afdc7b8834b55a1ed893961ab071a65"},"headline":"Louer une Mercedes-Benz \u00e0 Gen\u00e8ve","datePublished":"2024-03-19T09:09:35+00:00","dateModified":"2024-03-19T09:24:59+00:00","mainEntityOfPage":{"@id":"https:\/\/www.eliterent.com\/fr\/louer-une-mercedes-benz-a-geneve\/"},"wordCount":429,"commentCount":0,"publisher":{"@id":"https:\/\/www.eliterent.com\/#organization"},"image":{"@id":"https:\/\/www.eliterent.com\/fr\/louer-une-mercedes-benz-a-geneve\/#primaryimage"},"thumbnailUrl":"https:\/\/www.eliterent.com\/wp-content\/uploads\/2021\/06\/CB-mercedes-benz.png","articleSection":["Non classifi\u00e9(e)"],"inLanguage":"fr-FR","potentialAction":[{"@type":"CommentAction","name":"Comment","target":["https:\/\/www.eliterent.com\/fr\/louer-une-mercedes-benz-a-geneve\/#respond"]}]},{"@type":"WebPage","@id":"https:\/\/www.eliterent.com\/fr\/louer-une-mercedes-benz-a-geneve\/","url":"https:\/\/www.eliterent.com\/fr\/louer-une-mercedes-benz-a-geneve\/","name":"Louer une Mercedes-Benz \u00e0 Gen\u00e8ve avec Elite Rent","isPartOf":{"@id":"https:\/\/www.eliterent.com\/#website"},"primaryImageOfPage":{"@id":"https:\/\/www.eliterent.com\/fr\/louer-une-mercedes-benz-a-geneve\/#primaryimage"},"image":{"@id":"https:\/\/www.eliterent.com\/fr\/louer-une-mercedes-benz-a-geneve\/#primaryimage"},"thumbnailUrl":"https:\/\/www.eliterent.com\/wp-content\/uploads\/2021\/06\/CB-mercedes-benz.png","datePublished":"2024-03-19T09:09:35+00:00","dateModified":"2024-03-19T09:24:59+00:00","description":"Louer une Mercedes-Benz \u00e0 Gen\u00e8ve avec Elite Rent Louez le G63 AMG, la Classe S, la SL63, et la E53. Louez un SUV, une berline, sportive ou cabriolet Mercedes.","breadcrumb":{"@id":"https:\/\/www.eliterent.com\/fr\/louer-une-mercedes-benz-a-geneve\/#breadcrumb"},"inLanguage":"fr-FR","potentialAction":[{"@type":"ReadAction","target":["https:\/\/www.eliterent.com\/fr\/louer-une-mercedes-benz-a-geneve\/"]}]},{"@type":"ImageObject","inLanguage":"fr-FR","@id":"https:\/\/www.eliterent.com\/fr\/louer-une-mercedes-benz-a-geneve\/#primaryimage","url":"https:\/\/www.eliterent.com\/wp-content\/uploads\/2021\/06\/CB-mercedes-benz.png","contentUrl":"https:\/\/www.eliterent.com\/wp-content\/uploads\/2021\/06\/CB-mercedes-benz.png","width":512,"height":512},{"@type":"BreadcrumbList","@id":"https:\/\/www.eliterent.com\/fr\/louer-une-mercedes-benz-a-geneve\/#breadcrumb","itemListElement":[{"@type":"ListItem","position":1,"name":"Home","item":"https:\/\/www.eliterent.com\/fr\/"},{"@type":"ListItem","position":2,"name":"Louer une Mercedes-Benz \u00e0 Gen\u00e8ve"}]},{"@type":"WebSite","@id":"https:\/\/www.eliterent.com\/#website","url":"https:\/\/www.eliterent.com\/","name":"Elite Rent","description":"Rent a Car","publisher":{"@id":"https:\/\/www.eliterent.com\/#organization"},"potentialAction":[{"@type":"SearchAction","target":{"@type":"EntryPoint","urlTemplate":"https:\/\/www.eliterent.com\/?s={search_term_string}"},"query-input":{"@type":"PropertyValueSpecification","valueRequired":true,"valueName":"search_term_string"}}],"inLanguage":"fr-FR"},{"@type":"Organization","@id":"https:\/\/www.eliterent.com\/#organization","name":"Elite Rent","url":"https:\/\/www.eliterent.com\/","logo":{"@type":"ImageObject","inLanguage":"fr-FR","@id":"https:\/\/www.eliterent.com\/#\/schema\/logo\/image\/","url":"https:\/\/www.eliterent.com\/wp-content\/uploads\/2020\/03\/Elite_Logo_NEW_2023_Final-1.png","contentUrl":"https:\/\/www.eliterent.com\/wp-content\/uploads\/2020\/03\/Elite_Logo_NEW_2023_Final-1.png","width":828,"height":313,"caption":"Elite Rent"},"image":{"@id":"https:\/\/www.eliterent.com\/#\/schema\/logo\/image\/"}},{"@type":"Person","@id":"https:\/\/www.eliterent.com\/#\/schema\/person\/7afdc7b8834b55a1ed893961ab071a65","name":"Anthony Eschler","image":{"@type":"ImageObject","inLanguage":"fr-FR","@id":"https:\/\/secure.gravatar.com\/avatar\/2a38fa365cdc8cfec3d87e394c80abeab0df6f7e4b52eda611492b6df9196c7f?s=96&d=mm&r=g","url":"https:\/\/secure.gravatar.com\/avatar\/2a38fa365cdc8cfec3d87e394c80abeab0df6f7e4b52eda611492b6df9196c7f?s=96&d=mm&r=g","contentUrl":"https:\/\/secure.gravatar.com\/avatar\/2a38fa365cdc8cfec3d87e394c80abeab0df6f7e4b52eda611492b6df9196c7f?s=96&d=mm&r=g","caption":"Anthony Eschler"}}]}},"_links":{"self":[{"href":"https:\/\/www.eliterent.com\/fr\/wp-json\/wp\/v2\/posts\/72976","targetHints":{"allow":["GET"]}}],"collection":[{"href":"https:\/\/www.eliterent.com\/fr\/wp-json\/wp\/v2\/posts"}],"about":[{"href":"https:\/\/www.eliterent.com\/fr\/wp-json\/wp\/v2\/types\/post"}],"author":[{"embeddable":true,"href":"https:\/\/www.eliterent.com\/fr\/wp-json\/wp\/v2\/users\/6"}],"replies":[{"embeddable":true,"href":"https:\/\/www.eliterent.com\/fr\/wp-json\/wp\/v2\/comments?post=72976"}],"version-history":[{"count":0,"href":"https:\/\/www.eliterent.com\/fr\/wp-json\/wp\/v2\/posts\/72976\/revisions"}],"wp:featuredmedia":[{"embeddable":true,"href":"https:\/\/www.eliterent.com\/fr\/wp-json\/wp\/v2\/media\/27838"}],"wp:attachment":[{"href":"https:\/\/www.eliterent.com\/fr\/wp-json\/wp\/v2\/media?parent=72976"}],"wp:term":[{"taxonomy":"category","embeddable":true,"href":"https:\/\/www.eliterent.com\/fr\/wp-json\/wp\/v2\/categories?post=72976"},{"taxonomy":"post_tag","embeddable":true,"href":"https:\/\/www.eliterent.com\/fr\/wp-json\/wp\/v2\/tags?post=72976"}],"curies":[{"name":"wp","href":"https:\/\/api.w.org\/{rel}","templated":true}]}}