{"id":72078,"date":"2024-02-05T16:37:42","date_gmt":"2024-02-05T15:37:42","guid":{"rendered":"https:\/\/www.eliterent.com\/valentines-day-offer-14-off-rentals-in-switzerland\/"},"modified":"2024-02-06T10:06:12","modified_gmt":"2024-02-06T09:06:12","slug":"offre-saint-valentin-14-de-reduction-sur-locations-en-suisse","status":"publish","type":"post","link":"https:\/\/www.eliterent.com\/fr\/offre-saint-valentin-14-de-reduction-sur-locations-en-suisse\/","title":{"rendered":"Offre Saint-Valentin: 14% de r\u00e9duction sur locations en Suisse"},"content":{"rendered":"<h5>Offre sp\u00e9ciale pour la Saint-Valentin<\/h5>\n<p>Conduisez avec passion ce jour de la Saint-Valentin. Profitez de notre offre sp\u00e9ciale et obtenez 14% de r\u00e9duction sur toutes les locations en Suisse avec Elite Rent-a-Car. Louez une voiture \u00e0 un tarif sp\u00e9cial pour la Saint-Valentin et mettez un peu de piment dans votre vie !<\/p>\n<h5 style=\"text-align: center;\">Contactez-nous:<\/h5>\n<h5 style=\"text-align: center;\">+41 22\u00a0909 87 87 | <a href=\"mailto:booking@eliterent.com\">booking@eliterent.com<\/a><\/h5>\n<p>&nbsp;<\/p>\n<p>L&rsquo;amour est dans l&rsquo;air, et pour la Saint-Valentin, nous transformons l&rsquo;ordinaire en extraordinaire avec nos offres exclusives de location de voiture ! Imaginez un peu : vous et votre bien-aim\u00e9(e), roulant sur des routes pittoresques dans une voiture \u00e9l\u00e9gante, cr\u00e9ant des souvenirs qui dureront toute une vie. Notre offre pour la Saint-Valentin vous offre un m\u00e9lange parfait de luxe et de romantisme, pour que votre voyage soit aussi enchanteur que votre histoire d&rsquo;amour.<\/p>\n<p>Gr\u00e2ce \u00e0 notre flotte de v\u00e9hicules m\u00e9ticuleusement entretenus, vous pouvez donner une nouvelle dimension \u00e0 votre soir\u00e9e ou \u00e0 votre week-end en amoureux. Profitez de la libert\u00e9 d&rsquo;explorer ensemble, main dans la main, gr\u00e2ce \u00e0 nos tarifs sp\u00e9ciaux et \u00e0 nos avantages irr\u00e9sistibles. Qu&rsquo;il s&rsquo;agisse d&rsquo;une d\u00e9capotable confortable pour une promenade au coucher du soleil ou d&rsquo;un SUV spacieux pour une vir\u00e9e spontan\u00e9e, nous avons les v\u00e9hicules parfaits pour accompagner votre c\u00e9l\u00e9bration de l&rsquo;amour.<\/p>\n<p>Ne manquez pas cette occasion de rendre votre Saint-Valentin extraordinaire. R\u00e9servez d\u00e8s maintenant et laissez l&rsquo;aventure de l&rsquo;amour commencer sur la route la moins fr\u00e9quent\u00e9e !<\/p>\n<p>Appelez Elite d\u00e8s aujourd&rsquo;hui pour profiter de cette offre. Notre \u00e9quipe se fera un plaisir de vous aider \u00e0 trouver un beau v\u00e9hicule pour cette occasion sp\u00e9ciale.<\/p>\n<p>&nbsp;<\/p>\n<h5 style=\"text-align: center;\">Conseil voyage pour ce weekend<\/h5>\n<p style=\"text-align: center;\">Vous ne savez pas quoi faire ce week-end ? Voici notre suggestion&#8230;<\/p>\n<h5>Le chemin des lanternes \u00e0 Crans-Montana<\/h5>\n<p>Remontez les Alpes suisses \u00e0 couper le souffle jusqu&rsquo;\u00e0 Crans-Montana avec votre voiture de location. Une fois sur place, d\u00e9couvrez une exp\u00e9rience lumineuse magique le soir sur le \u00ab\u00a0Chemin des lanternes\u00a0\u00bb. Situ\u00e9 dans la nature, non loin du centre du village, vous pourrez admirer des jeux de lumi\u00e8re, des spectacles enchanteurs et des concerts. Si vous avez un petit creux en chemin, arr\u00eatez-vous au Hameau des Mayens pour go\u00fbter \u00e0 la tradition des Alpes suisses !<\/p>\n<p><a href=\"https:\/\/www.eliterent.com\/wp-content\/uploads\/2024\/02\/Lantern.png\"><img fetchpriority=\"high\" decoding=\"async\" class=\"wp-image-72074 aligncenter\" src=\"https:\/\/www.eliterent.com\/wp-content\/uploads\/2024\/02\/Lantern-300x174.png\" alt=\"\" width=\"615\" height=\"357\" srcset=\"https:\/\/www.eliterent.com\/wp-content\/uploads\/2024\/02\/Lantern-300x174.png 300w, https:\/\/www.eliterent.com\/wp-content\/uploads\/2024\/02\/Lantern-768x446.png 768w, https:\/\/www.eliterent.com\/wp-content\/uploads\/2024\/02\/Lantern-460x267.png 460w, https:\/\/www.eliterent.com\/wp-content\/uploads\/2024\/02\/Lantern-800x465.png 800w, https:\/\/www.eliterent.com\/wp-content\/uploads\/2024\/02\/Lantern-640x372.png 640w, https:\/\/www.eliterent.com\/wp-content\/uploads\/2024\/02\/Lantern.png 850w\" sizes=\"(max-width: 615px) 100vw, 615px\" \/><\/a><\/p>\n<p>&nbsp;<\/p>\n<h5>Conditions de l&rsquo;offre:<\/h5>\n<p>P\u00e9riode de r\u00e9servation et de location jusqu&rsquo;au dimanche 20 f\u00e9vrier 2024. | L&rsquo;offre est valable sur les v\u00e9hicules de la flotte suisse. | Applicable uniquement sur le tarif journalier. | Le pr\u00e9paiement est requis. L&rsquo;offre n&rsquo;est pas remboursable. | L&rsquo;offre n&rsquo;est pas cumulable avec d&rsquo;autres avantages, conditions sp\u00e9ciales et offres. | L&rsquo;offre et les v\u00e9hicules sont soumis \u00e0 disponibilit\u00e9. | Livraison et reprise gratuits du v\u00e9hicule dans les agences Swiss Elite Rent-a-Car uniquement. | Livraison et reprise au centre-ville de Zurich ou de Gen\u00e8ve CHF 80.- (aller simple). | La livraison et reprise sur mesure doivent faire l&rsquo;objet d&rsquo;un devis s\u00e9par\u00e9. | Les conditions g\u00e9n\u00e9rales d&rsquo;Elite Rent-a-Car s&rsquo;appliquent.<\/p>\n","protected":false},"excerpt":{"rendered":"<p>Offre sp\u00e9ciale pour la Saint-Valentin Conduisez avec passion ce jour de la Saint-Valentin. Profitez de notre offre sp\u00e9ciale et obtenez 14% de r\u00e9duction sur toutes les locations en Suisse avec Elite Rent-a-Car. Louez une voiture \u00e0 un tarif sp\u00e9cial pour la Saint-Valentin et mettez un peu de piment dans votre vie ! Contactez-nous: +41 22\u00a0909 [&hellip;]<\/p>\n","protected":false},"author":6,"featured_media":63795,"comment_status":"open","ping_status":"open","sticky":false,"template":"","format":"standard","meta":{"_acf_changed":false,"site-sidebar-layout":"default","site-content-layout":"default","ast-site-content-layout":"","site-content-style":"default","site-sidebar-style":"default","ast-global-header-display":"","ast-banner-title-visibility":"","ast-main-header-display":"","ast-hfb-above-header-display":"","ast-hfb-below-header-display":"","ast-hfb-mobile-header-display":"","site-post-title":"","ast-breadcrumbs-content":"","ast-featured-img":"","footer-sml-layout":"","theme-transparent-header-meta":"default","adv-header-id-meta":"","stick-header-meta":"","header-above-stick-meta":"","header-main-stick-meta":"","header-below-stick-meta":"","astra-migrate-meta-layouts":"default","ast-page-background-enabled":"default","ast-page-background-meta":{"desktop":{"background-color":"","background-image":"","background-repeat":"repeat","background-position":"center center","background-size":"auto","background-attachment":"scroll","background-type":"","background-media":"","overlay-type":"","overlay-color":"","overlay-opacity":"","overlay-gradient":""},"tablet":{"background-color":"","background-image":"","background-repeat":"repeat","background-position":"center center","background-size":"auto","background-attachment":"scroll","background-type":"","background-media":"","overlay-type":"","overlay-color":"","overlay-opacity":"","overlay-gradient":""},"mobile":{"background-color":"","background-image":"","background-repeat":"repeat","background-position":"center center","background-size":"auto","background-attachment":"scroll","background-type":"","background-media":"","overlay-type":"","overlay-color":"","overlay-opacity":"","overlay-gradient":""}},"ast-content-background-meta":{"desktop":{"background-color":"var(--ast-global-color-5)","background-image":"","background-repeat":"repeat","background-position":"center center","background-size":"auto","background-attachment":"scroll","background-type":"","background-media":"","overlay-type":"","overlay-color":"","overlay-opacity":"","overlay-gradient":""},"tablet":{"background-color":"var(--ast-global-color-5)","background-image":"","background-repeat":"repeat","background-position":"center center","background-size":"auto","background-attachment":"scroll","background-type":"","background-media":"","overlay-type":"","overlay-color":"","overlay-opacity":"","overlay-gradient":""},"mobile":{"background-color":"var(--ast-global-color-5)","background-image":"","background-repeat":"repeat","background-position":"center center","background-size":"auto","background-attachment":"scroll","background-type":"","background-media":"","overlay-type":"","overlay-color":"","overlay-opacity":"","overlay-gradient":""}},"footnotes":""},"categories":[820],"tags":[],"class_list":["post-72078","post","type-post","status-publish","format-standard","has-post-thumbnail","hentry","category-non-classifiee"],"acf":[],"yoast_head":"<!-- This site is optimized with the Yoast SEO plugin v27.4 - https:\/\/yoast.com\/product\/yoast-seo-wordpress\/ -->\n<title>Offre Saint-Valentin: 14% de r\u00e9duction sur locations en Suisse avec Elite Rent<\/title>\n<meta name=\"description\" content=\"Offre Saint-Valentin: 14% de r\u00e9duction sur locations en Suisse avec Elite Rent -\" \/>\n<meta name=\"robots\" content=\"index, follow, max-snippet:-1, max-image-preview:large, max-video-preview:-1\" \/>\n<link rel=\"canonical\" href=\"https:\/\/www.eliterent.com\/fr\/offre-saint-valentin-14-de-reduction-sur-locations-en-suisse\/\" \/>\n<meta property=\"og:locale\" content=\"fr_FR\" \/>\n<meta property=\"og:type\" content=\"article\" \/>\n<meta property=\"og:title\" content=\"Offre Saint-Valentin: 14% de r\u00e9duction sur locations en Suisse avec Elite Rent\" \/>\n<meta property=\"og:description\" content=\"Offre Saint-Valentin: 14% de r\u00e9duction sur locations en Suisse avec Elite Rent -\" \/>\n<meta property=\"og:url\" content=\"https:\/\/www.eliterent.com\/fr\/offre-saint-valentin-14-de-reduction-sur-locations-en-suisse\/\" \/>\n<meta property=\"og:site_name\" content=\"Elite Rent\" \/>\n<meta property=\"article:published_time\" content=\"2024-02-05T15:37:42+00:00\" \/>\n<meta property=\"article:modified_time\" content=\"2024-02-06T09:06:12+00:00\" \/>\n<meta property=\"og:image\" content=\"https:\/\/www.eliterent.com\/wp-content\/uploads\/2023\/02\/st_vALENTINES-fERRARI.jpg\" \/>\n\t<meta property=\"og:image:width\" content=\"2048\" \/>\n\t<meta property=\"og:image:height\" content=\"1536\" \/>\n\t<meta property=\"og:image:type\" content=\"image\/jpeg\" \/>\n<meta name=\"author\" content=\"Anthony Eschler\" \/>\n<meta name=\"twitter:card\" content=\"summary_large_image\" \/>\n<script type=\"application\/ld+json\" class=\"yoast-schema-graph\">{\"@context\":\"https:\\\/\\\/schema.org\",\"@graph\":[{\"@type\":\"Article\",\"@id\":\"https:\\\/\\\/www.eliterent.com\\\/fr\\\/offre-saint-valentin-14-de-reduction-sur-locations-en-suisse\\\/#article\",\"isPartOf\":{\"@id\":\"https:\\\/\\\/www.eliterent.com\\\/fr\\\/offre-saint-valentin-14-de-reduction-sur-locations-en-suisse\\\/\"},\"author\":{\"name\":\"Anthony Eschler\",\"@id\":\"https:\\\/\\\/www.eliterent.com\\\/#\\\/schema\\\/person\\\/7afdc7b8834b55a1ed893961ab071a65\"},\"headline\":\"Offre Saint-Valentin: 14% de r\u00e9duction sur locations en Suisse\",\"datePublished\":\"2024-02-05T15:37:42+00:00\",\"dateModified\":\"2024-02-06T09:06:12+00:00\",\"mainEntityOfPage\":{\"@id\":\"https:\\\/\\\/www.eliterent.com\\\/fr\\\/offre-saint-valentin-14-de-reduction-sur-locations-en-suisse\\\/\"},\"wordCount\":520,\"commentCount\":0,\"publisher\":{\"@id\":\"https:\\\/\\\/www.eliterent.com\\\/#organization\"},\"image\":{\"@id\":\"https:\\\/\\\/www.eliterent.com\\\/fr\\\/offre-saint-valentin-14-de-reduction-sur-locations-en-suisse\\\/#primaryimage\"},\"thumbnailUrl\":\"https:\\\/\\\/www.eliterent.com\\\/wp-content\\\/uploads\\\/2023\\\/02\\\/st_vALENTINES-fERRARI.jpg\",\"articleSection\":[\"Non classifi\u00e9(e)\"],\"inLanguage\":\"fr-FR\",\"potentialAction\":[{\"@type\":\"CommentAction\",\"name\":\"Comment\",\"target\":[\"https:\\\/\\\/www.eliterent.com\\\/fr\\\/offre-saint-valentin-14-de-reduction-sur-locations-en-suisse\\\/#respond\"]}]},{\"@type\":\"WebPage\",\"@id\":\"https:\\\/\\\/www.eliterent.com\\\/fr\\\/offre-saint-valentin-14-de-reduction-sur-locations-en-suisse\\\/\",\"url\":\"https:\\\/\\\/www.eliterent.com\\\/fr\\\/offre-saint-valentin-14-de-reduction-sur-locations-en-suisse\\\/\",\"name\":\"Offre Saint-Valentin: 14% de r\u00e9duction sur locations en Suisse avec Elite Rent\",\"isPartOf\":{\"@id\":\"https:\\\/\\\/www.eliterent.com\\\/#website\"},\"primaryImageOfPage\":{\"@id\":\"https:\\\/\\\/www.eliterent.com\\\/fr\\\/offre-saint-valentin-14-de-reduction-sur-locations-en-suisse\\\/#primaryimage\"},\"image\":{\"@id\":\"https:\\\/\\\/www.eliterent.com\\\/fr\\\/offre-saint-valentin-14-de-reduction-sur-locations-en-suisse\\\/#primaryimage\"},\"thumbnailUrl\":\"https:\\\/\\\/www.eliterent.com\\\/wp-content\\\/uploads\\\/2023\\\/02\\\/st_vALENTINES-fERRARI.jpg\",\"datePublished\":\"2024-02-05T15:37:42+00:00\",\"dateModified\":\"2024-02-06T09:06:12+00:00\",\"description\":\"Offre Saint-Valentin: 14% de r\u00e9duction sur locations en Suisse avec Elite Rent -\",\"breadcrumb\":{\"@id\":\"https:\\\/\\\/www.eliterent.com\\\/fr\\\/offre-saint-valentin-14-de-reduction-sur-locations-en-suisse\\\/#breadcrumb\"},\"inLanguage\":\"fr-FR\",\"potentialAction\":[{\"@type\":\"ReadAction\",\"target\":[\"https:\\\/\\\/www.eliterent.com\\\/fr\\\/offre-saint-valentin-14-de-reduction-sur-locations-en-suisse\\\/\"]}]},{\"@type\":\"ImageObject\",\"inLanguage\":\"fr-FR\",\"@id\":\"https:\\\/\\\/www.eliterent.com\\\/fr\\\/offre-saint-valentin-14-de-reduction-sur-locations-en-suisse\\\/#primaryimage\",\"url\":\"https:\\\/\\\/www.eliterent.com\\\/wp-content\\\/uploads\\\/2023\\\/02\\\/st_vALENTINES-fERRARI.jpg\",\"contentUrl\":\"https:\\\/\\\/www.eliterent.com\\\/wp-content\\\/uploads\\\/2023\\\/02\\\/st_vALENTINES-fERRARI.jpg\",\"width\":2048,\"height\":1536},{\"@type\":\"BreadcrumbList\",\"@id\":\"https:\\\/\\\/www.eliterent.com\\\/fr\\\/offre-saint-valentin-14-de-reduction-sur-locations-en-suisse\\\/#breadcrumb\",\"itemListElement\":[{\"@type\":\"ListItem\",\"position\":1,\"name\":\"Home\",\"item\":\"https:\\\/\\\/www.eliterent.com\\\/fr\\\/\"},{\"@type\":\"ListItem\",\"position\":2,\"name\":\"Offre Saint-Valentin: 14% de r\u00e9duction sur locations en Suisse\"}]},{\"@type\":\"WebSite\",\"@id\":\"https:\\\/\\\/www.eliterent.com\\\/#website\",\"url\":\"https:\\\/\\\/www.eliterent.com\\\/\",\"name\":\"Elite Rent\",\"description\":\"Rent a Car\",\"publisher\":{\"@id\":\"https:\\\/\\\/www.eliterent.com\\\/#organization\"},\"potentialAction\":[{\"@type\":\"SearchAction\",\"target\":{\"@type\":\"EntryPoint\",\"urlTemplate\":\"https:\\\/\\\/www.eliterent.com\\\/?s={search_term_string}\"},\"query-input\":{\"@type\":\"PropertyValueSpecification\",\"valueRequired\":true,\"valueName\":\"search_term_string\"}}],\"inLanguage\":\"fr-FR\"},{\"@type\":\"Organization\",\"@id\":\"https:\\\/\\\/www.eliterent.com\\\/#organization\",\"name\":\"Elite Rent\",\"url\":\"https:\\\/\\\/www.eliterent.com\\\/\",\"logo\":{\"@type\":\"ImageObject\",\"inLanguage\":\"fr-FR\",\"@id\":\"https:\\\/\\\/www.eliterent.com\\\/#\\\/schema\\\/logo\\\/image\\\/\",\"url\":\"https:\\\/\\\/www.eliterent.com\\\/wp-content\\\/uploads\\\/2020\\\/03\\\/Elite_Logo_NEW_2023_Final-1.png\",\"contentUrl\":\"https:\\\/\\\/www.eliterent.com\\\/wp-content\\\/uploads\\\/2020\\\/03\\\/Elite_Logo_NEW_2023_Final-1.png\",\"width\":828,\"height\":313,\"caption\":\"Elite Rent\"},\"image\":{\"@id\":\"https:\\\/\\\/www.eliterent.com\\\/#\\\/schema\\\/logo\\\/image\\\/\"}},{\"@type\":\"Person\",\"@id\":\"https:\\\/\\\/www.eliterent.com\\\/#\\\/schema\\\/person\\\/7afdc7b8834b55a1ed893961ab071a65\",\"name\":\"Anthony Eschler\",\"image\":{\"@type\":\"ImageObject\",\"inLanguage\":\"fr-FR\",\"@id\":\"https:\\\/\\\/secure.gravatar.com\\\/avatar\\\/2a38fa365cdc8cfec3d87e394c80abeab0df6f7e4b52eda611492b6df9196c7f?s=96&d=mm&r=g\",\"url\":\"https:\\\/\\\/secure.gravatar.com\\\/avatar\\\/2a38fa365cdc8cfec3d87e394c80abeab0df6f7e4b52eda611492b6df9196c7f?s=96&d=mm&r=g\",\"contentUrl\":\"https:\\\/\\\/secure.gravatar.com\\\/avatar\\\/2a38fa365cdc8cfec3d87e394c80abeab0df6f7e4b52eda611492b6df9196c7f?s=96&d=mm&r=g\",\"caption\":\"Anthony Eschler\"}}]}<\/script>\n<!-- \/ Yoast SEO plugin. -->","yoast_head_json":{"title":"Offre Saint-Valentin: 14% de r\u00e9duction sur locations en Suisse avec Elite Rent","description":"Offre Saint-Valentin: 14% de r\u00e9duction sur locations en Suisse avec Elite Rent -","robots":{"index":"index","follow":"follow","max-snippet":"max-snippet:-1","max-image-preview":"max-image-preview:large","max-video-preview":"max-video-preview:-1"},"canonical":"https:\/\/www.eliterent.com\/fr\/offre-saint-valentin-14-de-reduction-sur-locations-en-suisse\/","og_locale":"fr_FR","og_type":"article","og_title":"Offre Saint-Valentin: 14% de r\u00e9duction sur locations en Suisse avec Elite Rent","og_description":"Offre Saint-Valentin: 14% de r\u00e9duction sur locations en Suisse avec Elite Rent -","og_url":"https:\/\/www.eliterent.com\/fr\/offre-saint-valentin-14-de-reduction-sur-locations-en-suisse\/","og_site_name":"Elite Rent","article_published_time":"2024-02-05T15:37:42+00:00","article_modified_time":"2024-02-06T09:06:12+00:00","og_image":[{"width":2048,"height":1536,"url":"https:\/\/www.eliterent.com\/wp-content\/uploads\/2023\/02\/st_vALENTINES-fERRARI.jpg","type":"image\/jpeg"}],"author":"Anthony Eschler","twitter_card":"summary_large_image","schema":{"@context":"https:\/\/schema.org","@graph":[{"@type":"Article","@id":"https:\/\/www.eliterent.com\/fr\/offre-saint-valentin-14-de-reduction-sur-locations-en-suisse\/#article","isPartOf":{"@id":"https:\/\/www.eliterent.com\/fr\/offre-saint-valentin-14-de-reduction-sur-locations-en-suisse\/"},"author":{"name":"Anthony Eschler","@id":"https:\/\/www.eliterent.com\/#\/schema\/person\/7afdc7b8834b55a1ed893961ab071a65"},"headline":"Offre Saint-Valentin: 14% de r\u00e9duction sur locations en Suisse","datePublished":"2024-02-05T15:37:42+00:00","dateModified":"2024-02-06T09:06:12+00:00","mainEntityOfPage":{"@id":"https:\/\/www.eliterent.com\/fr\/offre-saint-valentin-14-de-reduction-sur-locations-en-suisse\/"},"wordCount":520,"commentCount":0,"publisher":{"@id":"https:\/\/www.eliterent.com\/#organization"},"image":{"@id":"https:\/\/www.eliterent.com\/fr\/offre-saint-valentin-14-de-reduction-sur-locations-en-suisse\/#primaryimage"},"thumbnailUrl":"https:\/\/www.eliterent.com\/wp-content\/uploads\/2023\/02\/st_vALENTINES-fERRARI.jpg","articleSection":["Non classifi\u00e9(e)"],"inLanguage":"fr-FR","potentialAction":[{"@type":"CommentAction","name":"Comment","target":["https:\/\/www.eliterent.com\/fr\/offre-saint-valentin-14-de-reduction-sur-locations-en-suisse\/#respond"]}]},{"@type":"WebPage","@id":"https:\/\/www.eliterent.com\/fr\/offre-saint-valentin-14-de-reduction-sur-locations-en-suisse\/","url":"https:\/\/www.eliterent.com\/fr\/offre-saint-valentin-14-de-reduction-sur-locations-en-suisse\/","name":"Offre Saint-Valentin: 14% de r\u00e9duction sur locations en Suisse avec Elite Rent","isPartOf":{"@id":"https:\/\/www.eliterent.com\/#website"},"primaryImageOfPage":{"@id":"https:\/\/www.eliterent.com\/fr\/offre-saint-valentin-14-de-reduction-sur-locations-en-suisse\/#primaryimage"},"image":{"@id":"https:\/\/www.eliterent.com\/fr\/offre-saint-valentin-14-de-reduction-sur-locations-en-suisse\/#primaryimage"},"thumbnailUrl":"https:\/\/www.eliterent.com\/wp-content\/uploads\/2023\/02\/st_vALENTINES-fERRARI.jpg","datePublished":"2024-02-05T15:37:42+00:00","dateModified":"2024-02-06T09:06:12+00:00","description":"Offre Saint-Valentin: 14% de r\u00e9duction sur locations en Suisse avec Elite Rent -","breadcrumb":{"@id":"https:\/\/www.eliterent.com\/fr\/offre-saint-valentin-14-de-reduction-sur-locations-en-suisse\/#breadcrumb"},"inLanguage":"fr-FR","potentialAction":[{"@type":"ReadAction","target":["https:\/\/www.eliterent.com\/fr\/offre-saint-valentin-14-de-reduction-sur-locations-en-suisse\/"]}]},{"@type":"ImageObject","inLanguage":"fr-FR","@id":"https:\/\/www.eliterent.com\/fr\/offre-saint-valentin-14-de-reduction-sur-locations-en-suisse\/#primaryimage","url":"https:\/\/www.eliterent.com\/wp-content\/uploads\/2023\/02\/st_vALENTINES-fERRARI.jpg","contentUrl":"https:\/\/www.eliterent.com\/wp-content\/uploads\/2023\/02\/st_vALENTINES-fERRARI.jpg","width":2048,"height":1536},{"@type":"BreadcrumbList","@id":"https:\/\/www.eliterent.com\/fr\/offre-saint-valentin-14-de-reduction-sur-locations-en-suisse\/#breadcrumb","itemListElement":[{"@type":"ListItem","position":1,"name":"Home","item":"https:\/\/www.eliterent.com\/fr\/"},{"@type":"ListItem","position":2,"name":"Offre Saint-Valentin: 14% de r\u00e9duction sur locations en Suisse"}]},{"@type":"WebSite","@id":"https:\/\/www.eliterent.com\/#website","url":"https:\/\/www.eliterent.com\/","name":"Elite Rent","description":"Rent a Car","publisher":{"@id":"https:\/\/www.eliterent.com\/#organization"},"potentialAction":[{"@type":"SearchAction","target":{"@type":"EntryPoint","urlTemplate":"https:\/\/www.eliterent.com\/?s={search_term_string}"},"query-input":{"@type":"PropertyValueSpecification","valueRequired":true,"valueName":"search_term_string"}}],"inLanguage":"fr-FR"},{"@type":"Organization","@id":"https:\/\/www.eliterent.com\/#organization","name":"Elite Rent","url":"https:\/\/www.eliterent.com\/","logo":{"@type":"ImageObject","inLanguage":"fr-FR","@id":"https:\/\/www.eliterent.com\/#\/schema\/logo\/image\/","url":"https:\/\/www.eliterent.com\/wp-content\/uploads\/2020\/03\/Elite_Logo_NEW_2023_Final-1.png","contentUrl":"https:\/\/www.eliterent.com\/wp-content\/uploads\/2020\/03\/Elite_Logo_NEW_2023_Final-1.png","width":828,"height":313,"caption":"Elite Rent"},"image":{"@id":"https:\/\/www.eliterent.com\/#\/schema\/logo\/image\/"}},{"@type":"Person","@id":"https:\/\/www.eliterent.com\/#\/schema\/person\/7afdc7b8834b55a1ed893961ab071a65","name":"Anthony Eschler","image":{"@type":"ImageObject","inLanguage":"fr-FR","@id":"https:\/\/secure.gravatar.com\/avatar\/2a38fa365cdc8cfec3d87e394c80abeab0df6f7e4b52eda611492b6df9196c7f?s=96&d=mm&r=g","url":"https:\/\/secure.gravatar.com\/avatar\/2a38fa365cdc8cfec3d87e394c80abeab0df6f7e4b52eda611492b6df9196c7f?s=96&d=mm&r=g","contentUrl":"https:\/\/secure.gravatar.com\/avatar\/2a38fa365cdc8cfec3d87e394c80abeab0df6f7e4b52eda611492b6df9196c7f?s=96&d=mm&r=g","caption":"Anthony Eschler"}}]}},"_links":{"self":[{"href":"https:\/\/www.eliterent.com\/fr\/wp-json\/wp\/v2\/posts\/72078","targetHints":{"allow":["GET"]}}],"collection":[{"href":"https:\/\/www.eliterent.com\/fr\/wp-json\/wp\/v2\/posts"}],"about":[{"href":"https:\/\/www.eliterent.com\/fr\/wp-json\/wp\/v2\/types\/post"}],"author":[{"embeddable":true,"href":"https:\/\/www.eliterent.com\/fr\/wp-json\/wp\/v2\/users\/6"}],"replies":[{"embeddable":true,"href":"https:\/\/www.eliterent.com\/fr\/wp-json\/wp\/v2\/comments?post=72078"}],"version-history":[{"count":0,"href":"https:\/\/www.eliterent.com\/fr\/wp-json\/wp\/v2\/posts\/72078\/revisions"}],"wp:featuredmedia":[{"embeddable":true,"href":"https:\/\/www.eliterent.com\/fr\/wp-json\/wp\/v2\/media\/63795"}],"wp:attachment":[{"href":"https:\/\/www.eliterent.com\/fr\/wp-json\/wp\/v2\/media?parent=72078"}],"wp:term":[{"taxonomy":"category","embeddable":true,"href":"https:\/\/www.eliterent.com\/fr\/wp-json\/wp\/v2\/categories?post=72078"},{"taxonomy":"post_tag","embeddable":true,"href":"https:\/\/www.eliterent.com\/fr\/wp-json\/wp\/v2\/tags?post=72078"}],"curies":[{"name":"wp","href":"https:\/\/api.w.org\/{rel}","templated":true}]}}