{"id":68910,"date":"2023-05-04T11:44:43","date_gmt":"2023-05-04T09:44:43","guid":{"rendered":"https:\/\/www.eliterent.com\/new-mercedes-amg-sl-63-available-with-elite\/"},"modified":"2023-05-04T11:58:03","modified_gmt":"2023-05-04T09:58:03","slug":"new-mercedes-amg-sl-63-available-with-elite","status":"publish","type":"post","link":"https:\/\/www.eliterent.com\/fr\/new-mercedes-amg-sl-63-available-with-elite\/","title":{"rendered":"Nouvelle Mercedes AMG SL 63 disponible chez Elite"},"content":{"rendered":"<h5>Louez la nouvelle Mercedes AMG SL 63 avec Elite Rent-a-Car<\/h5>\n<p>La nouvelle Mercedes AMG SL 63 est disponible \u00e0 la location avec <a href=\"https:\/\/www.eliterent.com\/fr\/location-de-voiture-de-luxe\/\">Elite Rent<\/a>. Louez ce nouveau roadster pour un voyage inoubliable en Suisse, en France, \u00e0 Monaco et en Allemagne.<\/p>\n<p>Pr\u00e9parez-vous \u00e0 vivre le summum du luxe et de la performance avec la toute nouvelle Mercedes AMG SL63 2023. Cette superbe voiture de sport est la combinaison parfaite de technologie de pointe, de design \u00e9l\u00e9gant et de puissance in\u00e9gal\u00e9e.<\/p>\n<h5>\u00c0 propos du SL63<\/h5>\n<p>Le SL63 est un v\u00e9ritable chef-d&rsquo;\u0153uvre d&rsquo;ing\u00e9nierie, dot\u00e9 d&rsquo;un moteur V8 biturbo de 4,0 litres construit \u00e0 la main. Celui-ci d\u00e9livre une puissance impressionnante de 577 chevaux et un couple de 800 NM. Cela permet au SL63 de passer de 0 \u00e0 100 km\/h en seulement 3,6 secondes. Cela en fait l&rsquo;une des voitures les plus exaltantes du march\u00e9.<\/p>\n<p>Mais le SL63 n&rsquo;est pas qu&rsquo;une question de puissance et de vitesse, c&rsquo;est aussi une question de style et de luxe. Le design \u00e9l\u00e9gant et a\u00e9rodynamique de la voiture, avec son toit r\u00e9tractable, ne manquera pas de faire tourner les t\u00eates o\u00f9 que vous alliez. L&rsquo;int\u00e9rieur est tout aussi impressionnant&#8230;\u00a0 Des mat\u00e9riaux haut de gamme et des technologies avanc\u00e9es cr\u00e9ent une exp\u00e9rience de conduite immersive.<\/p>\n<p>Le SL63 est dot\u00e9 de caract\u00e9ristiques qui am\u00e9liorent \u00e0 la fois les performances et le confort. La bo\u00eete de vitesses AMG SPEEDSHIFT MCT \u00e0 9 rapports permet des changements de vitesse rapides comme l&rsquo;\u00e9clair. Le syst\u00e8me de suspension AMG RIDE CONTROL+ offre une conduite souple et confortable, m\u00eame sur les routes les plus difficiles.<\/p>\n<p>Les autres caract\u00e9ristiques comprennent un combin\u00e9 d&rsquo;instruments num\u00e9rique de 12,3 pouces, un syst\u00e8me d&rsquo;infodivertissement \u00e0 \u00e9cran tactile de 12,8 pouces, un syst\u00e8me audio surround Burmester et une suite de syst\u00e8mes avanc\u00e9s d&rsquo;aide \u00e0 la conduite.<\/p>\n<p>Dans l&rsquo;ensemble, la Mercedes AMG SL63 2023 est la voiture de sport ultime pour ceux qui exigent ce qu&rsquo;il y a de mieux. Que vous soyez un amateur chevronn\u00e9 de voitures de sport ou que vous soyez simplement \u00e0 la recherche d&rsquo;une exp\u00e9rience de conduite ultime, le SL63 est s\u00fbr de d\u00e9passer vos attentes. Alors pourquoi attendre ? Louez la Nouvelle Mercedes AMG SL 63 disponible chez Elite Rent et vivez l&rsquo;exp\u00e9rience d\u00e8s aujourd&rsquo;hui !<\/p>\n","protected":false},"excerpt":{"rendered":"<p>Louez la nouvelle Mercedes AMG SL 63 avec Elite Rent-a-Car La nouvelle Mercedes AMG SL 63 est disponible \u00e0 la location avec Elite Rent. Louez ce nouveau roadster pour un voyage inoubliable en Suisse, en France, \u00e0 Monaco et en Allemagne. Pr\u00e9parez-vous \u00e0 vivre le summum du luxe et de la performance avec la toute [&hellip;]<\/p>\n","protected":false},"author":6,"featured_media":68906,"comment_status":"open","ping_status":"open","sticky":false,"template":"","format":"standard","meta":{"_acf_changed":false,"site-sidebar-layout":"default","site-content-layout":"default","ast-site-content-layout":"","site-content-style":"default","site-sidebar-style":"default","ast-global-header-display":"","ast-banner-title-visibility":"","ast-main-header-display":"","ast-hfb-above-header-display":"","ast-hfb-below-header-display":"","ast-hfb-mobile-header-display":"","site-post-title":"","ast-breadcrumbs-content":"","ast-featured-img":"","footer-sml-layout":"","theme-transparent-header-meta":"default","adv-header-id-meta":"","stick-header-meta":"","header-above-stick-meta":"","header-main-stick-meta":"","header-below-stick-meta":"","astra-migrate-meta-layouts":"default","ast-page-background-enabled":"default","ast-page-background-meta":{"desktop":{"background-color":"","background-image":"","background-repeat":"repeat","background-position":"center center","background-size":"auto","background-attachment":"scroll","background-type":"","background-media":"","overlay-type":"","overlay-color":"","overlay-opacity":"","overlay-gradient":""},"tablet":{"background-color":"","background-image":"","background-repeat":"repeat","background-position":"center center","background-size":"auto","background-attachment":"scroll","background-type":"","background-media":"","overlay-type":"","overlay-color":"","overlay-opacity":"","overlay-gradient":""},"mobile":{"background-color":"","background-image":"","background-repeat":"repeat","background-position":"center center","background-size":"auto","background-attachment":"scroll","background-type":"","background-media":"","overlay-type":"","overlay-color":"","overlay-opacity":"","overlay-gradient":""}},"ast-content-background-meta":{"desktop":{"background-color":"var(--ast-global-color-5)","background-image":"","background-repeat":"repeat","background-position":"center center","background-size":"auto","background-attachment":"scroll","background-type":"","background-media":"","overlay-type":"","overlay-color":"","overlay-opacity":"","overlay-gradient":""},"tablet":{"background-color":"var(--ast-global-color-5)","background-image":"","background-repeat":"repeat","background-position":"center center","background-size":"auto","background-attachment":"scroll","background-type":"","background-media":"","overlay-type":"","overlay-color":"","overlay-opacity":"","overlay-gradient":""},"mobile":{"background-color":"var(--ast-global-color-5)","background-image":"","background-repeat":"repeat","background-position":"center center","background-size":"auto","background-attachment":"scroll","background-type":"","background-media":"","overlay-type":"","overlay-color":"","overlay-opacity":"","overlay-gradient":""}},"footnotes":""},"categories":[820],"tags":[],"class_list":["post-68910","post","type-post","status-publish","format-standard","has-post-thumbnail","hentry","category-non-classifiee"],"acf":[],"yoast_head":"<!-- This site is optimized with the Yoast SEO plugin v27.4 - https:\/\/yoast.com\/product\/yoast-seo-wordpress\/ -->\n<title>Nouvelle Mercedes AMG SL 63 disponible chez Elite<\/title>\n<meta name=\"description\" content=\"Nouvelle Mercedes AMG SL 63 disponible chez Elite - Louez la nouvelle SL 63 en Suisse, en France, \u00e0 Monaco, ou en Allemagne.\" \/>\n<meta name=\"robots\" content=\"index, follow, max-snippet:-1, max-image-preview:large, max-video-preview:-1\" \/>\n<link rel=\"canonical\" href=\"https:\/\/www.eliterent.com\/fr\/new-mercedes-amg-sl-63-available-with-elite\/\" \/>\n<meta property=\"og:locale\" content=\"fr_FR\" \/>\n<meta property=\"og:type\" content=\"article\" \/>\n<meta property=\"og:title\" content=\"Nouvelle Mercedes AMG SL 63 disponible chez Elite\" \/>\n<meta property=\"og:description\" content=\"Nouvelle Mercedes AMG SL 63 disponible chez Elite - Louez la nouvelle SL 63 en Suisse, en France, \u00e0 Monaco, ou en Allemagne.\" \/>\n<meta property=\"og:url\" content=\"https:\/\/www.eliterent.com\/fr\/new-mercedes-amg-sl-63-available-with-elite\/\" \/>\n<meta property=\"og:site_name\" content=\"Elite Rent\" \/>\n<meta property=\"article:published_time\" content=\"2023-05-04T09:44:43+00:00\" \/>\n<meta property=\"article:modified_time\" content=\"2023-05-04T09:58:03+00:00\" \/>\n<meta property=\"og:image\" content=\"https:\/\/www.eliterent.com\/wp-content\/uploads\/2023\/05\/SL_63_Garage.jpg\" \/>\n\t<meta property=\"og:image:width\" content=\"1024\" \/>\n\t<meta property=\"og:image:height\" content=\"768\" \/>\n\t<meta property=\"og:image:type\" content=\"image\/jpeg\" \/>\n<meta name=\"author\" content=\"Anthony Eschler\" \/>\n<meta name=\"twitter:card\" content=\"summary_large_image\" \/>\n<script type=\"application\/ld+json\" class=\"yoast-schema-graph\">{\"@context\":\"https:\\\/\\\/schema.org\",\"@graph\":[{\"@type\":\"Article\",\"@id\":\"https:\\\/\\\/www.eliterent.com\\\/fr\\\/new-mercedes-amg-sl-63-available-with-elite\\\/#article\",\"isPartOf\":{\"@id\":\"https:\\\/\\\/www.eliterent.com\\\/fr\\\/new-mercedes-amg-sl-63-available-with-elite\\\/\"},\"author\":{\"name\":\"Anthony Eschler\",\"@id\":\"https:\\\/\\\/www.eliterent.com\\\/#\\\/schema\\\/person\\\/7afdc7b8834b55a1ed893961ab071a65\"},\"headline\":\"Nouvelle Mercedes AMG SL 63 disponible chez Elite\",\"datePublished\":\"2023-05-04T09:44:43+00:00\",\"dateModified\":\"2023-05-04T09:58:03+00:00\",\"mainEntityOfPage\":{\"@id\":\"https:\\\/\\\/www.eliterent.com\\\/fr\\\/new-mercedes-amg-sl-63-available-with-elite\\\/\"},\"wordCount\":402,\"commentCount\":0,\"publisher\":{\"@id\":\"https:\\\/\\\/www.eliterent.com\\\/#organization\"},\"image\":{\"@id\":\"https:\\\/\\\/www.eliterent.com\\\/fr\\\/new-mercedes-amg-sl-63-available-with-elite\\\/#primaryimage\"},\"thumbnailUrl\":\"https:\\\/\\\/www.eliterent.com\\\/wp-content\\\/uploads\\\/2023\\\/05\\\/SL_63_Garage.jpg\",\"articleSection\":[\"Non classifi\u00e9(e)\"],\"inLanguage\":\"fr-FR\",\"potentialAction\":[{\"@type\":\"CommentAction\",\"name\":\"Comment\",\"target\":[\"https:\\\/\\\/www.eliterent.com\\\/fr\\\/new-mercedes-amg-sl-63-available-with-elite\\\/#respond\"]}]},{\"@type\":\"WebPage\",\"@id\":\"https:\\\/\\\/www.eliterent.com\\\/fr\\\/new-mercedes-amg-sl-63-available-with-elite\\\/\",\"url\":\"https:\\\/\\\/www.eliterent.com\\\/fr\\\/new-mercedes-amg-sl-63-available-with-elite\\\/\",\"name\":\"Nouvelle Mercedes AMG SL 63 disponible chez Elite\",\"isPartOf\":{\"@id\":\"https:\\\/\\\/www.eliterent.com\\\/#website\"},\"primaryImageOfPage\":{\"@id\":\"https:\\\/\\\/www.eliterent.com\\\/fr\\\/new-mercedes-amg-sl-63-available-with-elite\\\/#primaryimage\"},\"image\":{\"@id\":\"https:\\\/\\\/www.eliterent.com\\\/fr\\\/new-mercedes-amg-sl-63-available-with-elite\\\/#primaryimage\"},\"thumbnailUrl\":\"https:\\\/\\\/www.eliterent.com\\\/wp-content\\\/uploads\\\/2023\\\/05\\\/SL_63_Garage.jpg\",\"datePublished\":\"2023-05-04T09:44:43+00:00\",\"dateModified\":\"2023-05-04T09:58:03+00:00\",\"description\":\"Nouvelle Mercedes AMG SL 63 disponible chez Elite - Louez la nouvelle SL 63 en Suisse, en France, \u00e0 Monaco, ou en Allemagne.\",\"breadcrumb\":{\"@id\":\"https:\\\/\\\/www.eliterent.com\\\/fr\\\/new-mercedes-amg-sl-63-available-with-elite\\\/#breadcrumb\"},\"inLanguage\":\"fr-FR\",\"potentialAction\":[{\"@type\":\"ReadAction\",\"target\":[\"https:\\\/\\\/www.eliterent.com\\\/fr\\\/new-mercedes-amg-sl-63-available-with-elite\\\/\"]}]},{\"@type\":\"ImageObject\",\"inLanguage\":\"fr-FR\",\"@id\":\"https:\\\/\\\/www.eliterent.com\\\/fr\\\/new-mercedes-amg-sl-63-available-with-elite\\\/#primaryimage\",\"url\":\"https:\\\/\\\/www.eliterent.com\\\/wp-content\\\/uploads\\\/2023\\\/05\\\/SL_63_Garage.jpg\",\"contentUrl\":\"https:\\\/\\\/www.eliterent.com\\\/wp-content\\\/uploads\\\/2023\\\/05\\\/SL_63_Garage.jpg\",\"width\":1024,\"height\":768},{\"@type\":\"BreadcrumbList\",\"@id\":\"https:\\\/\\\/www.eliterent.com\\\/fr\\\/new-mercedes-amg-sl-63-available-with-elite\\\/#breadcrumb\",\"itemListElement\":[{\"@type\":\"ListItem\",\"position\":1,\"name\":\"Home\",\"item\":\"https:\\\/\\\/www.eliterent.com\\\/fr\\\/\"},{\"@type\":\"ListItem\",\"position\":2,\"name\":\"Nouvelle Mercedes AMG SL 63 disponible chez Elite\"}]},{\"@type\":\"WebSite\",\"@id\":\"https:\\\/\\\/www.eliterent.com\\\/#website\",\"url\":\"https:\\\/\\\/www.eliterent.com\\\/\",\"name\":\"Elite Rent\",\"description\":\"Rent a Car\",\"publisher\":{\"@id\":\"https:\\\/\\\/www.eliterent.com\\\/#organization\"},\"potentialAction\":[{\"@type\":\"SearchAction\",\"target\":{\"@type\":\"EntryPoint\",\"urlTemplate\":\"https:\\\/\\\/www.eliterent.com\\\/?s={search_term_string}\"},\"query-input\":{\"@type\":\"PropertyValueSpecification\",\"valueRequired\":true,\"valueName\":\"search_term_string\"}}],\"inLanguage\":\"fr-FR\"},{\"@type\":\"Organization\",\"@id\":\"https:\\\/\\\/www.eliterent.com\\\/#organization\",\"name\":\"Elite Rent\",\"url\":\"https:\\\/\\\/www.eliterent.com\\\/\",\"logo\":{\"@type\":\"ImageObject\",\"inLanguage\":\"fr-FR\",\"@id\":\"https:\\\/\\\/www.eliterent.com\\\/#\\\/schema\\\/logo\\\/image\\\/\",\"url\":\"https:\\\/\\\/www.eliterent.com\\\/wp-content\\\/uploads\\\/2020\\\/03\\\/Elite_Logo_NEW_2023_Final-1.png\",\"contentUrl\":\"https:\\\/\\\/www.eliterent.com\\\/wp-content\\\/uploads\\\/2020\\\/03\\\/Elite_Logo_NEW_2023_Final-1.png\",\"width\":828,\"height\":313,\"caption\":\"Elite Rent\"},\"image\":{\"@id\":\"https:\\\/\\\/www.eliterent.com\\\/#\\\/schema\\\/logo\\\/image\\\/\"}},{\"@type\":\"Person\",\"@id\":\"https:\\\/\\\/www.eliterent.com\\\/#\\\/schema\\\/person\\\/7afdc7b8834b55a1ed893961ab071a65\",\"name\":\"Anthony Eschler\",\"image\":{\"@type\":\"ImageObject\",\"inLanguage\":\"fr-FR\",\"@id\":\"https:\\\/\\\/secure.gravatar.com\\\/avatar\\\/2a38fa365cdc8cfec3d87e394c80abeab0df6f7e4b52eda611492b6df9196c7f?s=96&d=mm&r=g\",\"url\":\"https:\\\/\\\/secure.gravatar.com\\\/avatar\\\/2a38fa365cdc8cfec3d87e394c80abeab0df6f7e4b52eda611492b6df9196c7f?s=96&d=mm&r=g\",\"contentUrl\":\"https:\\\/\\\/secure.gravatar.com\\\/avatar\\\/2a38fa365cdc8cfec3d87e394c80abeab0df6f7e4b52eda611492b6df9196c7f?s=96&d=mm&r=g\",\"caption\":\"Anthony Eschler\"}}]}<\/script>\n<!-- \/ Yoast SEO plugin. -->","yoast_head_json":{"title":"Nouvelle Mercedes AMG SL 63 disponible chez Elite","description":"Nouvelle Mercedes AMG SL 63 disponible chez Elite - Louez la nouvelle SL 63 en Suisse, en France, \u00e0 Monaco, ou en Allemagne.","robots":{"index":"index","follow":"follow","max-snippet":"max-snippet:-1","max-image-preview":"max-image-preview:large","max-video-preview":"max-video-preview:-1"},"canonical":"https:\/\/www.eliterent.com\/fr\/new-mercedes-amg-sl-63-available-with-elite\/","og_locale":"fr_FR","og_type":"article","og_title":"Nouvelle Mercedes AMG SL 63 disponible chez Elite","og_description":"Nouvelle Mercedes AMG SL 63 disponible chez Elite - Louez la nouvelle SL 63 en Suisse, en France, \u00e0 Monaco, ou en Allemagne.","og_url":"https:\/\/www.eliterent.com\/fr\/new-mercedes-amg-sl-63-available-with-elite\/","og_site_name":"Elite Rent","article_published_time":"2023-05-04T09:44:43+00:00","article_modified_time":"2023-05-04T09:58:03+00:00","og_image":[{"width":1024,"height":768,"url":"https:\/\/www.eliterent.com\/wp-content\/uploads\/2023\/05\/SL_63_Garage.jpg","type":"image\/jpeg"}],"author":"Anthony Eschler","twitter_card":"summary_large_image","schema":{"@context":"https:\/\/schema.org","@graph":[{"@type":"Article","@id":"https:\/\/www.eliterent.com\/fr\/new-mercedes-amg-sl-63-available-with-elite\/#article","isPartOf":{"@id":"https:\/\/www.eliterent.com\/fr\/new-mercedes-amg-sl-63-available-with-elite\/"},"author":{"name":"Anthony Eschler","@id":"https:\/\/www.eliterent.com\/#\/schema\/person\/7afdc7b8834b55a1ed893961ab071a65"},"headline":"Nouvelle Mercedes AMG SL 63 disponible chez Elite","datePublished":"2023-05-04T09:44:43+00:00","dateModified":"2023-05-04T09:58:03+00:00","mainEntityOfPage":{"@id":"https:\/\/www.eliterent.com\/fr\/new-mercedes-amg-sl-63-available-with-elite\/"},"wordCount":402,"commentCount":0,"publisher":{"@id":"https:\/\/www.eliterent.com\/#organization"},"image":{"@id":"https:\/\/www.eliterent.com\/fr\/new-mercedes-amg-sl-63-available-with-elite\/#primaryimage"},"thumbnailUrl":"https:\/\/www.eliterent.com\/wp-content\/uploads\/2023\/05\/SL_63_Garage.jpg","articleSection":["Non classifi\u00e9(e)"],"inLanguage":"fr-FR","potentialAction":[{"@type":"CommentAction","name":"Comment","target":["https:\/\/www.eliterent.com\/fr\/new-mercedes-amg-sl-63-available-with-elite\/#respond"]}]},{"@type":"WebPage","@id":"https:\/\/www.eliterent.com\/fr\/new-mercedes-amg-sl-63-available-with-elite\/","url":"https:\/\/www.eliterent.com\/fr\/new-mercedes-amg-sl-63-available-with-elite\/","name":"Nouvelle Mercedes AMG SL 63 disponible chez Elite","isPartOf":{"@id":"https:\/\/www.eliterent.com\/#website"},"primaryImageOfPage":{"@id":"https:\/\/www.eliterent.com\/fr\/new-mercedes-amg-sl-63-available-with-elite\/#primaryimage"},"image":{"@id":"https:\/\/www.eliterent.com\/fr\/new-mercedes-amg-sl-63-available-with-elite\/#primaryimage"},"thumbnailUrl":"https:\/\/www.eliterent.com\/wp-content\/uploads\/2023\/05\/SL_63_Garage.jpg","datePublished":"2023-05-04T09:44:43+00:00","dateModified":"2023-05-04T09:58:03+00:00","description":"Nouvelle Mercedes AMG SL 63 disponible chez Elite - Louez la nouvelle SL 63 en Suisse, en France, \u00e0 Monaco, ou en Allemagne.","breadcrumb":{"@id":"https:\/\/www.eliterent.com\/fr\/new-mercedes-amg-sl-63-available-with-elite\/#breadcrumb"},"inLanguage":"fr-FR","potentialAction":[{"@type":"ReadAction","target":["https:\/\/www.eliterent.com\/fr\/new-mercedes-amg-sl-63-available-with-elite\/"]}]},{"@type":"ImageObject","inLanguage":"fr-FR","@id":"https:\/\/www.eliterent.com\/fr\/new-mercedes-amg-sl-63-available-with-elite\/#primaryimage","url":"https:\/\/www.eliterent.com\/wp-content\/uploads\/2023\/05\/SL_63_Garage.jpg","contentUrl":"https:\/\/www.eliterent.com\/wp-content\/uploads\/2023\/05\/SL_63_Garage.jpg","width":1024,"height":768},{"@type":"BreadcrumbList","@id":"https:\/\/www.eliterent.com\/fr\/new-mercedes-amg-sl-63-available-with-elite\/#breadcrumb","itemListElement":[{"@type":"ListItem","position":1,"name":"Home","item":"https:\/\/www.eliterent.com\/fr\/"},{"@type":"ListItem","position":2,"name":"Nouvelle Mercedes AMG SL 63 disponible chez Elite"}]},{"@type":"WebSite","@id":"https:\/\/www.eliterent.com\/#website","url":"https:\/\/www.eliterent.com\/","name":"Elite Rent","description":"Rent a Car","publisher":{"@id":"https:\/\/www.eliterent.com\/#organization"},"potentialAction":[{"@type":"SearchAction","target":{"@type":"EntryPoint","urlTemplate":"https:\/\/www.eliterent.com\/?s={search_term_string}"},"query-input":{"@type":"PropertyValueSpecification","valueRequired":true,"valueName":"search_term_string"}}],"inLanguage":"fr-FR"},{"@type":"Organization","@id":"https:\/\/www.eliterent.com\/#organization","name":"Elite Rent","url":"https:\/\/www.eliterent.com\/","logo":{"@type":"ImageObject","inLanguage":"fr-FR","@id":"https:\/\/www.eliterent.com\/#\/schema\/logo\/image\/","url":"https:\/\/www.eliterent.com\/wp-content\/uploads\/2020\/03\/Elite_Logo_NEW_2023_Final-1.png","contentUrl":"https:\/\/www.eliterent.com\/wp-content\/uploads\/2020\/03\/Elite_Logo_NEW_2023_Final-1.png","width":828,"height":313,"caption":"Elite Rent"},"image":{"@id":"https:\/\/www.eliterent.com\/#\/schema\/logo\/image\/"}},{"@type":"Person","@id":"https:\/\/www.eliterent.com\/#\/schema\/person\/7afdc7b8834b55a1ed893961ab071a65","name":"Anthony Eschler","image":{"@type":"ImageObject","inLanguage":"fr-FR","@id":"https:\/\/secure.gravatar.com\/avatar\/2a38fa365cdc8cfec3d87e394c80abeab0df6f7e4b52eda611492b6df9196c7f?s=96&d=mm&r=g","url":"https:\/\/secure.gravatar.com\/avatar\/2a38fa365cdc8cfec3d87e394c80abeab0df6f7e4b52eda611492b6df9196c7f?s=96&d=mm&r=g","contentUrl":"https:\/\/secure.gravatar.com\/avatar\/2a38fa365cdc8cfec3d87e394c80abeab0df6f7e4b52eda611492b6df9196c7f?s=96&d=mm&r=g","caption":"Anthony Eschler"}}]}},"_links":{"self":[{"href":"https:\/\/www.eliterent.com\/fr\/wp-json\/wp\/v2\/posts\/68910","targetHints":{"allow":["GET"]}}],"collection":[{"href":"https:\/\/www.eliterent.com\/fr\/wp-json\/wp\/v2\/posts"}],"about":[{"href":"https:\/\/www.eliterent.com\/fr\/wp-json\/wp\/v2\/types\/post"}],"author":[{"embeddable":true,"href":"https:\/\/www.eliterent.com\/fr\/wp-json\/wp\/v2\/users\/6"}],"replies":[{"embeddable":true,"href":"https:\/\/www.eliterent.com\/fr\/wp-json\/wp\/v2\/comments?post=68910"}],"version-history":[{"count":0,"href":"https:\/\/www.eliterent.com\/fr\/wp-json\/wp\/v2\/posts\/68910\/revisions"}],"wp:featuredmedia":[{"embeddable":true,"href":"https:\/\/www.eliterent.com\/fr\/wp-json\/wp\/v2\/media\/68906"}],"wp:attachment":[{"href":"https:\/\/www.eliterent.com\/fr\/wp-json\/wp\/v2\/media?parent=68910"}],"wp:term":[{"taxonomy":"category","embeddable":true,"href":"https:\/\/www.eliterent.com\/fr\/wp-json\/wp\/v2\/categories?post=68910"},{"taxonomy":"post_tag","embeddable":true,"href":"https:\/\/www.eliterent.com\/fr\/wp-json\/wp\/v2\/tags?post=68910"}],"curies":[{"name":"wp","href":"https:\/\/api.w.org\/{rel}","templated":true}]}}