{"id":38268,"date":"2021-08-08T09:11:23","date_gmt":"2021-08-08T07:11:23","guid":{"rendered":"https:\/\/dev-elite.online\/message-du-president\/"},"modified":"2022-05-03T11:22:04","modified_gmt":"2022-05-03T09:22:04","slug":"message-du-president","status":"publish","type":"post","link":"https:\/\/www.eliterent.com\/fr\/message-du-president\/","title":{"rendered":"Message de la Fondatrice"},"content":{"rendered":"\r\n<p>\u00ab\u00a0J&rsquo;ai cr\u00e9\u00e9 Elite Rent-a-Car \u00e0 Gen\u00e8ve en 1987 avec un objectif clair : combler le vide dans le secteur de la location de voitures en mettant des voitures de luxe \u00e0 la disposition de clients exceptionnels, et fournir un service personnalis\u00e9 et de haute qualit\u00e9 tout aussi exceptionnel.<\/p>\r\n\r\n\r\n\r\n<p>Je consid\u00e8re que mon r\u00f4le de pr\u00e9sident consiste \u00e0 \u00eatre la principale source de motivation pour prot\u00e9ger et am\u00e9liorer notre image, maintenir nos standards \u00e9lev\u00e9s et garantir des v\u00e9hicules exceptionnels et des concepts innovants pour r\u00e9pondre aux besoins de mobilit\u00e9 en constante \u00e9volution de nos clients.<\/p>\r\n\r\n\r\n\r\n<p>Notre entreprise est fond\u00e9e sur des valeurs fondamentales de service, de qualit\u00e9, de respect, de responsabilit\u00e9 et de disponibilit\u00e9. Ces valeurs refl\u00e8tent notre volont\u00e9 de servir nos clients, notre personnel et notre communaut\u00e9 au plus haut niveau et d&rsquo;adh\u00e9rer \u00e0 des normes exceptionnelles d&rsquo;excellence et de professionnalisme. Je crois que nos pens\u00e9es et attitudes positives sont les facteurs cl\u00e9s qui conduisent \u00e0 des am\u00e9liorations dans notre monde, et que les actions que nous entreprenons sur la base de ces motivations sont ce qui fait la vraie diff\u00e9rence. C&rsquo;est dans cet esprit que je vous adresse un message de remerciement, d&rsquo;espoir, d&rsquo;amiti\u00e9, de tol\u00e9rance et de paix.\u00a0\u00bb<\/p>\r\n\r\n\r\n\r\n<blockquote class=\"wp-block-quote is-layout-flow wp-block-quote-is-layout-flow\">\r\n<p>Graziella Zanolleti &#8211; Chief Inspirational Officer<\/p>\r\n<\/blockquote>\r\n\r\n\r\n\r\n<p>&nbsp;<\/p>\r\n","protected":false},"excerpt":{"rendered":"<p>\u00ab\u00a0Notre entreprise est fond\u00e9e sur des valeurs fondamentales de service, de qualit\u00e9, de respect, de responsabilit\u00e9 et de disponibilit\u00e9. Ces valeurs refl\u00e8tent notre volont\u00e9 de servir nos clients\u00a0\u00bb<\/p>\n","protected":false},"author":22,"featured_media":38574,"comment_status":"open","ping_status":"open","sticky":false,"template":"","format":"standard","meta":{"_acf_changed":false,"site-sidebar-layout":"default","site-content-layout":"plain-container","ast-site-content-layout":"","site-content-style":"default","site-sidebar-style":"default","ast-global-header-display":"","ast-banner-title-visibility":"","ast-main-header-display":"","ast-hfb-above-header-display":"","ast-hfb-below-header-display":"","ast-hfb-mobile-header-display":"","site-post-title":"","ast-breadcrumbs-content":"","ast-featured-img":"","footer-sml-layout":"","theme-transparent-header-meta":"default","adv-header-id-meta":"","stick-header-meta":"","header-above-stick-meta":"","header-main-stick-meta":"","header-below-stick-meta":"","astra-migrate-meta-layouts":"default","ast-page-background-enabled":"default","ast-page-background-meta":{"desktop":{"background-color":"","background-image":"","background-repeat":"repeat","background-position":"center center","background-size":"auto","background-attachment":"scroll","background-type":"","background-media":"","overlay-type":"","overlay-color":"","overlay-opacity":"","overlay-gradient":""},"tablet":{"background-color":"","background-image":"","background-repeat":"repeat","background-position":"center center","background-size":"auto","background-attachment":"scroll","background-type":"","background-media":"","overlay-type":"","overlay-color":"","overlay-opacity":"","overlay-gradient":""},"mobile":{"background-color":"","background-image":"","background-repeat":"repeat","background-position":"center center","background-size":"auto","background-attachment":"scroll","background-type":"","background-media":"","overlay-type":"","overlay-color":"","overlay-opacity":"","overlay-gradient":""}},"ast-content-background-meta":{"desktop":{"background-color":"var(--ast-global-color-5)","background-image":"","background-repeat":"repeat","background-position":"center center","background-size":"auto","background-attachment":"scroll","background-type":"","background-media":"","overlay-type":"","overlay-color":"","overlay-opacity":"","overlay-gradient":""},"tablet":{"background-color":"var(--ast-global-color-5)","background-image":"","background-repeat":"repeat","background-position":"center center","background-size":"auto","background-attachment":"scroll","background-type":"","background-media":"","overlay-type":"","overlay-color":"","overlay-opacity":"","overlay-gradient":""},"mobile":{"background-color":"var(--ast-global-color-5)","background-image":"","background-repeat":"repeat","background-position":"center center","background-size":"auto","background-attachment":"scroll","background-type":"","background-media":"","overlay-type":"","overlay-color":"","overlay-opacity":"","overlay-gradient":""}},"footnotes":""},"categories":[1517,1516],"tags":[],"class_list":["post-38268","post","type-post","status-publish","format-standard","has-post-thumbnail","hentry","category-bienvenue-a","category-contenu-du-site"],"acf":[],"yoast_head":"<!-- This site is optimized with the Yoast SEO plugin v27.4 - https:\/\/yoast.com\/product\/yoast-seo-wordpress\/ -->\n<title>Elite Rent - Message de la Fondatrice<\/title>\n<meta name=\"description\" content=\"Elite Rent - Message de la Fondatrice\" \/>\n<meta name=\"robots\" content=\"index, follow, max-snippet:-1, max-image-preview:large, max-video-preview:-1\" \/>\n<link rel=\"canonical\" href=\"https:\/\/www.eliterent.com\/fr\/message-du-president\/\" \/>\n<meta property=\"og:locale\" content=\"fr_FR\" \/>\n<meta property=\"og:type\" content=\"article\" \/>\n<meta property=\"og:title\" content=\"Elite Rent - Message de la Fondatrice\" \/>\n<meta property=\"og:description\" content=\"Elite Rent - Message de la Fondatrice\" \/>\n<meta property=\"og:url\" content=\"https:\/\/www.eliterent.com\/fr\/message-du-president\/\" \/>\n<meta property=\"og:site_name\" content=\"Elite Rent\" \/>\n<meta property=\"article:published_time\" content=\"2021-08-08T07:11:23+00:00\" \/>\n<meta property=\"article:modified_time\" content=\"2022-05-03T09:22:04+00:00\" \/>\n<meta property=\"og:image\" content=\"https:\/\/www.eliterent.com\/wp-content\/uploads\/2021\/09\/president-elite-rent-geneva.jpg\" \/>\n\t<meta property=\"og:image:width\" content=\"959\" \/>\n\t<meta property=\"og:image:height\" content=\"731\" \/>\n\t<meta property=\"og:image:type\" content=\"image\/jpeg\" \/>\n<meta name=\"author\" content=\"Fabien Spiroux\" \/>\n<meta name=\"twitter:card\" content=\"summary_large_image\" \/>\n<script type=\"application\/ld+json\" class=\"yoast-schema-graph\">{\"@context\":\"https:\\\/\\\/schema.org\",\"@graph\":[{\"@type\":\"Article\",\"@id\":\"https:\\\/\\\/www.eliterent.com\\\/fr\\\/message-du-president\\\/#article\",\"isPartOf\":{\"@id\":\"https:\\\/\\\/www.eliterent.com\\\/fr\\\/message-du-president\\\/\"},\"author\":{\"name\":\"Fabien Spiroux\",\"@id\":\"https:\\\/\\\/www.eliterent.com\\\/#\\\/schema\\\/person\\\/591a57e5521d8f1a5a7aa40698592630\"},\"headline\":\"Message de la Fondatrice\",\"datePublished\":\"2021-08-08T07:11:23+00:00\",\"dateModified\":\"2022-05-03T09:22:04+00:00\",\"mainEntityOfPage\":{\"@id\":\"https:\\\/\\\/www.eliterent.com\\\/fr\\\/message-du-president\\\/\"},\"wordCount\":227,\"commentCount\":0,\"publisher\":{\"@id\":\"https:\\\/\\\/www.eliterent.com\\\/#organization\"},\"image\":{\"@id\":\"https:\\\/\\\/www.eliterent.com\\\/fr\\\/message-du-president\\\/#primaryimage\"},\"thumbnailUrl\":\"https:\\\/\\\/www.eliterent.com\\\/wp-content\\\/uploads\\\/2021\\\/09\\\/president-elite-rent-geneva.jpg\",\"articleSection\":[\"bienvenue \u00e0\",\"Contenu du site\"],\"inLanguage\":\"fr-FR\",\"potentialAction\":[{\"@type\":\"CommentAction\",\"name\":\"Comment\",\"target\":[\"https:\\\/\\\/www.eliterent.com\\\/fr\\\/message-du-president\\\/#respond\"]}]},{\"@type\":\"WebPage\",\"@id\":\"https:\\\/\\\/www.eliterent.com\\\/fr\\\/message-du-president\\\/\",\"url\":\"https:\\\/\\\/www.eliterent.com\\\/fr\\\/message-du-president\\\/\",\"name\":\"Elite Rent - Message de la Fondatrice\",\"isPartOf\":{\"@id\":\"https:\\\/\\\/www.eliterent.com\\\/#website\"},\"primaryImageOfPage\":{\"@id\":\"https:\\\/\\\/www.eliterent.com\\\/fr\\\/message-du-president\\\/#primaryimage\"},\"image\":{\"@id\":\"https:\\\/\\\/www.eliterent.com\\\/fr\\\/message-du-president\\\/#primaryimage\"},\"thumbnailUrl\":\"https:\\\/\\\/www.eliterent.com\\\/wp-content\\\/uploads\\\/2021\\\/09\\\/president-elite-rent-geneva.jpg\",\"datePublished\":\"2021-08-08T07:11:23+00:00\",\"dateModified\":\"2022-05-03T09:22:04+00:00\",\"description\":\"Elite Rent - Message de la Fondatrice\",\"breadcrumb\":{\"@id\":\"https:\\\/\\\/www.eliterent.com\\\/fr\\\/message-du-president\\\/#breadcrumb\"},\"inLanguage\":\"fr-FR\",\"potentialAction\":[{\"@type\":\"ReadAction\",\"target\":[\"https:\\\/\\\/www.eliterent.com\\\/fr\\\/message-du-president\\\/\"]}]},{\"@type\":\"ImageObject\",\"inLanguage\":\"fr-FR\",\"@id\":\"https:\\\/\\\/www.eliterent.com\\\/fr\\\/message-du-president\\\/#primaryimage\",\"url\":\"https:\\\/\\\/www.eliterent.com\\\/wp-content\\\/uploads\\\/2021\\\/09\\\/president-elite-rent-geneva.jpg\",\"contentUrl\":\"https:\\\/\\\/www.eliterent.com\\\/wp-content\\\/uploads\\\/2021\\\/09\\\/president-elite-rent-geneva.jpg\",\"width\":959,\"height\":731},{\"@type\":\"BreadcrumbList\",\"@id\":\"https:\\\/\\\/www.eliterent.com\\\/fr\\\/message-du-president\\\/#breadcrumb\",\"itemListElement\":[{\"@type\":\"ListItem\",\"position\":1,\"name\":\"Home\",\"item\":\"https:\\\/\\\/www.eliterent.com\\\/fr\\\/\"},{\"@type\":\"ListItem\",\"position\":2,\"name\":\"Message de la Fondatrice\"}]},{\"@type\":\"WebSite\",\"@id\":\"https:\\\/\\\/www.eliterent.com\\\/#website\",\"url\":\"https:\\\/\\\/www.eliterent.com\\\/\",\"name\":\"Elite Rent\",\"description\":\"Rent a Car\",\"publisher\":{\"@id\":\"https:\\\/\\\/www.eliterent.com\\\/#organization\"},\"potentialAction\":[{\"@type\":\"SearchAction\",\"target\":{\"@type\":\"EntryPoint\",\"urlTemplate\":\"https:\\\/\\\/www.eliterent.com\\\/?s={search_term_string}\"},\"query-input\":{\"@type\":\"PropertyValueSpecification\",\"valueRequired\":true,\"valueName\":\"search_term_string\"}}],\"inLanguage\":\"fr-FR\"},{\"@type\":\"Organization\",\"@id\":\"https:\\\/\\\/www.eliterent.com\\\/#organization\",\"name\":\"Elite Rent\",\"url\":\"https:\\\/\\\/www.eliterent.com\\\/\",\"logo\":{\"@type\":\"ImageObject\",\"inLanguage\":\"fr-FR\",\"@id\":\"https:\\\/\\\/www.eliterent.com\\\/#\\\/schema\\\/logo\\\/image\\\/\",\"url\":\"https:\\\/\\\/www.eliterent.com\\\/wp-content\\\/uploads\\\/2020\\\/03\\\/Elite_Logo_NEW_2023_Final-1.png\",\"contentUrl\":\"https:\\\/\\\/www.eliterent.com\\\/wp-content\\\/uploads\\\/2020\\\/03\\\/Elite_Logo_NEW_2023_Final-1.png\",\"width\":828,\"height\":313,\"caption\":\"Elite Rent\"},\"image\":{\"@id\":\"https:\\\/\\\/www.eliterent.com\\\/#\\\/schema\\\/logo\\\/image\\\/\"}},{\"@type\":\"Person\",\"@id\":\"https:\\\/\\\/www.eliterent.com\\\/#\\\/schema\\\/person\\\/591a57e5521d8f1a5a7aa40698592630\",\"name\":\"Fabien Spiroux\",\"image\":{\"@type\":\"ImageObject\",\"inLanguage\":\"fr-FR\",\"@id\":\"https:\\\/\\\/secure.gravatar.com\\\/avatar\\\/ad40444fdd7d2aaf0bba1fa4e566b97d66c748e81a13687d4e6da3e26e57fe24?s=96&d=mm&r=g\",\"url\":\"https:\\\/\\\/secure.gravatar.com\\\/avatar\\\/ad40444fdd7d2aaf0bba1fa4e566b97d66c748e81a13687d4e6da3e26e57fe24?s=96&d=mm&r=g\",\"contentUrl\":\"https:\\\/\\\/secure.gravatar.com\\\/avatar\\\/ad40444fdd7d2aaf0bba1fa4e566b97d66c748e81a13687d4e6da3e26e57fe24?s=96&d=mm&r=g\",\"caption\":\"Fabien Spiroux\"}}]}<\/script>\n<!-- \/ Yoast SEO plugin. -->","yoast_head_json":{"title":"Elite Rent - Message de la Fondatrice","description":"Elite Rent - Message de la Fondatrice","robots":{"index":"index","follow":"follow","max-snippet":"max-snippet:-1","max-image-preview":"max-image-preview:large","max-video-preview":"max-video-preview:-1"},"canonical":"https:\/\/www.eliterent.com\/fr\/message-du-president\/","og_locale":"fr_FR","og_type":"article","og_title":"Elite Rent - Message de la Fondatrice","og_description":"Elite Rent - Message de la Fondatrice","og_url":"https:\/\/www.eliterent.com\/fr\/message-du-president\/","og_site_name":"Elite Rent","article_published_time":"2021-08-08T07:11:23+00:00","article_modified_time":"2022-05-03T09:22:04+00:00","og_image":[{"width":959,"height":731,"url":"https:\/\/www.eliterent.com\/wp-content\/uploads\/2021\/09\/president-elite-rent-geneva.jpg","type":"image\/jpeg"}],"author":"Fabien Spiroux","twitter_card":"summary_large_image","schema":{"@context":"https:\/\/schema.org","@graph":[{"@type":"Article","@id":"https:\/\/www.eliterent.com\/fr\/message-du-president\/#article","isPartOf":{"@id":"https:\/\/www.eliterent.com\/fr\/message-du-president\/"},"author":{"name":"Fabien Spiroux","@id":"https:\/\/www.eliterent.com\/#\/schema\/person\/591a57e5521d8f1a5a7aa40698592630"},"headline":"Message de la Fondatrice","datePublished":"2021-08-08T07:11:23+00:00","dateModified":"2022-05-03T09:22:04+00:00","mainEntityOfPage":{"@id":"https:\/\/www.eliterent.com\/fr\/message-du-president\/"},"wordCount":227,"commentCount":0,"publisher":{"@id":"https:\/\/www.eliterent.com\/#organization"},"image":{"@id":"https:\/\/www.eliterent.com\/fr\/message-du-president\/#primaryimage"},"thumbnailUrl":"https:\/\/www.eliterent.com\/wp-content\/uploads\/2021\/09\/president-elite-rent-geneva.jpg","articleSection":["bienvenue \u00e0","Contenu du site"],"inLanguage":"fr-FR","potentialAction":[{"@type":"CommentAction","name":"Comment","target":["https:\/\/www.eliterent.com\/fr\/message-du-president\/#respond"]}]},{"@type":"WebPage","@id":"https:\/\/www.eliterent.com\/fr\/message-du-president\/","url":"https:\/\/www.eliterent.com\/fr\/message-du-president\/","name":"Elite Rent - Message de la Fondatrice","isPartOf":{"@id":"https:\/\/www.eliterent.com\/#website"},"primaryImageOfPage":{"@id":"https:\/\/www.eliterent.com\/fr\/message-du-president\/#primaryimage"},"image":{"@id":"https:\/\/www.eliterent.com\/fr\/message-du-president\/#primaryimage"},"thumbnailUrl":"https:\/\/www.eliterent.com\/wp-content\/uploads\/2021\/09\/president-elite-rent-geneva.jpg","datePublished":"2021-08-08T07:11:23+00:00","dateModified":"2022-05-03T09:22:04+00:00","description":"Elite Rent - Message de la Fondatrice","breadcrumb":{"@id":"https:\/\/www.eliterent.com\/fr\/message-du-president\/#breadcrumb"},"inLanguage":"fr-FR","potentialAction":[{"@type":"ReadAction","target":["https:\/\/www.eliterent.com\/fr\/message-du-president\/"]}]},{"@type":"ImageObject","inLanguage":"fr-FR","@id":"https:\/\/www.eliterent.com\/fr\/message-du-president\/#primaryimage","url":"https:\/\/www.eliterent.com\/wp-content\/uploads\/2021\/09\/president-elite-rent-geneva.jpg","contentUrl":"https:\/\/www.eliterent.com\/wp-content\/uploads\/2021\/09\/president-elite-rent-geneva.jpg","width":959,"height":731},{"@type":"BreadcrumbList","@id":"https:\/\/www.eliterent.com\/fr\/message-du-president\/#breadcrumb","itemListElement":[{"@type":"ListItem","position":1,"name":"Home","item":"https:\/\/www.eliterent.com\/fr\/"},{"@type":"ListItem","position":2,"name":"Message de la Fondatrice"}]},{"@type":"WebSite","@id":"https:\/\/www.eliterent.com\/#website","url":"https:\/\/www.eliterent.com\/","name":"Elite Rent","description":"Rent a Car","publisher":{"@id":"https:\/\/www.eliterent.com\/#organization"},"potentialAction":[{"@type":"SearchAction","target":{"@type":"EntryPoint","urlTemplate":"https:\/\/www.eliterent.com\/?s={search_term_string}"},"query-input":{"@type":"PropertyValueSpecification","valueRequired":true,"valueName":"search_term_string"}}],"inLanguage":"fr-FR"},{"@type":"Organization","@id":"https:\/\/www.eliterent.com\/#organization","name":"Elite Rent","url":"https:\/\/www.eliterent.com\/","logo":{"@type":"ImageObject","inLanguage":"fr-FR","@id":"https:\/\/www.eliterent.com\/#\/schema\/logo\/image\/","url":"https:\/\/www.eliterent.com\/wp-content\/uploads\/2020\/03\/Elite_Logo_NEW_2023_Final-1.png","contentUrl":"https:\/\/www.eliterent.com\/wp-content\/uploads\/2020\/03\/Elite_Logo_NEW_2023_Final-1.png","width":828,"height":313,"caption":"Elite Rent"},"image":{"@id":"https:\/\/www.eliterent.com\/#\/schema\/logo\/image\/"}},{"@type":"Person","@id":"https:\/\/www.eliterent.com\/#\/schema\/person\/591a57e5521d8f1a5a7aa40698592630","name":"Fabien Spiroux","image":{"@type":"ImageObject","inLanguage":"fr-FR","@id":"https:\/\/secure.gravatar.com\/avatar\/ad40444fdd7d2aaf0bba1fa4e566b97d66c748e81a13687d4e6da3e26e57fe24?s=96&d=mm&r=g","url":"https:\/\/secure.gravatar.com\/avatar\/ad40444fdd7d2aaf0bba1fa4e566b97d66c748e81a13687d4e6da3e26e57fe24?s=96&d=mm&r=g","contentUrl":"https:\/\/secure.gravatar.com\/avatar\/ad40444fdd7d2aaf0bba1fa4e566b97d66c748e81a13687d4e6da3e26e57fe24?s=96&d=mm&r=g","caption":"Fabien Spiroux"}}]}},"_links":{"self":[{"href":"https:\/\/www.eliterent.com\/fr\/wp-json\/wp\/v2\/posts\/38268","targetHints":{"allow":["GET"]}}],"collection":[{"href":"https:\/\/www.eliterent.com\/fr\/wp-json\/wp\/v2\/posts"}],"about":[{"href":"https:\/\/www.eliterent.com\/fr\/wp-json\/wp\/v2\/types\/post"}],"author":[{"embeddable":true,"href":"https:\/\/www.eliterent.com\/fr\/wp-json\/wp\/v2\/users\/22"}],"replies":[{"embeddable":true,"href":"https:\/\/www.eliterent.com\/fr\/wp-json\/wp\/v2\/comments?post=38268"}],"version-history":[{"count":0,"href":"https:\/\/www.eliterent.com\/fr\/wp-json\/wp\/v2\/posts\/38268\/revisions"}],"wp:featuredmedia":[{"embeddable":true,"href":"https:\/\/www.eliterent.com\/fr\/wp-json\/wp\/v2\/media\/38574"}],"wp:attachment":[{"href":"https:\/\/www.eliterent.com\/fr\/wp-json\/wp\/v2\/media?parent=38268"}],"wp:term":[{"taxonomy":"category","embeddable":true,"href":"https:\/\/www.eliterent.com\/fr\/wp-json\/wp\/v2\/categories?post=38268"},{"taxonomy":"post_tag","embeddable":true,"href":"https:\/\/www.eliterent.com\/fr\/wp-json\/wp\/v2\/tags?post=38268"}],"curies":[{"name":"wp","href":"https:\/\/api.w.org\/{rel}","templated":true}]}}